{"id":33415,"date":"2011-05-23T21:20:31","date_gmt":"2011-05-23T18:20:31","guid":{"rendered":"http:\/\/www.korhanyilmaz.com\/?p=33415"},"modified":"2011-05-23T21:20:31","modified_gmt":"2011-05-23T18:20:31","slug":"yine-uyardi-akplilerin-de-kasedi-var","status":"publish","type":"post","link":"http:\/\/www.korhanyilmaz.com\/?p=33415","title":{"rendered":"Yine uyard\u0131: AKP&#8217;lilerin de kasedi var"},"content":{"rendered":"<p style=\"text-align: justify;\"><a href=\"http:\/\/www.korhanyilmaz.com\/wp-content\/uploads\/2011\/05\/316.jpg\"  class=\"lightview\"><img loading=\"lazy\" decoding=\"async\" class=\"aligncenter size-full wp-image-33416\" title=\"\" src=\"http:\/\/www.korhanyilmaz.com\/wp-content\/uploads\/2011\/05\/316.jpg\" alt=\"\" width=\"298\" height=\"172\" \/><\/a><\/p>\n<p style=\"text-align: justify;\">Yakla\u015f\u0131k 4 ay \u00f6nce, siyaset arenas\u0131ndaki olas\u0131 kasetlere dikkat \u00e7eken, 3 bin ki\u015filik bir listeden bahseden ve iddias\u0131 MHP olay\u0131yla ger\u00e7ekle\u015fen CHP\u2019li \u00c7etin Soysal yine uyard\u0131 ve siyasilere birlikte m\u00fccadele etme \u00e7a\u011fr\u0131s\u0131 yapt\u0131.<!--more--><\/p>\n<p style=\"text-align: justify;\">Yakla\u015f\u0131k 1 sene \u00f6nce Deniz Baykal\u2019\u0131n istifas\u0131na neden olan \u2018kaset\u2019 sonras\u0131, 16 ve 21 \u015eubat tarihlerinde CHP Milletvekili \u00c7etin Soysal\u2019dan uyar\u0131 gelmi\u015fti.<\/p>\n<p style=\"text-align: justify;\">D\u00fczenledi\u011fi iki bas\u0131n toplant\u0131s\u0131nda, dinlenen ve takip edilen ki\u015filerin olu\u015fturdu\u011fu 3 bin ki\u015filik bir liste bulundu\u011funu belirten Soysal, bunlar\u0131n aras\u0131nda CHP Genel Ba\u015fkan\u0131 Kemal K\u0131l\u0131\u00e7daro\u011flu, MHP&#8217;li Oktay Vural gibi siyasilerin yan\u0131nda ba\u015fka siyaset\u00e7iler, yarg\u0131 mensuplar\u0131, emniyet g\u00f6revlileri, gazeteciler ve akademisyenlerin oldu\u011funu s\u00f6ylemi\u015fti.<\/p>\n<p style=\"text-align: justify;\">Bug\u00fcn NTV Ana Haber\u2019e konuk olan ve kontrol d\u0131\u015f\u0131 bir organizasyondan bahseden Soysal, \u2018listede kimler var, s\u0131radaki kim ve ama\u00e7 ne?\u2019 sorular\u0131na yan\u0131t verirken, baz\u0131 AKP\u2019lilerin de kasetleri oldu\u011funu belirterek, &#8220;MHP ad\u0131na konu\u015ftuk ve g\u00f6r\u00fcld\u00fc. Siyaseti \u015fekillendirme ama\u00e7lan\u0131yor. Liderler biraraya gelmeli ve bu i\u015fin \u00f6n\u00fcne ge\u00e7ilmeli&#8221; \u015feklinde konu\u015ftu.<\/p>\n<p style=\"text-align: justify;\"><em><span style=\"text-decoration: underline;\">Soysal\u2019\u0131n a\u00e7\u0131klamalar\u0131ndan alt\u0131 \u00e7izilmesi gereken noktalar \u015funlar:<\/span><\/em><\/p>\n<p style=\"text-align: justify;\"><strong>\u2014 MHP&#8217;den istifa edenler, sizin o listede g\u00f6rd\u00fc\u011f\u00fcn\u00fcz ki\u015filer miydi?<\/strong><\/p>\n<p style=\"text-align: justify;\">Kendileriyle de konu\u015fmu\u015ftum, \u00e7ok a\u00e7\u0131k net \u015fekilde ifade ettim.<\/p>\n<p style=\"text-align: justify;\">D\u00fczenledi\u011fim bas\u0131n toplant\u0131lar\u0131nda ba\u015fta eski genel ba\u015fkan\u0131m\u0131z\u0131 olmak, MHP\u2019nin CHP\u2019nin ve di\u011fer siyasi partilerin t\u00fcm y\u00f6neticilerine, yarg\u0131 mensuplar\u0131na, emniyet \u00fcst d\u00fczey y\u00f6neticilerine dikkat \u00e7ekmi\u015ftim.<\/p>\n<p style=\"text-align: justify;\">Dinleme de\u011fil teknik takip oldu\u011funu s\u00f6yledim. Ortam dinlemesi yap\u0131lmakta ve \u00e7eteleleri tutulmakta. \u0130htiya\u00e7 halinde kullan\u0131lmak \u00fczere bir kenar\u0131da tutuluyor. Bunlara dikkat \u00e7ekmeye \u00e7al\u0131\u015ft\u0131m ve \u00f6yle bir noktaya geldik ki bunlar ola\u011fan kar\u015f\u0131lan\u0131r oldu, bu daha da vahim.<\/p>\n<p style=\"text-align: justify;\"><strong>\u2014 Nas\u0131l bir liste bu, MHP y\u00f6neticileri isim isim mi var?<\/strong><\/p>\n<p style=\"text-align: justify;\">\u0130sim isim de var ama T\u00fcrkiye\u2019nin kanaat \u00f6nderleri, \u00f6nemli siyaset adamlar\u0131 belli. Sadece CHP ve MHP\u2019lilerin de\u011fil AKP i\u00e7inde de bir\u00e7ok bakan\u0131n dinlendi\u011fini ve teknik takipte oldu\u011funu belirtmi\u015ftim. Daha sonra da d\u00f6nemin adalet ve i\u00e7i\u015fleri bakanlar\u0131 ile AKP Genel Ba\u015fkan Yard\u0131mc\u0131s\u0131\u2019n\u0131n ortam dinlemesine tak\u0131ld\u0131\u011f\u0131 ortaya \u00e7\u0131kt\u0131.<\/p>\n<p style=\"text-align: justify;\"><strong>\u2014 Burada farkl\u0131 bir durum var, evlerin i\u00e7inde kameralar var?<\/strong><\/p>\n<p style=\"text-align: justify;\">Bu kameralar\u0131n d\u0131\u015f\u0131nda ortam dinlemeleri, teknik takip cihaz\u0131 var. Bunlardan emniyet 2005\u2019te 15 tane ald\u0131. Uzun s\u00fcre envantere kaydolmad\u0131 ve bizim itirazlar\u0131m\u0131z \u00fczerine ge\u00e7en sene envantere girdi. Bunlar\u0131 kimin ald\u0131\u011f\u0131 belli, yapanlar belli.<\/p>\n<p style=\"text-align: justify;\"><strong>\u2014 Kim yap\u0131yor?<\/strong><\/p>\n<p style=\"text-align: justify;\">\u00c7ok profesyonelce yap\u0131l\u0131yor. O kadar profesyonel ki bunu son kasetler de bunu g\u00f6steriyor. Kontrol d\u0131\u015f\u0131 organize g\u00fc\u00e7 var ve i\u00e7i\u015fleri eski bakan\u0131n bilgisi oldu\u011funu biliyorum. Gere\u011fini yapaca\u011f\u0131n\u0131 s\u00f6ylemesine ra\u011fmen yap\u0131lmad\u0131.<\/p>\n<p style=\"text-align: justify;\"><strong>\u2014 Kim bunlar?<\/strong><\/p>\n<p style=\"text-align: justify;\">Bulmak o kadar zor de\u011fil, bu bir kontrols\u00fcz g\u00fc\u00e7. Bu g\u00fc\u00e7 emniyet i\u00e7inde oldu\u011fu gibi d\u0131\u015f\u0131nda da var. G\u00fcvenlik \u015firketleri i\u00e7inde bu cihazlar\u0131 kimlerin temin etti\u011fi belli. Bulmak g\u00fc\u00e7 bir \u015fey de\u011fil. Bunun i\u00e7in duyarl\u0131 olmak, gere\u011fini yapmak laz\u0131m ama savsaklan\u0131yor ve kenar\u0131ya itiliyor.<\/p>\n<p style=\"text-align: justify;\"><strong>\u2014 Elimde 3 bin ki\u015filk liste var demi\u015ftiniz, Meclis\u2019te g\u00fcndeme gelmedi, savc\u0131l\u0131ktan \u00e7a\u011fr\u0131 var m\u0131?<\/strong><\/p>\n<p style=\"text-align: justify;\">Hay\u0131r olmad\u0131. Bana bu bilgiler \u00e7ok \u00f6nce geldi ve uzun s\u00fcre kendimde tuttum. Bunlar\u0131 iyi bilen gazeteci arkada\u015flar da var. Bunun gere\u011fini h\u00fck\u00fcmetin yapmas\u0131 gerekiyor.<\/p>\n<p style=\"text-align: justify;\"><strong>\u2014 H\u00fck\u00fcmete ra\u011fmen bir operasyon mu diyorsunuz?<\/strong><\/p>\n<p style=\"text-align: justify;\">Ba\u015fbakan\u2019\u0131n talimat\u0131yla oldu\u011funu sanm\u0131yorum. Organize g\u00fc\u00e7 var ve ihtiya\u00e7 halinde kullanmak \u00fczere bunlar\u0131 ellerinde tutuyorlar. Bana da bilgiler geliyor. Kullanmam i\u00e7in belgeler, belden a\u015fa\u011f\u0131 belgeler geliyor. Kullanmayaca\u011f\u0131m\u0131z\u0131 ifade ettik. Kamuoyunda d\u00fc\u015f\u00fck d\u00fc\u015f\u00fcr\u00fcc\u00fc, itibar zedeleyici kasetler geldi, izledim ve tepki g\u00f6sterdim. Kullan\u0131lmamas\u0131 gerekti\u011fini s\u00f6yledim.<\/p>\n<p style=\"text-align: justify;\"><strong>\u2014Kime ait kasetlerdi?<\/strong><\/p>\n<p style=\"text-align: justify;\">AKP i\u00e7inde siyaset yapan ki\u015filere ait kasetler var. Bunlar\u0131 da servis ediyorlar. Toplum bu konuda Ba\u015fbakan\u2019\u0131n duyarl\u0131 olmas\u0131n\u0131 istiyor, liderlerin biraraya gelip i\u015fi \u00e7\u00f6zmeleri gerekir. Bu i\u015fin sonu s\u0131k\u0131nt\u0131l\u0131 ve sanc\u0131l\u0131 olacak, demokrasi zedelenecektir.<\/p>\n<p style=\"text-align: justify;\">H\u00fck\u00fcmet ad\u0131m atm\u0131yor ama s\u0131ra ona geliyor. Bu demokrasi, hukuk, \u00f6zg\u00fcrl\u00fckler a\u00e7\u0131s\u0131ndan bir uyar\u0131d\u0131r. Bunun gere\u011fini yapmal\u0131y\u0131z, bu ad\u0131m\u0131 atmamak i\u015fe ortak olmak demektir.<\/p>\n<p style=\"text-align: justify;\"><strong>\u2014 S\u0131rada kimler var?<\/strong><\/p>\n<p style=\"text-align: justify;\">MHP\u2019li y\u00f6neticilerle ilgili kaset oldu\u011funu s\u00f6yledik, ihtiya\u00e7 halinde kullan\u0131laca\u011f\u0131n\u0131 belirttik ve \u00f6yle de oldu.<\/p>\n<p style=\"text-align: justify;\">S\u0131rada CHP\u2019li y\u00f6neticiler, AKP i\u00e7inden bakan olma durumu bulunan ve diskalifiye edilmek istenen ki\u015filer, gazeteciler, i\u015f adamlar\u0131, yarg\u0131 mensuplar\u0131 olabilir. \u0130\u015fin \u00f6n\u00fcne ge\u00e7ilmezse demokrasi ad\u0131na utan\u00e7 verici bir durumla kar\u015f\u0131 kar\u015f\u0131ya kalaca\u011f\u0131m\u0131z\u0131 g\u00f6r\u00fcyorum.<\/p>\n<p style=\"text-align: justify;\">[flv width=&#8221;450&#8243; height=&#8221;368&#8243;]http:\/\/ntvmsnbc-video.mncdn.net\/FlvFiles\/0000029376.flv[\/flv]<\/p>\n<p style=\"text-align: justify;\"><a href=\"http:\/\/www.ntvmsnbc.com\/id\/25216029\/\" target=\"_blank\">Kaynak : NTVMSNBC<\/a><\/p>\n","protected":false},"excerpt":{"rendered":"<p style=\"text-align: justify;\">\n<p style=\"text-align: justify;\">Yakla\u015f\u0131k 4 ay \u00f6nce, siyaset arenas\u0131ndaki olas\u0131 kasetlere dikkat \u00e7eken, 3 bin ki\u015filik bir listeden bahseden ve iddias\u0131 MHP olay\u0131yla ger\u00e7ekle\u015fen CHP\u2019li \u00c7etin Soysal yine uyard\u0131 ve siyasilere birlikte m\u00fccadele etme \u00e7a\u011fr\u0131s\u0131 yapt\u0131.<\/p>\n","protected":false},"author":1,"featured_media":0,"comment_status":"open","ping_status":"closed","sticky":false,"template":"","format":"standard","meta":{"footnotes":""},"categories":[105],"tags":[],"class_list":["post-33415","post","type-post","status-publish","format-standard","hentry","category-gundem","odd"],"_links":{"self":[{"href":"http:\/\/www.korhanyilmaz.com\/index.php?rest_route=\/wp\/v2\/posts\/33415","targetHints":{"allow":["GET"]}}],"collection":[{"href":"http:\/\/www.korhanyilmaz.com\/index.php?rest_route=\/wp\/v2\/posts"}],"about":[{"href":"http:\/\/www.korhanyilmaz.com\/index.php?rest_route=\/wp\/v2\/types\/post"}],"author":[{"embeddable":true,"href":"http:\/\/www.korhanyilmaz.com\/index.php?rest_route=\/wp\/v2\/users\/1"}],"replies":[{"embeddable":true,"href":"http:\/\/www.korhanyilmaz.com\/index.php?rest_route=%2Fwp%2Fv2%2Fcomments&post=33415"}],"version-history":[{"count":0,"href":"http:\/\/www.korhanyilmaz.com\/index.php?rest_route=\/wp\/v2\/posts\/33415\/revisions"}],"wp:attachment":[{"href":"http:\/\/www.korhanyilmaz.com\/index.php?rest_route=%2Fwp%2Fv2%2Fmedia&parent=33415"}],"wp:term":[{"taxonomy":"category","embeddable":true,"href":"http:\/\/www.korhanyilmaz.com\/index.php?rest_route=%2Fwp%2Fv2%2Fcategories&post=33415"},{"taxonomy":"post_tag","embeddable":true,"href":"http:\/\/www.korhanyilmaz.com\/index.php?rest_route=%2Fwp%2Fv2%2Ftags&post=33415"}],"curies":[{"name":"wp","href":"https:\/\/api.w.org\/{rel}","templated":true}]}}