{"id":33401,"date":"2011-05-24T07:20:03","date_gmt":"2011-05-24T04:20:03","guid":{"rendered":"http:\/\/www.korhanyilmaz.com\/?p=33401"},"modified":"2011-05-24T07:20:03","modified_gmt":"2011-05-24T04:20:03","slug":"ic-savas-cikar-darbe-olur-erdogan-imraliya-hapsedilir","status":"publish","type":"post","link":"http:\/\/www.korhanyilmaz.com\/?p=33401","title":{"rendered":"&#8216;\u0130\u00e7 sava\u015f \u00e7\u0131kar, darbe olur, Erdo\u011fan \u0130mral\u0131&#8217;ya hapsedilir&#8217;"},"content":{"rendered":"<p style=\"text-align: justify;\"><a href=\"http:\/\/www.korhanyilmaz.com\/wp-content\/uploads\/2011\/05\/313.jpg\"  class=\"lightview\"><img loading=\"lazy\" decoding=\"async\" class=\"aligncenter size-full wp-image-33402\" src=\"http:\/\/www.korhanyilmaz.com\/wp-content\/uploads\/2011\/05\/313.jpg\" alt=\"\" width=\"320\" height=\"212\" \/><\/a><\/p>\n<p style=\"text-align: justify;\">\u00d6calan ile g\u00f6r\u00fc\u015fmesini Radikal&#8217;e anlatan Mahmut Al\u0131nak, &#8216;i\u00e7 sava\u015f \u00e7\u0131kmas\u0131ndan&#8217; duydu\u011fu endi\u015feyi ve heyetlerle yap\u0131lan g\u00f6r\u00fc\u015fmelerden duydu\u011fu \u00fcmidi ifade etti\u011fini s\u00f6yledi.<!--more--><\/p>\n<p style=\"text-align: justify;\">\u2018Gen\u00e7ler \u00d6lmesin, Ocaklar S\u00f6nmesin Giri\u015fimi\u2019 ad\u0131na \u0130mral\u0131 Cezaevi\u2019ne giderek Abdullah \u00d6calan ile g\u00f6r\u00fc\u015fen Mahmut Al\u0131nak karamsar. \u00d6calan\u2019la g\u00f6r\u00fc\u015fmesinin kendisini \u00e7ok kayg\u0131land\u0131rd\u0131\u011f\u0131n\u0131 s\u00f6yleyen Al\u0131nak, \u201cSe\u00e7imden sonra korkun\u00e7 bir i\u00e7 sava\u015f ba\u015flayacak. B\u00f6yle bir durumda bir i\u00e7 m\u00fcdahale olmas\u0131ndan endi\u015fe ediyorum. O zaman Ba\u015fbakan Yass\u0131ada ya da \u0130mral\u0131\u2019ya hapsedilebilir\u201d dedi.<\/p>\n<p style=\"text-align: justify;\"><strong>Felaket tablosu<\/strong><\/p>\n<p style=\"text-align: justify;\">\u00d6calan ile g\u00f6r\u00fc\u015fmesini Radikal\u2019e anlatan Al\u0131nak \u00d6calan\u2019\u0131n kendilerine, \u2018i\u00e7 sava\u015f \u00e7\u0131kmas\u0131ndan\u2019 duydu\u011fu endi\u015feyi ve heyetlerle yap\u0131lan g\u00f6r\u00fc\u015fmelerden duydu\u011fu \u00fcmidi ifade etti\u011fini s\u00f6yledi. Al\u0131nak, \u201cBen g\u00f6r\u00fc\u015fmelerden sonu\u00e7 \u00e7\u0131kmayaca\u011f\u0131n\u0131 d\u00fc\u015f\u00fcn\u00fcyorum. Bence bu g\u00f6r\u00fc\u015fmeler bir mutabakat sa\u011flanmadan sonu\u00e7lanacak. B\u00f6yle olunca se\u00e7imden sonra korkun\u00e7 bir i\u00e7 sava\u015f ba\u015flayacak. Neredeyse t\u00fcm il ve il\u00e7elerde halk birbirine girecek, evlere bask\u0131nlar d\u00fczenlenecek, devlet kurumlar\u0131 ve medya merkezleri bombalanacak, i\u00e7eridekiler katledilecek, yollar kesilecek, medyatik ki\u015filere kar\u015f\u0131 suikastlar yap\u0131lacak, sokaklar, alanlar birer ceset tarlas\u0131na d\u00f6n\u00fc\u015fecek. B\u00f6yle bir durumda bir i\u00e7 m\u00fcdahale olmas\u0131ndan endi\u015fe ediyorum. O zaman Ba\u015fbakan Yass\u0131ada ya da \u0130mral\u0131\u2019ya hapsedilebilir, fark\u0131nda de\u011fil. \u00d6calan\u2019\u0131n talepleri yerine getirilmeyecek talepler de\u011fil. Bu nedenle h\u00fck\u00fcmet en az\u0131ndan bir a\u00e7\u0131klama yapmal\u0131\u201d dedi. Al\u0131nak Ba\u015fbakan ile \u00d6calan aras\u0131nda arac\u0131 olmak istedi\u011fini s\u00f6yledi.<\/p>\n<p style=\"text-align: justify;\"><a href=\"http:\/\/www.radikal.com.tr\/Radikal.aspx?aType=RadikalDetayV3&amp;ArticleID=1050350&amp;CategoryID=77\" target=\"_blank\">Kaynak : Radikal<\/a><\/p>\n","protected":false},"excerpt":{"rendered":"<p style=\"text-align: justify;\">\n<p style=\"text-align: justify;\">\u00d6calan ile g\u00f6r\u00fc\u015fmesini Radikal&#8217;e anlatan Mahmut Al\u0131nak, &#8216;i\u00e7 sava\u015f \u00e7\u0131kmas\u0131ndan&#8217; duydu\u011fu endi\u015feyi ve heyetlerle yap\u0131lan g\u00f6r\u00fc\u015fmelerden duydu\u011fu \u00fcmidi ifade etti\u011fini s\u00f6yledi.<\/p>\n","protected":false},"author":1,"featured_media":0,"comment_status":"open","ping_status":"closed","sticky":false,"template":"","format":"standard","meta":{"footnotes":""},"categories":[105],"tags":[],"class_list":["post-33401","post","type-post","status-publish","format-standard","hentry","category-gundem","odd"],"_links":{"self":[{"href":"http:\/\/www.korhanyilmaz.com\/index.php?rest_route=\/wp\/v2\/posts\/33401","targetHints":{"allow":["GET"]}}],"collection":[{"href":"http:\/\/www.korhanyilmaz.com\/index.php?rest_route=\/wp\/v2\/posts"}],"about":[{"href":"http:\/\/www.korhanyilmaz.com\/index.php?rest_route=\/wp\/v2\/types\/post"}],"author":[{"embeddable":true,"href":"http:\/\/www.korhanyilmaz.com\/index.php?rest_route=\/wp\/v2\/users\/1"}],"replies":[{"embeddable":true,"href":"http:\/\/www.korhanyilmaz.com\/index.php?rest_route=%2Fwp%2Fv2%2Fcomments&post=33401"}],"version-history":[{"count":0,"href":"http:\/\/www.korhanyilmaz.com\/index.php?rest_route=\/wp\/v2\/posts\/33401\/revisions"}],"wp:attachment":[{"href":"http:\/\/www.korhanyilmaz.com\/index.php?rest_route=%2Fwp%2Fv2%2Fmedia&parent=33401"}],"wp:term":[{"taxonomy":"category","embeddable":true,"href":"http:\/\/www.korhanyilmaz.com\/index.php?rest_route=%2Fwp%2Fv2%2Fcategories&post=33401"},{"taxonomy":"post_tag","embeddable":true,"href":"http:\/\/www.korhanyilmaz.com\/index.php?rest_route=%2Fwp%2Fv2%2Ftags&post=33401"}],"curies":[{"name":"wp","href":"https:\/\/api.w.org\/{rel}","templated":true}]}}