{"id":33394,"date":"2011-05-23T16:49:03","date_gmt":"2011-05-23T13:49:03","guid":{"rendered":"http:\/\/www.korhanyilmaz.com\/?p=33394"},"modified":"2011-05-23T16:49:03","modified_gmt":"2011-05-23T13:49:03","slug":"batmanda-basbakana-ilginc-afisler","status":"publish","type":"post","link":"http:\/\/www.korhanyilmaz.com\/?p=33394","title":{"rendered":"Batman&#8217;da Ba\u015fbakan&#8217;a ilgin\u00e7 afi\u015fler!"},"content":{"rendered":"<p style=\"text-align: center;\"><a href=\"http:\/\/www.korhanyilmaz.com\/wp-content\/uploads\/2011\/05\/3121.jpg\"  class=\"lightview\"><img loading=\"lazy\" decoding=\"async\" class=\"aligncenter size-full wp-image-33399\" src=\"http:\/\/www.korhanyilmaz.com\/wp-content\/uploads\/2011\/05\/3121.jpg\" alt=\"\" width=\"354\" height=\"238\" \/><\/a><\/p>\n<p style=\"text-align: justify;\">Ba\u015fbakan Recep Tayyip Erdo\u011fan&#8217;\u0131n yar\u0131n Batman&#8217;da yapaca\u011f\u0131 miting \u00f6ncesi Batman Demokrasi Platformu taraf\u0131ndan kentteki billboardlara ilgin\u00e7 afi\u015fler as\u0131ld\u0131. Afi\u015flerde, Erdo\u011fan&#8217;a \u00e7e\u015fitli sorular y\u00f6netiliyor.<\/p>\n<p style=\"text-align: justify;\">(DHA) &#8212; Erdo\u011fan&#8217;\u0131n yar\u0131n Batman&#8217;da d\u00fczenleyece\u011fi miting \u00f6ncesi 46 sivil toplum \u00f6rg\u00fct\u00fcn\u00fc b\u00fcnyesinde bar\u0131nd\u0131ran Batman Demokrasi Platformu taraf\u0131ndan billboardlara \u00e7e\u015fitli afi\u015fler as\u0131ld\u0131. <!--more--><\/p>\n<p style=\"text-align: justify;\">Turgut \u00d6zal Bulvar\u0131 \u00fczeri ve Ba\u015fbakan Erdo\u011fan&#8217;\u0131n miting yapaca\u011f\u0131 yerde billboardlarda as\u0131lan afi\u015flerin ba\u015fl\u0131\u011f\u0131nda, &#8216;Say\u0131n Recep Tayip Erdo\u011fan&#8217; ba\u015fl\u0131\u011f\u0131 ile \u015fu sorular yer al\u0131yor:<\/p>\n<p style=\"text-align: justify;\">&#8211; Batman toplu mezarlardan ge\u00e7ilmiyor, ger\u00e7eklerle y\u00fczle\u015fmeye mi geliyorsun?<\/p>\n<p style=\"text-align: justify;\">&#8211; Senin g\u00fcvenlik g\u00fc\u00e7lerinin katletti\u011fi gen\u00e7lerin ailesine ba\u015fsa\u011fl\u0131l\u0131\u011f\u0131na m\u0131 geliyorsun?<\/p>\n<p style=\"text-align: justify;\">&#8211; Peri\u015fan etti\u011fin esnafa ge\u00e7mi\u015f olsun demeye mi geliyorsun?<\/p>\n<p style=\"text-align: justify;\">&#8211; Milli birlik projesiyle y\u00fczy\u0131l\u0131n \u00e7ilesini ya\u015fatan K\u00fcrt halk\u0131na durmak yok eziyete devam demeye mi geliyorsun?<\/p>\n<p style=\"text-align: justify;\">&#8211; YGS skandal\u0131yla psikolojileri bozulan gen\u00e7lerimize LYS s\u0131nav\u0131n\u0131n \u015fifresini vermeye mi geliyorsun?<\/p>\n<p style=\"text-align: justify;\">&#8211; Pamuk, bu\u011fday ve t\u00fct\u00fcn \u00fcretilemiyor, \u00e7it\u00e7inin tarlas\u0131na bakmaya m\u0131 geliyorsun?<\/p>\n<p style=\"text-align: justify;\">&#8211; \u00dcreticilerde ke\u00e7i, koyun kalmad\u0131 angus da\u011f\u0131tmaya m\u0131 geliyorsun?<\/p>\n<p style=\"text-align: justify;\">&#8211; Y\u00fczde 60 oyla se\u00e7ilen belediye ba\u015fkan\u0131n\u0131n tutuklanmas\u0131 yetmedi, geride kalanlar\u0131 tutuklamaya m\u0131 geliyorsun?<\/p>\n<p style=\"text-align: justify;\">&#8211; Milletvekillerine, kad\u0131nlara, \u00e7ocuklara, demokratik \u00e7ad\u0131rlara gaz bombas\u0131, tazyikli su, copla sald\u0131rarak, 1. \u00e7ad\u0131r \u00f6n\u00fc sava\u015f\u0131n y\u00fcr\u00fct\u00fcc\u00fcleri olan Vali ve Emniyet g\u00fc\u00e7lerini tebrik etmeye mi geliyorsun?<\/p>\n<p style=\"text-align: justify;\">&#8211; Yine tek devlet, tek millet, tek dil, demeye mi geliyorsun? K\u00fcrt var ama K\u00fcrt sorunu yok demeye mi geliyorsun? Allah a\u015fk\u0131na Batman&#8217;a niye geliyorsun.<\/p>\n<p style=\"text-align: justify;\"><a href=\"http:\/\/www.cnnturk.com\/2011\/turkiye\/05\/23\/batmanda.basbakana.ilginc.afisler\/617664.0\/index.html\" target=\"_blank\">Kaynak : CNN T\u00dcRK<\/a><\/p>\n","protected":false},"excerpt":{"rendered":"<p style=\"text-align: center;\">\n<p style=\"text-align: justify;\">Ba\u015fbakan Recep Tayyip Erdo\u011fan&#8217;\u0131n yar\u0131n Batman&#8217;da yapaca\u011f\u0131 miting \u00f6ncesi Batman Demokrasi Platformu taraf\u0131ndan kentteki billboardlara ilgin\u00e7 afi\u015fler as\u0131ld\u0131. Afi\u015flerde, Erdo\u011fan&#8217;a \u00e7e\u015fitli sorular y\u00f6netiliyor.<\/p>\n<p style=\"text-align: justify;\">(DHA) &#8212; Erdo\u011fan&#8217;\u0131n yar\u0131n Batman&#8217;da d\u00fczenleyece\u011fi miting \u00f6ncesi 46 sivil toplum \u00f6rg\u00fct\u00fcn\u00fc b\u00fcnyesinde bar\u0131nd\u0131ran Batman Demokrasi Platformu taraf\u0131ndan billboardlara \u00e7e\u015fitli afi\u015fler as\u0131ld\u0131. <\/p>\n","protected":false},"author":1,"featured_media":0,"comment_status":"open","ping_status":"closed","sticky":false,"template":"","format":"standard","meta":{"footnotes":""},"categories":[105],"tags":[],"class_list":["post-33394","post","type-post","status-publish","format-standard","hentry","category-gundem","odd"],"_links":{"self":[{"href":"http:\/\/www.korhanyilmaz.com\/index.php?rest_route=\/wp\/v2\/posts\/33394","targetHints":{"allow":["GET"]}}],"collection":[{"href":"http:\/\/www.korhanyilmaz.com\/index.php?rest_route=\/wp\/v2\/posts"}],"about":[{"href":"http:\/\/www.korhanyilmaz.com\/index.php?rest_route=\/wp\/v2\/types\/post"}],"author":[{"embeddable":true,"href":"http:\/\/www.korhanyilmaz.com\/index.php?rest_route=\/wp\/v2\/users\/1"}],"replies":[{"embeddable":true,"href":"http:\/\/www.korhanyilmaz.com\/index.php?rest_route=%2Fwp%2Fv2%2Fcomments&post=33394"}],"version-history":[{"count":0,"href":"http:\/\/www.korhanyilmaz.com\/index.php?rest_route=\/wp\/v2\/posts\/33394\/revisions"}],"wp:attachment":[{"href":"http:\/\/www.korhanyilmaz.com\/index.php?rest_route=%2Fwp%2Fv2%2Fmedia&parent=33394"}],"wp:term":[{"taxonomy":"category","embeddable":true,"href":"http:\/\/www.korhanyilmaz.com\/index.php?rest_route=%2Fwp%2Fv2%2Fcategories&post=33394"},{"taxonomy":"post_tag","embeddable":true,"href":"http:\/\/www.korhanyilmaz.com\/index.php?rest_route=%2Fwp%2Fv2%2Ftags&post=33394"}],"curies":[{"name":"wp","href":"https:\/\/api.w.org\/{rel}","templated":true}]}}