{"id":33390,"date":"2011-05-23T16:35:41","date_gmt":"2011-05-23T13:35:41","guid":{"rendered":"http:\/\/www.korhanyilmaz.com\/?p=33390"},"modified":"2011-05-23T16:35:41","modified_gmt":"2011-05-23T13:35:41","slug":"guneydoguda-kilicdarogluna-buyuk-ilgi","status":"publish","type":"post","link":"http:\/\/www.korhanyilmaz.com\/?p=33390","title":{"rendered":"G\u00fcneydo\u011fu&#8217;da K\u0131l\u0131\u00e7daro\u011flu&#8217;na b\u00fcy\u00fck ilgi"},"content":{"rendered":"<p style=\"text-align: justify;\"><a href=\"http:\/\/www.korhanyilmaz.com\/wp-content\/uploads\/2011\/05\/311.jpg\"  class=\"lightview\"><img loading=\"lazy\" decoding=\"async\" class=\"size-full wp-image-33391 aligncenter\" src=\"http:\/\/www.korhanyilmaz.com\/wp-content\/uploads\/2011\/05\/311.jpg\" alt=\"\" width=\"322\" height=\"241\" \/><\/a><\/p>\n<p style=\"text-align: justify;\">CHP Genel Ba\u015fkan\u0131 Kemal K\u0131l\u0131\u00e7daro\u011flu G\u00fcneydo\u011fu&#8217;daki illeri gezdi. Van, Hakkari ve Bitlis&#8217;te K\u0131l\u0131\u00e7daro\u011flu&#8217;na ilgi yo\u011fundu. K\u0131l\u0131\u00e7daro\u011flu, Hakkari&#8217;de yapt\u0131\u011f\u0131 a\u00e7\u0131klamada, &#8216;Belediye ba\u015fkanlar\u0131n\u0131n Ankara&#8217;ya gidip para dilenmesini ortadan kald\u0131rmak i\u00e7in&#8217; yerel y\u00f6netimlerin g\u00fc\u00e7lenmesi noktas\u0131nda \u00f6zerkli\u011fi savundu.<!--more--><\/p>\n<p style=\"text-align: justify;\">Van\/Hakkari- Van mitinginin ard\u0131ndan \u00f6zel helikopterle Hakkari&#8217;ye gelen CHP Genel Ba\u015fkan\u0131 K\u0131l\u0131\u00e7daro\u011flu, se\u00e7im otob\u00fcs\u00fcnden yurtta\u015flar\u0131 selamlayarak Valili\u011fe ge\u00e7ti. Valilik giri\u015finde Vali Muammer T\u00fcrker taraf\u0131ndan kar\u015f\u0131lanan K\u0131l\u0131\u00e7daro\u011flu, kentin sorunlar\u0131yla ilgili bilgi ald\u0131. Yakla\u015f\u0131k 15 dakika s\u00fcren g\u00f6r\u00fc\u015fmenin ard\u0131ndan Cumhuriyet Ba\u015fsavc\u0131s\u0131 Mehmet Kaya&#8217;y\u0131 makam\u0131nda ziyaret eden K\u0131l\u0131\u00e7daro\u011flu, daha sonra yaya olarak Belediye Ba\u015fkanl\u0131\u011f\u0131na ge\u00e7ti. Yol \u00fczerinde esnaf ve yurtta\u015flarla g\u00f6r\u00fc\u015fen K\u0131l\u0131\u00e7daro\u011flu, belediye giri\u015finde Belediye Ba\u015fkan\u0131 Fad\u0131l Bedirhano\u011flu taraf\u0131ndan kar\u015f\u0131land\u0131. Bedirano\u011flu, CHP genel Ba\u015fkan\u0131 K\u0131l\u0131\u00e7daro\u011flu&#8217;nun ziyaretinden duydu\u011fu memnuniyeti dile getirdi.<\/p>\n<p style=\"text-align: justify;\"><strong>Hakkari&#8217;de kepenklerin kapat\u0131lmas\u0131<\/strong><\/p>\n<p style=\"text-align: justify;\">Bir gazetecinin, Ba\u015fbakan Recep Tayyip Erdo\u011fan&#8217;\u0131n Hakkari ziyaretinde kepenklerin kapat\u0131ld\u0131\u011f\u0131na ili\u015fkin sorusu \u00fczerine K\u0131l\u0131\u00e7daro\u011flu, \u015f\u00f6yle konu\u015ftu: &#8221;Tabii Say\u0131n Erdo\u011fan i\u00e7in bir \u015fey demek istemem ama ben hi\u00e7 kimseyi \u00f6tekile\u015ftirmeyen, herkesin sorunuyla ilgilenen bir siyaset\u00e7iyim. Kentin kendi sorunu olabilir, bu sorunlarla ilgilenmek durumunday\u0131z. Samimi olarak ilgileniyorum. S\u00f6ylediklerimi de samimi olarak s\u00f6yl\u00fcyorum, samimi olarak dile getiriyorum. Aram\u0131zdaki temel fark da budur. Biz siyaset\u00e7iler olarak ne kadar samimi olursak, halktan da mutlaka bunun kar\u015f\u0131l\u0131\u011f\u0131n\u0131 g\u00f6r\u00fcr\u00fcz. Sa\u011folsun Hakkarililer olduk\u00e7a s\u0131cak, sevecen bir ilgi g\u00f6sterdiler bundan da memnun oldum. Ben ilk kez Hakkari&#8217;ye geliyorum. 80 ili g\u00f6rm\u00fc\u015ft\u00fcm Hakkari&#8217;yi g\u00f6rmemi\u015ftim. B\u00fcrokratken Van&#8217;a geldi\u011fimde Hakkari&#8217;ye gelemek istemi\u015ftim o zaman g\u00fcvenlik g\u00fc\u00e7leri b\u0131rakmad\u0131lar, &#8216;Hakkari&#8217;ye gitmeniz riskli olur&#8217; dediler, b\u0131rakmam\u0131\u015flard\u0131. Daha sonraki zamanlarda nasip olmad\u0131, gelmek \u015fimdi nasip oldu. Hakkari&#8217;ye geldi\u011fim i\u00e7in son derece memnunum.&#8221;<\/p>\n<p style=\"text-align: justify;\">K\u0131l\u0131\u00e7daro\u011flu, bir gazetecinin de &#8221;Ba\u015fbakan Erdo\u011fan, kepenklerin belediye g\u00f6revlileri taraf\u0131ndan kapat\u0131ld\u0131\u011f\u0131 y\u00f6n\u00fcndeki s\u00f6ylemini neye ba\u011fl\u0131yorsunuz?&#8221; \u015feklindeki sorusu \u00fczerine \u015funlar\u0131 s\u00f6yledi: &#8221;E\u011fer bir \u00fclkenin Ba\u015fbakan\u0131 konu\u015facaksa do\u011frular\u0131 dile getirmelidir. Kepenk kapan\u0131yorsa kepengi kapatandan \u00e7ok, siyasi iktidar\u0131n \u015funu d\u00fc\u015f\u00fcnmesi laz\u0131m: Bu kepenkler neden kapan\u0131yor? Siz, kapanan kepenklerden dolay\u0131 esnaf\u0131, yerel y\u00f6neticileri su\u00e7layaca\u011f\u0131n\u0131za d\u00f6n\u00fcp kendinize bakman\u0131z laz\u0131m. Bir neden var bunda, bir sorun var burada. Bu sorunu ak\u0131lc\u0131 \u00e7\u00f6zmemiz gerekir diye d\u00fc\u015f\u00fcnmesi gerekir ama vurarak, k\u0131rarak, insanlar\u0131 hor g\u00f6rerek, onlar\u0131 su\u00e7layarak, bir yere gitmek m\u00fcmk\u00fcn de\u011fil ama Ba\u015fbakan&#8217;\u0131n do\u011fas\u0131nda bu var zaten; \u00f6fkeyle konu\u015fmak, onlara hakaret etmek, k\u00fc\u00e7\u00fck g\u00f6rmek gibi bir al\u0131\u015fkanl\u0131\u011f\u0131 var, ne diyelim.&#8221;<\/p>\n<p style=\"text-align: justify;\">&#8221;CHP&#8217;nin, K\u00fcrt sorunu ya da Do\u011fu, G\u00fcneydo\u011fu ile ilgili d\u00fc\u015f\u00fcncesi nedir?&#8221; sorusuna ise K\u0131l\u0131\u00e7daro\u011flu, Do\u011fu ve G\u00fcneydo\u011fu ile ilgili haz\u0131rlanan bro\u015f\u00fcrlerin il ba\u015fkanl\u0131\u011f\u0131nda bulundu\u011funu ve CHP&#8217;nin \u00fclkeye demokrasinin gelmesini istedi\u011fini bildirdi. Bu \u00fclkede yurtta\u015fl\u0131k temelinde e\u015fit haklara sahip bireyler istediklerini vurgulayan K\u0131l\u0131\u00e7daro\u011flu, &#8221;\u00d6zg\u00fcrl\u00fc\u011f\u00fcn ve demokrasinin k\u0131s\u0131tland\u0131\u011f\u0131 toplumlarda sa\u011fl\u0131kl\u0131 geli\u015fme olamaz, bar\u0131\u015f olamaz, huzur olamaz. \u00c7at\u0131\u015fma k\u00fclt\u00fcr\u00fcn\u00fc beslemi\u015f oluruz. Biz \u00e7at\u0131ma k\u00fclt\u00fcr\u00fcne kar\u015f\u0131y\u0131z, bar\u0131\u015f\u0131 ve huzuru istiyoruz. Bunun i\u00e7in de ne gerekiyorsa bunu yapmakta kararl\u0131y\u0131z&#8221; dedi.<\/p>\n<p style=\"text-align: justify;\"><strong>&#8216;Yurtta\u015flar\u0131n evlerine bask\u0131n yap\u0131ld\u0131\u011f\u0131 y\u00f6n\u00fcnde bilgi geldi bana&#8217;<\/strong><\/p>\n<p style=\"text-align: justify;\">Gazetecilerin, Hakkari Cumhuriyet Ba\u015fsavc\u0131s\u0131&#8217;na yap\u0131lan ziyaretin nedenini sormas\u0131 \u00fczerine ise K\u0131l\u0131\u00e7daro\u011flu, &#8221;Baz\u0131 konularda, Say\u0131n Cumhuriyet Ba\u015fsavc\u0131s\u0131ndan bana y\u00f6neltilen bir iki \u015fikayet konusunda bilgi ald\u0131m. \u00d6zellikle yap\u0131lan bask\u0131nlar nedeniyle yurtta\u015flar\u0131n tepkileri oldu\u011funu s\u00f6yledim. Onun da &#8216;ben 6 ayd\u0131r buraya geldim, ge\u00e7mi\u015fte baz\u0131 \u00f6n yarg\u0131lar var ama bu \u00f6n yarg\u0131lar\u0131 k\u0131raca\u011f\u0131z&#8217; diye bir a\u00e7\u0131klamas\u0131 oldu. Bundan da memnun oldum&#8221; diye konu\u015ftu. K\u0131l\u0131\u00e7daro\u011flu, bir gazetecinin, &#8221;Bahsetti\u011finiz KCK bask\u0131nlar\u0131 m\u0131?&#8221; \u015feklindeki sorusunu, &#8221;Yurtta\u015flar\u0131n evlerine bask\u0131n yap\u0131ld\u0131\u011f\u0131 y\u00f6n\u00fcnde bana bilgi geldi. Dolay\u0131s\u0131yla da bask\u0131n\u0131n ayr\u0131nt\u0131s\u0131n\u0131 bilmiyorum ama bir yurtta\u015f\u0131n evine sabaha kar\u015f\u0131 polislerin bask\u0131n yapmas\u0131n\u0131, bug\u00fcnk\u00fc 21. y\u00fczy\u0131l\u0131n ilk \u00e7eyre\u011finde do\u011fru olmad\u0131\u011f\u0131n\u0131 d\u00fc\u015f\u00fcn\u00fcyorum&#8221; diye yan\u0131tlad\u0131.<\/p>\n<p style=\"text-align: justify;\"><strong>&#8216;Bu \u00fclkeden ayr\u0131lmak istemiyoruz&#8217;<\/strong><\/p>\n<p style=\"text-align: justify;\">Belediye ziyareti s\u0131ras\u0131nda, \u00c7ukurca&#8217;ya ba\u011fl\u0131 I\u015f\u0131kl\u0131 k\u00f6y\u00fcn\u00fcn eski muhtar\u0131 oldu\u011funu belirten Mehmet Salih Kaya, 18 y\u0131l k\u00f6yde muhtarl\u0131k yapt\u0131\u011f\u0131n\u0131 dile getirerek, top ve kur\u015fun sesleri nedeniyle 32 y\u0131ld\u0131r korku i\u00e7inde ya\u015fad\u0131klar\u0131n\u0131 ve geceleri rahat uyumad\u0131klar\u0131n\u0131 s\u00f6yledi.<\/p>\n<p style=\"text-align: justify;\">K\u00fcrt sorunun varl\u0131\u011f\u0131n\u0131n herkes taraf\u0131ndan kabul edilmesi gerekti\u011fini anlatan Kaya, K\u0131l\u0131\u00e7daro\u011flu&#8217;na, &#8221;Biz bu \u00fclkeden ayr\u0131lmak istemiyoruz. Ama \u00f6zel haklar\u0131m\u0131z\u0131 tan\u0131man\u0131z\u0131 istiyoruz. Bunlar\u0131 dile getirin&#8221; dedi. Yakla\u015f\u0131k 20 dakika s\u00fcren ziyaretten sonra Belediyeden ayr\u0131lan K\u0131l\u0131\u00e7daro\u011flu, belediye \u00f6n\u00fcnde kalabal\u0131k bir grup taraf\u0131ndan kar\u015f\u0131land\u0131. K\u0131l\u0131\u00e7daro\u011flu&#8217;nun, &#8221;Ba\u015fbakan K\u0131l\u0131\u00e7daro\u011flu&#8221; ve &#8221;Vur vur inlesin Erdo\u011fan dinlesin&#8221; sloganlar\u0131 aras\u0131nda miting alan\u0131na ge\u00e7i\u015fi s\u0131ras\u0131nda, bir grup da ter\u00f6r \u00f6rg\u00fct\u00fc eleba\u015f\u0131 lehine slogan att\u0131.<\/p>\n<p style=\"text-align: justify;\"><strong>Hakkari&#8217;de KCK operasyonlar\u0131na ele\u015ftiri<\/strong><\/p>\n<p style=\"text-align: justify;\">CHP Genel Ba\u015fkan\u0131 Kemal K\u0131l\u0131\u00e7daro\u011flu, &#8221;Biz \u00f6zg\u00fcrl\u00fc\u011f\u00fc ve demokrasiyi istiyoruz. Kimsenin, halk\u0131n oylar\u0131yla se\u00e7ilmi\u015f belediye ba\u015fkanlar\u0131n\u0131 aylarca hapiste tutmas\u0131n\u0131 istemiyoruz&#8221; dedi.<\/p>\n<p style=\"text-align: justify;\">Partisince Bulvar Caddesi&#8217;nde d\u00fczenlenen mitinge kat\u0131lan CHP Genel Ba\u015fkan\u0131 K\u0131l\u0131\u00e7daro\u011flu, Ba\u015fbakan oldu\u011fu takdirde ilk ziyaret edece\u011fi ilin Hakkari olaca\u011f\u0131n\u0131 belirtti.<\/p>\n<p style=\"text-align: justify;\">Ba\u015fbakan Recep Tayyip Erdo\u011fan&#8217;\u0131n Hakkari&#8217;de yapt\u0131\u011f\u0131 mitinge de\u011finen K\u0131l\u0131\u00e7daro\u011flu, &#8221;Geldi burada miting yapt\u0131, Hakkarili esnaf\u0131m\u0131z kepenk kapatt\u0131. \u00c7\u0131km\u0131\u015f Belediye Ba\u015fkan\u0131n\u0131 su\u00e7luyor. Arkada\u015f \u00f6nce bir d\u00fc\u015f\u00fcn, sen Ba\u015fbakanl\u0131k yap\u0131yorsun. Esnaf kepenk kapat\u0131yorsa bir dert var demek ki otur o dertle ilgilen&#8221; diye konu\u015ftu.<\/p>\n<p style=\"text-align: justify;\"><strong>\u00d6zerklik a\u00e7\u0131klamas\u0131<\/strong><\/p>\n<p style=\"text-align: justify;\">\u0130ktidara gelmeleri durumunda yerel y\u00f6netimlerin \u00f6zerklik \u015fart\u0131n\u0131 oldu\u011fu gibi kabul edeceklerini belirten K\u0131l\u0131\u00e7daro\u011flu, &#8221;B\u00f6ylece yerel y\u00f6netimlerin g\u00fc\u00e7l\u00fc olmas\u0131, halka daha iyi hizmet vermesi s\u00f6z konusu olacak. Belediye ba\u015fkanlar\u0131n\u0131n Ankara&#8217;ya gidip para dilenmesini ortadan kald\u0131raca\u011f\u0131z&#8221; dedi.<\/p>\n<p style=\"text-align: justify;\">K\u0131l\u0131\u00e7daro\u011flu, Ba\u015fbakan Recep Tayyip Erdo\u011fan&#8217;\u0131n \u00e7ok say\u0131da s\u00f6z\u00fc oldu\u011funu, fakat hi\u00e7birini yerine getirmedi\u011fini belirtirik, y\u00fczde 10 baraj\u0131n\u0131n kald\u0131r\u0131lmad\u0131\u011f\u0131n\u0131 ve 12 Eyl\u00fcl&#8217;\u00fc yapanlardan halen hesap sorulmad\u0131\u011f\u0131n\u0131, onlardan ancak halk\u0131n iktidar\u0131n\u0131n hesap sorabilece\u011fini ifade etti.<\/p>\n<p style=\"text-align: justify;\">Mitingdeki kalabal\u0131\u011f\u0131n &#8221;K\u0131skananlar \u00e7atlas\u0131n&#8221; \u015feklinde slogan atmas\u0131 \u00fczerine, &#8221;K\u0131skananlar \u00e7atlar, onlar\u0131 \u00e7atlataca\u011f\u0131z meraklanmay\u0131n&#8221; diyen K\u0131l\u0131\u00e7daro\u011flu, konu\u015fmas\u0131na \u015f\u00f6yle devam etti:<\/p>\n<p style=\"text-align: justify;\">&#8221;Benim s\u00f6z\u00fcm var. AKP&#8217;nin g\u00f6vdesini ben silkeliyorum, dallar\u0131n\u0131 da size emanet ediyorum. Ama dikkatli olun, &#8216;elma d\u00fc\u015fer&#8217; diye beklemeyin. Recep Bey d\u00fc\u015febilir. Biz \u00f6zg\u00fcrl\u00fc\u011f\u00fc ve demokrasiyi istiyoruz. Kimsenin, halk\u0131n oylar\u0131yla se\u00e7ilmi\u015f belediye ba\u015fkanlar\u0131n\u0131 aylarca hapiste tutmas\u0131n\u0131 istemiyoruz. Farkl\u0131 \u015feyler d\u00fc\u015f\u00fcnebiliriz ama \u00f6zg\u00fcrl\u00fck herkes i\u00e7in var. Belediye ba\u015fkan\u0131n\u0131 tutuklayacaks\u0131n, kelep\u00e7eleyeceksin, s\u0131raya dizeceksin, foto\u011fraflar\u0131n \u00e7ekeceksin, sonra da medyaya servis edeceksin. Kabul etmiyoruz. Bo\u015falt\u0131lm\u0131\u015f k\u00f6ylere yeniden geri d\u00f6n\u00fclmesi, zararlar\u0131n son kuru\u015funa kadar \u00f6denmesi bizim program\u0131m\u0131zda var. Bunun s\u00f6z\u00fcn\u00fc veriyoruz size. Kimse memnun de\u011fil. Hayat\u0131n her taraf\u0131nda sorun var. \u00c7\u00fcnk\u00fc AKP, T\u00fcrkiye&#8217;nin rant\u0131na talip oldu, sorunlar\u0131na de\u011fil. Biz T\u00fcrkiye&#8217;nin sorunlar\u0131na talibiz.&#8221;<\/p>\n<p style=\"text-align: justify;\"><strong>&#8221;Evlerin bas\u0131ld\u0131\u011f\u0131 d\u00fczenie son verece\u011fiz&#8221;<\/strong><\/p>\n<p style=\"text-align: justify;\">K\u0131l\u0131\u00e7daro\u011flu, kendisine &#8221;sabaha kar\u015f\u0131 evlerimiz bas\u0131l\u0131yordu&#8221; diye \u015fikayet gelmesi \u00fczerine konuyla ilgili Hakkari Cumhuriyet Ba\u015fsavc\u0131s\u0131 ile g\u00f6r\u00fc\u015ft\u00fc\u011f\u00fcn\u00fc ve ba\u015fsavc\u0131n\u0131n daha 6 ayd\u0131r kentte oldu\u011funu s\u00f6yledi\u011fini anlatarak, \u015funlar\u0131 s\u00f6yledi:<\/p>\n<p style=\"text-align: justify;\">&#8221;Hangi iktidar, hangi rejim olursa olsun sabah\u0131n k\u00f6r\u00fcnde evlerin bas\u0131ld\u0131\u011f\u0131 d\u00fczene son verece\u011fiz. Her yerde s\u00f6yl\u00fcyorum. Sabah kap\u0131n\u0131z \u00e7al\u0131n\u0131yorsa s\u00fct\u00e7\u00fc \u00e7almal\u0131. \u0130ki \u015fi\u015fe s\u00fct b\u0131rakmal\u0131. Biz T\u00fcrkiye&#8217;de yoksullu\u011fu da bitirmek istiyoruz. Hakkari&#8217;yle Sivas&#8217;\u0131, \u00c7orum&#8217;u, Diyarbak\u0131r&#8217;\u0131 ay\u0131r\u0131rsak o zaman ihanet etmi\u015f oluruz. Bu co\u011frafyada her yer bizim. Herkesin yurtseverlik pay\u0131 herkesle e\u015fittir. Hepimiz yurtseveriz, hepimiz \u00fclkemizi seviyoruz. D\u00fcnyada ilk defa bir Ba\u015fbakan bir ile gidiyor ve yeni hapishane s\u00f6z\u00fc veriyor. Bunlar\u0131n iktidar\u0131nda 49 yeni hapishane yap\u0131ld\u0131. \u00c7\u00fcnk\u00fc bask\u0131c\u0131 rejim, hapishaneler kurarak memleketin y\u00f6netilece\u011fini san\u0131yorlar. Tam tersine ne kadar bask\u0131 yap\u0131yorlarsa \u00f6zg\u00fcrl\u00fck talebimiz o kadar artacakt\u0131r. Ben buradan sonra Bitlis&#8217;e gidece\u011fim, sizin selamlar\u0131n\u0131z\u0131 g\u00f6t\u00fcrece\u011fim. \u0130stanbul&#8217;daki karde\u015flerimizin de Hakkarili karde\u015flerime selam\u0131 var. \u0130stanbullular\u0131n selam\u0131n\u0131 da size getiriyorum.&#8221;<\/p>\n<p style=\"text-align: justify;\">Ba\u015fbakan Recep Tayyip Erdo\u011fan&#8217;\u0131n &#8221;kimyas\u0131n\u0131 ve ezberini bozdu\u011funu, \u015fifresini \u00e7\u00f6zd\u00fc\u011f\u00fcn\u00fc&#8221; savunan K\u0131l\u0131\u00e7daro\u011flu, &#8221;\u015eifreci Erdo\u011fan, 1 milyon 700 bin \u00e7ocu\u011fumuzun gelece\u011fiyle oynad\u0131. Hesab\u0131n\u0131 soraca\u011f\u0131m, beraber m\u00fccadele edece\u011fiz&#8221; diye konu\u015ftu.<\/p>\n<p style=\"text-align: justify;\">K\u0131l\u0131\u00e7daro\u011flu, Ba\u015fbakan Erdo\u011fan&#8217;\u0131n &#8221;K\u00fcrt sorunu yok&#8221; dedi\u011fini belirterek, konu\u015fmas\u0131n\u0131 \u015f\u00f6yle s\u00fcrd\u00fcrd\u00fc:<\/p>\n<p style=\"text-align: justify;\">&#8221;B\u00f6yle bir sorun var m\u0131? Yine \u00fc\u00e7 sefer s\u00f6yledim biliyor musunuz? Belki Ankara&#8217;dan Recep Bey duyar. B\u00f6yle bir sorunun varl\u0131\u011f\u0131n\u0131 Hakkarililerden duymu\u015f oldu. Ancak onlar bizim sesimizi de\u011fil telefonlar\u0131m\u0131z\u0131 dinliyor. Telekulak h\u00fck\u00fcmeti. Onlarda demokrasi yok, \u00f6zg\u00fcrl\u00fck yok. Bu \u00fclkede bir yurtta\u015f\u0131n derdi olacaksa bilin ki o dert Kemal K\u0131l\u0131\u00e7daro\u011flu&#8217;nun derdidir. Etnik kimlikten, inan\u00e7tan kaynakl\u0131 bir dert varsa, \u00e7\u00f6zmeye haz\u0131r\u0131m. Elimi ta\u015f\u0131n alt\u0131na koymaya haz\u0131r\u0131m. Do\u011fu bat\u0131ya, kuzey g\u00fcneye selam vermeli. Kimseyi \u00f6tekile\u015ftirmemeliyiz. Anadilde \u00f6\u011frenim konusunda da m\u00fccadelemizi hep birlikte yapaca\u011f\u0131z. Kimse bundan \u015f\u00fcphe etmesin. Az \u00f6nce belediye ziyaretinde eski bir muhtar ile g\u00f6r\u00fc\u015ft\u00fcm. &#8216;Bu \u00fclkede, ba\u011f\u0131ms\u0131z bir \u00fclkede karde\u015f\u00e7e beraber ya\u015famak istiyoruz&#8217; diyor. T\u0131pk\u0131 Naz\u0131m Hikmet&#8217;in dedi\u011fi gibi &#8216;Bir a\u011fa\u00e7 gibi tek ve h\u00fcr, bir orman gibi karde\u015f\u00e7e&#8217; ya\u015fayaca\u011f\u0131m\u0131z T\u00fcrkiye&#8217;yi beraber kuraca\u011f\u0131z.&#8221;<\/p>\n<p style=\"text-align: justify;\"><strong>CHP il ba\u015fkanl\u0131\u011f\u0131na ziyaret<\/strong><\/p>\n<p style=\"text-align: justify;\">Mitingin ard\u0131ndan CHP \u0130l Ba\u015fkanl\u0131\u011f\u0131na ge\u00e7en K\u0131l\u0131\u00e7daro\u011flu, mitingle ilgili gazetecilere de\u011ferlendirmede bulundu.<\/p>\n<p style=\"text-align: justify;\">K\u0131l\u0131\u00e7daro\u011flu, mitingde \u00f6zg\u00fcrl\u00fckler konusunu ayr\u0131nt\u0131ya girerek ele ald\u0131\u011f\u0131n\u0131, ekonomi konusunda ise fazla ayr\u0131nt\u0131ya girmedi\u011fini vurgulayarak, \u015f\u00f6yle dedi:<\/p>\n<p style=\"text-align: justify;\">&#8221;\u00c7\u00fcnk\u00fc \u015f\u00f6yle bir propaganda yap\u0131l\u0131yordu. &#8216;CHP \u00f6zg\u00fcrl\u00fckler konusunda as\u0131l yapaca\u011f\u0131n\u0131 anlats\u0131n. Ekonomiyi biz bir \u015fekilde \u00e7\u00f6zeriz&#8217; diyorlard\u0131. O nedenle burada y\u00fczde 10 baraj\u0131, i\u00e7 hizmet yasas\u0131n\u0131n 35. maddesi, faili me\u00e7huller, kay\u0131plar gibi b\u00fct\u00fcn bu ayr\u0131nt\u0131lara girdim. Dolay\u0131s\u0131yla belki do\u011frudan ilk kez genel ba\u015fkan\u0131n a\u011fz\u0131ndan demokrasi konusunda ne d\u00fc\u015f\u00fcnd\u00fc\u011f\u00fcm\u00fcz\u00fc anlatt\u0131m. \u00d6zellikle belediye ba\u015fkanlar\u0131n\u0131n tutuklanmas\u0131, onlar\u0131n s\u0131raya dizilerek elleri kelep\u00e7elendikten sonra foto\u011fraflar\u0131n\u0131n \u00e7ekilip medyaya g\u00f6nderilmesi, bunlar zaten demokrasi a\u00e7\u0131s\u0131ndan ho\u015f \u015feyler de\u011fil. Onlar\u0131 s\u00f6yledik. G\u00fczel bir toplant\u0131 oldu.&#8221;<\/p>\n<p style=\"text-align: justify;\"><strong>BDP&#8217;liler de dinledi<\/strong><\/p>\n<p style=\"text-align: justify;\">Bir gazetecinin, &#8221;Bar\u0131\u015f ve Demokrasi Partisinin taban\u0131 olarak kabul edilecek kitle de sizi dinledi. Bunu nas\u0131l de\u011ferlendiriyorsunuz?&#8221; y\u00f6n\u00fcndeki sorusuna K\u0131l\u0131\u00e7daro\u011flu, \u015fu yan\u0131t\u0131 verdi:<\/p>\n<p style=\"text-align: justify;\">&#8221;Onlar \u00f6zellikle polis barikatlar\u0131n\u0131n d\u0131\u015f\u0131nda a\u011f\u0131rl\u0131kl\u0131 olarak duruyorlard\u0131. Onlar da dinleyecekler. Sonu\u00e7ta Cumhuriyet Halk Partisinin \u00f6zg\u00fcrl\u00fck ve demokrasi konusundaki g\u00f6r\u00fc\u015fleri nedir, ama\u00e7lar\u0131 nedir? Onu \u00f6\u011frenecekler. Y\u00fczde 10 se\u00e7im baraj\u0131n\u0131n, anadil yasa\u011f\u0131n\u0131n kald\u0131r\u0131lmas\u0131 gibi temel konularda CHP&#8217;nin g\u00f6r\u00fc\u015f\u00fcn\u00fc \u00f6\u011frenmek onlar\u0131n da merak etti\u011fi konulard\u0131. Dinlediler. Dolay\u0131s\u0131yla as\u0131l onlar\u0131n de\u011ferlendirmesi nedir onu bilemiyorum. Biz Cumhuriyet Halk Partisine, milletvekiline oy istedik. Milletvekilimiz de \u00e7\u0131karsa bundan son derece mutlu olaca\u011f\u0131z. Buraya helikopterle geldim. Hakkari&#8217;nin ola\u011fan\u00fcst\u00fc g\u00fczel bir do\u011fas\u0131 var. Bu g\u00fczel co\u011frafyan\u0131n \u015fiddet de\u011fil bar\u0131\u015f\u0131 i\u00e7ermesi halinde, d\u00fcnyan\u0131n her taraf\u0131ndan insanlar\u0131n gelip bu do\u011fay\u0131 g\u00f6rmek isteyece\u011finden eminim.&#8221;<\/p>\n<p style=\"text-align: justify;\"><strong>Van mitingi<\/strong><\/p>\n<p style=\"text-align: justify;\">K\u0131l\u0131\u00e7daro\u011flu, \u00f6zel u\u00e7akla Van havaliman\u0131na indikten sonra se\u00e7im otob\u00fcs\u00fcyle miting alan\u0131na ge\u00e7ti ve otob\u00fcsten halk\u0131 selamlad\u0131. Se\u00e7im otob\u00fcs\u00fcnden K\u00fcrt\u00e7e &#8220;\u00c7awa ni ba\u015fe, ser seran, ser \u00e7avan, spas d\u00eekim&#8221; (Nas\u0131ls\u0131n\u0131z, iyi misiniz, ba\u015f\u0131m, g\u00f6z\u00fcm \u00fcst\u00fcne, te\u015fekk\u00fcrler) anonslar\u0131 yap\u0131ld\u0131. CHP otob\u00fcs\u00fcn\u00fcn g\u00fczergah\u0131 boyunca polisin yo\u011fun g\u00fcvenlik \u00f6nlemleri ald\u0131\u011f\u0131 g\u00f6r\u00fcld\u00fc.<\/p>\n<p style=\"text-align: justify;\">K\u0131l\u0131\u00e7daro\u011flu, Van Be\u015fyol meydan\u0131nda 3 bine yak\u0131n vatanda\u015fa hitap etti. Miting alan\u0131ndaki &#8220;Ya\u015fas\u0131n halklar\u0131n karde\u015fli\u011fi&#8221;, &#8220;Anam\u0131z\u0131n dili onurumuzdur&#8221;, &#8220;B\u0131xer hat\u00ee K\u0131l\u0131\u00e7daro\u011flu&#8221;, (Ho\u015f geldin K\u0131l\u0131\u00e7daro\u011flu) &#8220;Halk\u0131n umudu, Erci\u015f&#8217;in gururu K\u0131l\u0131\u00e7daro\u011flu&#8221;, &#8220;AKP zulm\u00fcne \u00eadi bese&#8221; (AKP zulm\u00fcne art\u0131k yeter) d\u00f6vizleri de dikkat \u00e7ekti. K\u0131l\u0131\u00e7daro\u011flu&#8217;na konu\u015fmas\u0131n\u0131 yapmadan \u00f6nce po\u015fu hediye edildi.<\/p>\n<p style=\"text-align: justify;\">K\u0131l\u0131\u00e7daro\u011flu, konu\u015fmas\u0131na &#8220;Bu b\u00f6lgenin ekme\u011fini yedim, suyunu, \u00e7ay\u0131n\u0131 i\u00e7tim. Erci\u015f&#8217;te ilkokula ba\u015flad\u0131m, \u00e7ocuklu\u011fum Erci\u015f&#8217;te ge\u00e7ti. Van&#8217;\u0131 da biliyorum, Van denizini de biliyorum&#8221; s\u00f6zleriyle ba\u015flad\u0131. Ba\u015fbakan Recep Tayyip Erdo\u011fan&#8217;\u0131n kendisini &#8220;Van g\u00f6l\u00fcne nas\u0131l deniz dersin&#8221; diyerek ele\u015ftirdi\u011fini an\u0131msatan K\u0131l\u0131\u00e7daro\u011flu, &#8220;Valili\u011fin internet sitesinde deniz yapar, Vanl\u0131lar deniz der, inci kefali me\u015fhurdur. Nas\u0131l olur da bunlar\u0131 bilmeyen birisi bu \u00fclkeye ba\u015fbakanl\u0131k yapar, bunun takdirini ben size b\u0131rak\u0131yorum&#8221; dedi. K\u0131l\u0131\u00e7daro\u011flu, kavga d\u00fc\u015f\u00fcnmediklerini, herkesin asgari gelir g\u00fcvencesi, i\u015fi, a\u015f\u0131 olmas\u0131n\u0131 istediklerini ve T\u00fcrkiye&#8217;ye bar\u0131\u015f, huzur, demokrasi ve \u00f6zg\u00fcrl\u00fck getirmeyi ama\u00e7lad\u0131klar\u0131n\u0131 kaydetti.<\/p>\n<p style=\"text-align: justify;\"><strong>&#8216;Bu bakan madem \u00e7ok seviliyor, niye Van&#8217;da aday de\u011fil?&#8217;<\/strong><\/p>\n<p style=\"text-align: justify;\">T\u00fcrkiye&#8217;de resmi rakamlara g\u00f6re 12 milyon 715 bin, gayr\u0131resmi rakamlara g\u00f6re ise 15 milyon 600 bin ki\u015finin yoksul oldu\u011funu belirten K\u0131l\u0131\u00e7daro\u011flu, aile sigortas\u0131 projesiyle yoksullu\u011fu bitireceklerini ifade etti. Aile sigortas\u0131 projesinin kayna\u011f\u0131n\u0131n da sorguland\u0131\u011f\u0131n\u0131 s\u00f6yleyen K\u0131l\u0131\u00e7daro\u011flu, \u015f\u00f6yle konu\u015ftu: &#8220;Vanl\u0131 karde\u015flerime s\u00f6z veriyorum, iktidar yap\u0131n, AKP Genel Merkezi&#8217;ne ba\u011flanan hortumlar\u0131 kesece\u011fim. Siz hortumun ne oldu\u011funu benden daha iyi biliyorsunuz. Burada bir bakan\u0131n\u0131z vard\u0131 de\u011fil mi sizin? Ne oldu, yak\u0131nlar\u0131 ne oldu? K\u00f6\u015feyi d\u00f6nd\u00fc de\u011fil mi? Ve ben merak ediyorum, bu bakan madem Vanl\u0131, madem Vanl\u0131lar \u00e7ok seviyor, niye ba\u015fka bir yerde milletvekili aday\u0131, niye Van&#8217;da milletvekili aday\u0131 de\u011fil? Niye ka\u00e7\u0131yor, niye korkuyor?&#8221;<\/p>\n<p style=\"text-align: justify;\"><strong>&#8216;\u0130\u00e7ti\u011fimiz suda vergi var, p\u0131rlantada yok&#8217;<\/strong><\/p>\n<p style=\"text-align: justify;\">Van&#8217;\u0131n \u00e7ok g\u00f6\u00e7 ald\u0131\u011f\u0131n\u0131 ve Van&#8217;da \u00e7ok say\u0131da ailenin yoksul oldu\u011funu vurgulayan K\u0131l\u0131\u00e7daro\u011flu, &#8220;Yoksulluk bizim kaderimiz mi? Elalem k\u00f6\u015feyi d\u00f6nerken vatanda\u015f niye yoksul? T\u00fcrkiye b\u00fcy\u00fcd\u00fc diyorlar. Allah a\u015fk\u0131na T\u00fcrkiye b\u00fcy\u00fcd\u00fcyse Van niye k\u00fc\u00e7\u00fcl\u00fcyor, fabrikalar niye kapan\u0131yor Van&#8217;da? \u0130\u015fsizlik var m\u0131 Van&#8217;da? Niye 3 kez soruyorum, Ankara&#8217;da Recep Bey duyar da Van&#8217;da i\u015fsizlik oldu\u011funu \u00f6nlem al\u0131r&#8221; diye konu\u015ftu. K\u0131l\u0131\u00e7daro\u011flu, Vanl\u0131 erkeklere, e\u015flerine inci, p\u0131rlanta gibi m\u00fccevherler almalar\u0131n\u0131 tavsiye ederken &#8220;Bunu niye s\u00f6yledim biliyor musunuz, incide, p\u0131rlantada vergi yok, kefen bezinde, i\u00e7ti\u011fimiz suda, bindi\u011fimiz otob\u00fcste, konu\u015ftu\u011fumuz telefonda, ald\u0131\u011f\u0131m\u0131z ekmekte vergi var. Allah a\u015fk\u0131na bu adalet mi?&#8221; diye sordu.<\/p>\n<p style=\"text-align: justify;\"><strong>&#8216;Aile Sigortas\u0131 gelince ye\u015fil kart iptal edilmeyecek&#8217;<\/strong><\/p>\n<p style=\"text-align: justify;\">T\u00fcrkiye&#8217;ye temiz ve namuslu siyaseti getirece\u011fini s\u00f6yleyen K\u0131l\u0131\u00e7daro\u011flu, cumhuriyet tarihinde ilk kez AKP h\u00fck\u00fcmeti d\u00f6neminde canl\u0131 hayvan ithal edildi\u011fini ifade ederek &#8220;Bunun hesab\u0131n\u0131 soran bu karde\u015finiz. Sizin ad\u0131n\u0131za soruyorum. Bu \u00fclkenin \u00fcreticisi, besicisi i\u00e7in soruyorum. Besiciyi yok etti ben de biliyorum. D\u0131\u015far\u0131dan getirece\u011fine niye \u00e7ift\u00e7iye destek vermiyorsun?&#8221; dedi. T\u00fcrkiye&#8217;nin 1 y\u0131lda d\u0131\u015far\u0131dan ithal edilen tar\u0131msal \u00fcr\u00fcne 20 milyar dolar \u00f6dedi\u011fini kaydeden K\u0131l\u0131\u00e7daro\u011flu, &#8220;20 milyar dolar\u0131n 5 milyar dolar\u0131n\u0131 bizim \u00e7ift\u00e7imize \u00f6de, de\u011fil T\u00fcrkiye&#8217;yi, de\u011fil Orta Do\u011fu&#8217;yu b\u00fct\u00fcn d\u00fcnyay\u0131 besler&#8221; dedi. K\u0131l\u0131\u00e7daro\u011flu, &#8220;Aile sigortas\u0131 gelirse ye\u015fil kartlar iptal edilecek&#8221; \u015feklinde propaganda yap\u0131ld\u0131\u011f\u0131n\u0131 belirterek &#8220;Bu kocaman bir yalan. Ye\u015fil kart sa\u011fl\u0131k sigortas\u0131d\u0131r, \u00f6b\u00fcr\u00fc ailenin sigortas\u0131d\u0131r. Aile sigortas\u0131n\u0131n oldu\u011fu her yerde ye\u015fil kart da olacak, sa\u011fl\u0131k sigortas\u0131 da olacak, o iptal edilmeyecek&#8221; dedi.<\/p>\n<p style=\"text-align: justify;\"><strong>&#8216;\u00d6zel sekt\u00f6r gelmezse devlet yat\u0131r\u0131m yapacak&#8217;<\/strong><\/p>\n<p style=\"text-align: justify;\">K\u0131l\u0131\u00e7daro\u011flu, Van&#8217;daki \u015feker fabrikas\u0131n\u0131n \u00f6zelle\u015ftirilmek istendi\u011fini kaydederek &#8220;S\u00f6z\u00fcm var, Do\u011fu-G\u00fcneydo\u011fuda bir fabrika \u00f6zelle\u015ftirilmeyecek. Tamam\u0131 devletin olacak, tamam\u0131nda insanlar\u0131m\u0131z \u00e7al\u0131\u015facak, i\u015fsizli\u011fi bitirece\u011fiz. Benim s\u00f6z\u00fcm var, do\u011fu g\u00fcneydo\u011fuya te\u015fvik verece\u011fiz, s\u0131f\u0131r faizli kredi verece\u011fiz. Gelmezse devlet gelip yat\u0131r\u0131m yapacak. \u0130stihdam yaratacak, \u00e7\u00fcnk\u00fc ba\u015fka \u00e7aresi yok. E\u011fer buradaki insanlar\u0131m\u0131z bizim insanlar\u0131m\u0131zsa birisinin yat\u0131r\u0131m yapmas\u0131 laz\u0131m. Ya \u00f6zel sekt\u00f6r yapacak, o yapmazsa devlet yapacak&#8221; diye konu\u015ftu.<\/p>\n<p style=\"text-align: justify;\"><strong>&#8216;Milletimize g\u00fcveniyoruz, s\u0131n\u0131r kap\u0131s\u0131n\u0131 a\u00e7aca\u011f\u0131z&#8217;<\/strong><\/p>\n<p style=\"text-align: justify;\">Miting alan\u0131ndaki baz\u0131 yurtta\u015flar\u0131n &#8220;S\u0131n\u0131r kap\u0131s\u0131n\u0131n a\u00e7\u0131ls\u0131n&#8221; diye ba\u011f\u0131rmas\u0131 \u00fczerine K\u0131l\u0131\u00e7daro\u011flu, &#8220;S\u0131n\u0131r kap\u0131s\u0131n\u0131n a\u00e7\u0131lmas\u0131 laz\u0131m. \u0130stikrarl\u0131, \u00fc\u00e7 g\u00fcn a\u00e7, 7 sene kapat de\u011fil. Onlar a\u00e7mazlar, biz a\u00e7ar\u0131z. Allah a\u015fk\u0131na s\u0131n\u0131r ticaretini a\u00e7m\u0131yorsan bu b\u00f6lgenin insan\u0131na g\u00fcvenmiyorsun demektir. Biz g\u00fcveniyoruz. Milletimize g\u00fcveniyoruz, s\u0131n\u0131r kap\u0131s\u0131n\u0131 a\u00e7aca\u011f\u0131z&#8221; dedi. S\u0131n\u0131r ticaretinin canlanmas\u0131 gerekti\u011fini s\u00f6yleyen K\u0131l\u0131\u00e7daro\u011flu, &#8220;Kar\u015f\u0131da d\u00fc\u015fman devlet yok, biz de onlar\u0131n d\u00fc\u015fman\u0131 de\u011filiz. Hatta baz\u0131 akrabalar\u0131m\u0131z orada, onlar\u0131n da akrabalar\u0131 burada, gidip geliyorlar, niye s\u0131n\u0131r ticaretini a\u00e7m\u0131yoruz?&#8221; diye sordu. K\u0131l\u0131\u00e7daro\u011flu, s\u0131n\u0131rdan ka\u00e7ak mazot da getirildi\u011fini kaydederek &#8220;Ne yaps\u0131n, ge\u00e7inemiyor. \u0130\u015f verdin de \u00e7al\u0131\u015fmad\u0131 m\u0131? O zaman serbest b\u0131rakaca\u011f\u0131z&#8221; dedi. Getirilen mazotu kamyon \u015fof\u00f6r\u00fcn\u00fcn ya da \u00e7ift\u00e7ilerin kulland\u0131\u011f\u0131na dikkat \u00e7eken K\u0131l\u0131\u00e7daro\u011flu, \u00e7ift\u00e7ilere mazotun 1.5 liraya verilece\u011fini s\u00f6yledi.<\/p>\n<p style=\"text-align: justify;\"><strong>&#8216;Darbeyi kim yapt\u0131ysa hesab\u0131n\u0131 sormazsam namerdim&#8217;<\/strong><\/p>\n<p style=\"text-align: justify;\">K\u0131l\u0131\u00e7daro\u011flu, bir \u00fclkede demokrasi olmamas\u0131 durumunda orada \u00e7at\u0131\u015fman\u0131n olaca\u011f\u0131n\u0131 ifade ederek &#8220;Bir \u00fclkede \u00f6zg\u00fcrl\u00fck yoksa o \u00fclkede \u00e7at\u0131\u015fma, kavga vard\u0131r. O \u00fclkede bar\u0131\u015f, huzur olmaz. Bir, halk\u0131n iktidar\u0131nda y\u00fczde 10 baraj\u0131n\u0131 kald\u0131raca\u011f\u0131m, bu garabete son verece\u011fim. Ne demek y\u00fczde 10 baraj\u0131? Bunlar 12 Eyl\u00fcl&#8217;le hesapla\u015facaklard\u0131 de\u011fil mi? 12 Eyl\u00fcl \u00fcr\u00fcn\u00fc olanlar, 12 Eyl\u00fcl&#8217;den hesap soramaz. Biz soraca\u011f\u0131z, kim darbeyi yapt\u0131ysa hesab\u0131n\u0131 sormazsam namerdim&#8221; diye konu\u015ftu.<\/p>\n<p style=\"text-align: justify;\"><strong>&#8216;Yeni CHP \u00f6zg\u00fcrl\u00fckten yanad\u0131r&#8217;<\/strong><\/p>\n<p style=\"text-align: justify;\">K\u0131l\u0131\u00e7daro\u011flu, darbelere dayanak te\u015fkil etti\u011fi s\u00f6ylenen TSK \u0130\u00e7 Hizmet Kanunu&#8217;nun 35. maddesinin kald\u0131r\u0131lmas\u0131, y\u00fczde 10 baraj\u0131n\u0131n kald\u0131r\u0131lmas\u0131, kay\u0131plar\u0131n ve faili me\u00e7hullerin ara\u015ft\u0131r\u0131lmas\u0131 i\u00e7in verdikleri kanun tekliflerinin AKP oylar\u0131yla reddedildi\u011fini belirterek &#8220;Yeni CHP diyorum size. Yeni, \u00f6zg\u00fcrl\u00fckten yana, halktan yana, halk\u0131n sorunlar\u0131n\u0131 dinleyen CHP&#8217;den s\u00f6z ediyorum size&#8221; dedi.<\/p>\n<p style=\"text-align: justify;\">\u00d6zel yetkili mahkemelerin de kald\u0131r\u0131lmas\u0131n\u0131 teklif ettiklerini an\u0131msatan K\u0131l\u0131\u00e7daro\u011flu, KCK tutuklamalar\u0131na da de\u011findi. K\u0131l\u0131\u00e7daro\u011flu, hangi g\u00f6r\u00fc\u015ften olursa olsun se\u00e7imle gelen belediye ba\u015fkanlar\u0131na sayg\u0131 duyduklar\u0131n\u0131 ifade ederek &#8220;Siz, se\u00e7imle gelen belediye ba\u015fkanlar\u0131n\u0131 bir de\u011fil, iki de\u011fil, \u00fc\u00e7 de\u011fil, alacaks\u0131n\u0131z, hapse atacaks\u0131n\u0131z. Bu, halk\u0131n iradesine s\u0131n\u0131r getirmek demektir. Halk\u0131n iradesine sayg\u0131 duymamak demektir&#8221; diye konu\u015ftu.<\/p>\n<p style=\"text-align: justify;\"><strong>&#8216;Hapishane de\u011fil fabrika kuraca\u011f\u0131z&#8217;<\/strong><\/p>\n<p style=\"text-align: justify;\">Ba\u015fbakan Erdo\u011fan&#8217;\u0131n siyasi yasa\u011f\u0131n\u0131n, CHP&#8217;nin deste\u011fiyle kald\u0131r\u0131ld\u0131\u011f\u0131n\u0131 an\u0131msatarak &#8220;Bizim gibi d\u00fc\u015f\u00fcnmeyenlere de demokrasilerde sayg\u0131 g\u00f6stermek bir insanl\u0131k hakk\u0131d\u0131r, bir g\u00f6revdir&#8221; dedi. K\u0131l\u0131\u00e7daro\u011flu, devletin resmi rakamlar\u0131na g\u00f6re AKP iktidar\u0131nda 49 yeni hapishane yap\u0131ld\u0131\u011f\u0131n\u0131, Ba\u015fbakan Erdo\u011fan&#8217;\u0131n &#8220;Eski hapishaneyi yapaca\u011f\u0131m, yeni hapishane yapaca\u011f\u0131m&#8221; dedi\u011fini kaydederek &#8220;Biz 49 hapishane de\u011fil, 60 de\u011fil, 400 tane fabrika kuraca\u011f\u0131z&#8221; dedi. Van&#8217;dan yeterince oy alamad\u0131klar\u0131n\u0131 ancak az oy almalar\u0131n\u0131n nedeninin Vanl\u0131lar de\u011fil, buraya gelmedikleri i\u00e7in kendileri oldu\u011funu dile getirerek &#8220;\u015eimdi ben geliyorum, daha \u00e7ok gelece\u011fim buraya. Vanl\u0131larla konu\u015faca\u011f\u0131m, dertlerini dinleyece\u011fim, mecliste sizin sesiniz, sizin s\u00f6z\u00fcn\u00fcz olaca\u011f\u0131m&#8221; diye konu\u015ftu.<\/p>\n<p style=\"text-align: justify;\"><strong>&#8216;Tesis a\u00e7m\u0131\u015flar, milleti kand\u0131rmak do\u011fru de\u011fildir&#8217;<\/strong><\/p>\n<p style=\"text-align: justify;\">Ba\u015fbakan Erdo\u011fan ge\u00e7ti\u011fimiz hafta Van&#8217;da 365 tesisi hizmete a\u00e7t\u0131\u011f\u0131n\u0131 belirten K\u0131l\u0131\u00e7daro\u011flu, &#8220;365 tesiste bir bek\u00e7i bir de \u00e7al\u0131\u015fan olsa 700 ki\u015fi i\u015f bulacak. 700 ki\u015fi i\u015f buldu mu?&#8221; diye sordu. K\u0131l\u0131\u00e7daro\u011flu, &#8220;Tesislerden birisini s\u00f6yleyeyim, okulun badanas\u0131 boyas\u0131 yap\u0131lm\u0131\u015f. Yollarda hani gidiyorsunuz ya, Erci\u015f, Van, Diyarbak\u0131r, onlar da birer tesis, haberiniz yok sizin. Su musluklar\u0131na klor azals\u0131n diye birer tane c\u0131vata takm\u0131\u015far, o da bir tesis. Bana inanm\u0131yorsan\u0131z \u015fu kitaba bir bak\u0131n. Milleti kand\u0131rmak do\u011fru de\u011fildir&#8221; dedi.<\/p>\n<p style=\"text-align: justify;\"><strong>&#8216;Daha \u00f6nce sorun vard\u0131, ne oldu?&#8217;<\/strong><\/p>\n<p style=\"text-align: justify;\">K\u0131l\u0131\u00e7daro\u011flu, Ba\u015fbakan Erdo\u011fan&#8217;\u0131n ge\u00e7ti\u011fimiz g\u00fcnlerde Hakkari&#8217;de yapt\u0131\u011f\u0131 &#8220;K\u00fcrt sorunu yoktur&#8221; a\u00e7\u0131klamas\u0131na yan\u0131t vererek \u015f\u00f6yle konu\u015ftu: &#8220;Daha \u00f6nce sorun vard\u0131, ne oldu? 30 y\u0131ld\u0131r devam eden olay\u0131n \u00e7\u00f6z\u00fcms\u00fczl\u00fc\u011f\u00fc siyaset kurumunun g\u00f6revini yapmamas\u0131ndan kaynaklan\u0131yor. Siyaset kurumu g\u00f6revini yapm\u0131yor, \u00e7\u00f6z\u00fcm \u00fcretmiyor, elini ta\u015f\u0131n alt\u0131na koymuyor. \u00c7\u00f6z\u00fcm \u00fcretmedi\u011fi i\u00e7in de \u00e7at\u0131\u015fma bitmiyor, huzur bu memlekete gelmiyor. Benim s\u00f6z\u00fcm var, bedeli ne olursa olsun bu \u00fclkeye bar\u0131\u015f\u0131 getirece\u011fim, bu \u00fclkede karde\u015fli\u011fi egemen k\u0131laca\u011f\u0131m, \u00e7at\u0131\u015fmay\u0131 da bitirece\u011fim&#8221;. Meydandakilere &#8220;Ben sizin \u00e7ocu\u011funuzum, bu topraklar\u0131n \u00e7ocu\u011fuyum&#8221; diye seslenen K\u0131l\u0131\u00e7daro\u011flu, hi\u00e7bir zaman insanlar\u0131 inanc\u0131 ve kimli\u011fi dolay\u0131s\u0131yla ay\u0131rd\u0131\u011f\u0131n\u0131 vurgulad\u0131.<\/p>\n<p style=\"text-align: justify;\"><strong>DSP Van \u0130l \u00d6rg\u00fct\u00fc CHP&#8217;ye kat\u0131ld\u0131<\/strong><\/p>\n<p style=\"text-align: justify;\">\u00d6te yandan DSP Van \u0130l \u00d6rg\u00fct\u00fc, milletvekili adaylar\u0131yla birlikte CHP&#8217;ye kat\u0131ld\u0131. K\u0131l\u0131\u00e7daro\u011flu&#8217;nun rozet takt\u0131\u011f\u0131 eski DSP \u0130l Ba\u015fkan\u0131 Cahit Akba\u015f, \u00f6n\u00fcm\u00fczdeki se\u00e7imlerde T\u00fcrkiye&#8217;nin gelece\u011finin oylanaca\u011f\u0131n\u0131, geleceklerinin karart\u0131lmamas\u0131 i\u00e7in CHP&#8217;de konsens\u00fcs yaratt\u0131klar\u0131n\u0131 ifade ederek alanda bulunanlara &#8220;Bu sahte kabaday\u0131y\u0131 pa\u00e7as\u0131ndan tutup a\u015fa\u011f\u0131 \u00e7ekecek misiniz&#8221; diye sordu.<\/p>\n<p style=\"text-align: justify;\"><strong>Bitlis mitingi<\/strong><\/p>\n<p style=\"text-align: justify;\">K\u0131l\u0131\u00e7daro\u011flu Bitlis&#8217;te yapt\u0131\u011f\u0131 konu\u015fmada ise \u015funlar\u0131 s\u00f6yledi:<\/p>\n<p style=\"text-align: justify;\">&#8221;Bu \u00fclkenin k\u00f6t\u00fc talihini d\u00fczeltmek i\u00e7in geldik&#8221; diyen K\u0131l\u0131\u00e7daro\u011flu, \u015f\u00f6yle konu\u015ftu:<\/p>\n<p style=\"text-align: justify;\">&#8221;Bunun i\u00e7in sizden oy istiyoruz. Bizim oyumuz Bitlis&#8217;te \u00e7ok d\u00fc\u015f\u00fckt\u00fc. Ama kabahat sizde de\u011fil, kabahat bizim. Size gelmedik &#8216;merhaba&#8217; demedik, elinizi s\u0131kmad\u0131k, derdinizi dinlemedik, bir \u00e7ay\u0131n\u0131z\u0131 i\u00e7medik. Ankara&#8217;da oturduk &#8216;bana oy ver&#8217; dedik. Yeni CHP halk\u0131n sorunlar\u0131na kilitlenen partidir. Yeni CHP, herkesin kimli\u011fine, herkesin inanc\u0131na sayg\u0131 g\u00f6steren partidir. Yeni CHP kul hakk\u0131 yemeyen, kul hakk\u0131 yiyeceklerden hesap soran bir partidir. Yeni CHP \u00f6zg\u00fcrl\u00fckten demokrasiden yana bir partidir. \u015eimdi diyorlar ki &#8216;T\u00fcrkiye b\u00fcy\u00fcs\u00fcn istikrar s\u00fcrs\u00fcn&#8217;. \u00d6yle diyorlar. Bitlis b\u00fcy\u00fcd\u00fc m\u00fc? Bitlis b\u00fcy\u00fcseydi milletvekili say\u0131s\u0131 d\u00f6rtten \u00fc\u00e7e inmezdi. Milletvekili say\u0131s\u0131n\u0131 d\u00f6rtten \u00fc\u00e7e indiren iktidardan Bitlisliler&#8217;in hesap sormas\u0131 laz\u0131m.&#8221;<\/p>\n<p style=\"text-align: justify;\"><strong>TEKEL i\u015f\u00e7ileri<\/strong><\/p>\n<p style=\"text-align: justify;\">1930&#8217;larda 1940&#8217;larda kurulan Bitlis&#8217;te T\u00fct\u00fcn Fabrikas\u0131 oldu\u011funu ve Bitlis&#8217;in sigaras\u0131n\u0131n bulundu\u011funu belirten K\u0131l\u0131\u00e7daro\u011flu, gen\u00e7li\u011finde kendisinin de &#8221;bulunca Bitlis sigaras\u0131 i\u00e7ti\u011fini, bu sigaran\u0131n hem ucuz oldu\u011funu hem de me\u015fhur Bitlis t\u00fct\u00fcn\u00fcnden \u00fcretildi\u011fini&#8221; anlatt\u0131.<\/p>\n<p style=\"text-align: justify;\">Bitlis&#8217;te t\u00fct\u00fcnc\u00fcl\u00fc\u011f\u00fcn kalmad\u0131\u011f\u0131n\u0131 ifade eden K\u0131l\u0131\u00e7daro\u011flu, s\u00f6zlerine \u015f\u00f6yle devam etti:<\/p>\n<p style=\"text-align: justify;\">&#8221;T\u00fct\u00fcn kald\u0131 m\u0131? Bitlis&#8217;in t\u00fct\u00fcn\u00fc sadece T\u00fcrkiye&#8217;de de\u011fil, b\u00fct\u00fcn d\u00fcnyada bilinen bir t\u00fct\u00fcnd\u00fcr. Bitlis t\u00fct\u00fcn\u00fc denince Amerika&#8217;da da Fransa&#8217;da da akan sular dururdu. \u015eimdi t\u00fct\u00fcn \u00fcreticisini bitirdiler, sigara fabrikas\u0131n\u0131n kapatt\u0131lar. TEKEL i\u015f\u00e7ilerini 4-C&#8217;li yapt\u0131lar, Ankara&#8217;dan biber gaz\u0131yla Bitlis&#8217;e g\u00f6nderdiler. O i\u015f\u00e7iler sadece hak istiyordu. Hak isteyen bir insana biber gaz\u0131 at\u0131l\u0131r m\u0131? Hak isteyen bir insana cop vurulur mu? Demokrasi ve \u00f6zg\u00fcrl\u00fck i\u00e7inde hak isteyen bir insana sadece sayg\u0131 duyulur.<\/p>\n<p style=\"text-align: justify;\">Bitlis&#8217;in tarihi, Bitlis&#8217;in k\u00fclt\u00fcr\u00fc ve Bitlis&#8217;in t\u00fcrk\u00fcleri var. Hi\u00e7 bir \u015fey yoksa Bitlis&#8217;in be\u015f minaresi var. Bitlis tar\u0131m ve hayvanc\u0131l\u0131\u011f\u0131n da merkeziydi. Siz 87 y\u0131ll\u0131k Cumhuriyet tarihi boyunca yurt d\u0131\u015f\u0131ndan ithal kurbanl\u0131k koyun getiren bir h\u00fck\u00fcmet duydunuz mu? Ben biliyorum. Hangi h\u00fck\u00fcmet getirdi. AKP getirdi. 12 Haziran&#8217;da sand\u0131\u011fa giderken elinizi vicdan\u0131n\u0131za koyun ve oyunuzu \u00f6yle kullan\u0131n. Bizim \u00fclkemiz, yani Bitlis&#8217;in yaylalar\u0131 var m\u0131, ovalar\u0131 var m\u0131, meralar\u0131 var m\u0131, \u00e7al\u0131\u015fkan insanlar\u0131 var m\u0131, g\u00fcne\u015fimiz var m\u0131, ya\u011fmurumuz var m\u0131, sular\u0131m\u0131z var m\u0131, var. Her \u015fey var. Neden ithal kurbanl\u0131k koyun d\u0131\u015fardan gelir. Angus getirdiler. \u0130thal koyun geldi, sonra ithal \u00f6\u011fretmene, sonra ithal doktora, herhalde sonra ithal politikac\u0131ya gitmek zorunda kalacaklar. Hesab\u0131n\u0131 sormak size ait.&#8221;<\/p>\n<p style=\"text-align: justify;\"><strong>&#8220;Yoksullar\u0131 sosyal devletin korumas\u0131 alt\u0131na alaca\u011f\u0131z&#8221;<\/strong><\/p>\n<p style=\"text-align: justify;\">H\u00fck\u00fcmetin politikalar\u0131n\u0131 ele\u015ftiren K\u0131l\u0131\u00e7daro\u011flu, iktidar olduklar\u0131nda yolsuzluklar\u0131n \u00f6n\u00fcn\u00fc keseceklerini ifade etti.<\/p>\n<p style=\"text-align: justify;\">K\u0131l\u0131\u00e7daro\u011flu, \u015f\u00f6yle konu\u015ftu:<\/p>\n<p style=\"text-align: justify;\">&#8221;Ben Recep Tayyip Erdo\u011fan&#8217;\u0131n kimyas\u0131n\u0131 bozdum, ezberini bozdum, \u015fifresini de \u00e7\u00f6zd\u00fcm. Bak\u0131n\u0131z ezberini bozdum art\u0131k itiraflara ba\u015flad\u0131. Efendim, &#8216;Benim bakanlar\u0131m yolsuzluk yapt\u0131. O nedenle bunlar\u0131 milletvekili listesine almad\u0131m&#8217; diyor. Ben de \u00e7\u0131kt\u0131m dedim ki &#8216;Allah a\u015fk\u0131na hangi bakan\u0131, yolsuzluk yapt\u0131 diye listeye almad\u0131n. \u00c7\u0131k a\u00e7\u0131kla&#8217;. \u015eimdi &#8216;Sen benim i\u00e7 i\u015flerime kar\u0131\u015fma&#8217; diyor. Ya yolsuzluk yapm\u0131\u015f, kul hakk\u0131 yemi\u015f. Ben bunun hesab\u0131n\u0131 sormayay\u0131m da kime soraca\u011f\u0131m. Mahallenin bakkal\u0131na m\u0131 soraca\u011f\u0131m. Bitlislilere mi soraca\u011f\u0131m. Sana soraca\u011f\u0131m. Sen \u00e7al\u0131\u015ft\u0131n, sen korudun, sen s\u0131rt\u0131n\u0131 s\u0131vazlad\u0131n. Kul hakk\u0131 yedi, sen sesini \u00e7\u0131karmad\u0131n. Ben bunu soraca\u011f\u0131m. Beraber soraca\u011f\u0131z. Halk\u0131n iktidar\u0131nda beraber soraca\u011f\u0131z. \u00c7\u00fcnk\u00fc AKP&#8217;nin bir \u00f6zelli\u011fi var. &#8216;Millet \u00e7al\u0131\u015fmas\u0131n, millet \u00fcretmesin, millet yoksul kals\u0131n. Ben de oyumu alay\u0131m&#8217;. Politikas\u0131 bu.&#8221;<\/p>\n<p style=\"text-align: justify;\">\u00dclkede 12 milyon 715 bin yoksul oldu\u011funu, bu yoksullar\u0131 sosyal devletin korumas\u0131 alt\u0131na alacaklar\u0131n\u0131 belirten K\u0131l\u0131\u00e7daro\u011flu, her yoksul aileye, geliri olmayan her aileye 600 lira ayl\u0131k vereceklerini bildirdi.<\/p>\n<p style=\"text-align: justify;\">K\u0131l\u0131\u00e7daro\u011flu, &#8221;Onlar\u0131 namerde muhta\u00e7 etmeyece\u011fiz. Biz bunu s\u00f6yledik. Diyorlar ki &#8216;Siz bu paray\u0131 neden bulacaks\u0131n\u0131z&#8217;. Yanda\u015fa gelince var, hortumcuya gelince var, yedi g\u00f6bek s\u00fclaleye gelince var. Yoksula gelince para yok. Biz sizlere s\u00f6z veriyoruz, AKP Genel Merkezine ba\u011flanan hortumlar\u0131 kesece\u011fiz, o paray\u0131 yoksul insanlara verece\u011fiz&#8221; diye konu\u015ftu.<\/p>\n<p style=\"text-align: justify;\"><a href=\"http:\/\/www.cumhuriyet.com.tr\/?hn=246318&amp;kw=G%FCneydo%F0u%27da+K%FDl%FD%E7daro%F0lu%27na+b%FCy%FCk+ilgi+\" target=\"_blank\">Kaynak : Cumhuriyet Haber Portal\u0131<\/a><\/p>\n","protected":false},"excerpt":{"rendered":"<p style=\"text-align: justify;\">\n<p style=\"text-align: justify;\">CHP Genel Ba\u015fkan\u0131 Kemal K\u0131l\u0131\u00e7daro\u011flu G\u00fcneydo\u011fu&#8217;daki illeri gezdi. Van, Hakkari ve Bitlis&#8217;te K\u0131l\u0131\u00e7daro\u011flu&#8217;na ilgi yo\u011fundu. K\u0131l\u0131\u00e7daro\u011flu, Hakkari&#8217;de yapt\u0131\u011f\u0131 a\u00e7\u0131klamada, &#8216;Belediye ba\u015fkanlar\u0131n\u0131n Ankara&#8217;ya gidip para dilenmesini ortadan kald\u0131rmak i\u00e7in&#8217; yerel y\u00f6netimlerin g\u00fc\u00e7lenmesi noktas\u0131nda \u00f6zerkli\u011fi savundu.<\/p>\n","protected":false},"author":1,"featured_media":0,"comment_status":"open","ping_status":"closed","sticky":false,"template":"","format":"standard","meta":{"footnotes":""},"categories":[105],"tags":[],"class_list":["post-33390","post","type-post","status-publish","format-standard","hentry","category-gundem","odd"],"_links":{"self":[{"href":"http:\/\/www.korhanyilmaz.com\/index.php?rest_route=\/wp\/v2\/posts\/33390","targetHints":{"allow":["GET"]}}],"collection":[{"href":"http:\/\/www.korhanyilmaz.com\/index.php?rest_route=\/wp\/v2\/posts"}],"about":[{"href":"http:\/\/www.korhanyilmaz.com\/index.php?rest_route=\/wp\/v2\/types\/post"}],"author":[{"embeddable":true,"href":"http:\/\/www.korhanyilmaz.com\/index.php?rest_route=\/wp\/v2\/users\/1"}],"replies":[{"embeddable":true,"href":"http:\/\/www.korhanyilmaz.com\/index.php?rest_route=%2Fwp%2Fv2%2Fcomments&post=33390"}],"version-history":[{"count":0,"href":"http:\/\/www.korhanyilmaz.com\/index.php?rest_route=\/wp\/v2\/posts\/33390\/revisions"}],"wp:attachment":[{"href":"http:\/\/www.korhanyilmaz.com\/index.php?rest_route=%2Fwp%2Fv2%2Fmedia&parent=33390"}],"wp:term":[{"taxonomy":"category","embeddable":true,"href":"http:\/\/www.korhanyilmaz.com\/index.php?rest_route=%2Fwp%2Fv2%2Fcategories&post=33390"},{"taxonomy":"post_tag","embeddable":true,"href":"http:\/\/www.korhanyilmaz.com\/index.php?rest_route=%2Fwp%2Fv2%2Ftags&post=33390"}],"curies":[{"name":"wp","href":"https:\/\/api.w.org\/{rel}","templated":true}]}}