{"id":33384,"date":"2011-05-23T16:05:23","date_gmt":"2011-05-23T13:05:23","guid":{"rendered":"http:\/\/www.korhanyilmaz.com\/?p=33384"},"modified":"2011-05-23T16:05:23","modified_gmt":"2011-05-23T13:05:23","slug":"o-bakan-neden-vandan-aday-olamadi","status":"publish","type":"post","link":"http:\/\/www.korhanyilmaz.com\/?p=33384","title":{"rendered":"&#8220;O bakan neden Van&#8217;dan aday olamad\u0131?&#8221;"},"content":{"rendered":"<p style=\"text-align: center;\"><a href=\"http:\/\/www.korhanyilmaz.com\/wp-content\/uploads\/2011\/05\/308.jpg\"  class=\"lightview\"><img loading=\"lazy\" decoding=\"async\" class=\"aligncenter size-full wp-image-33386\" src=\"http:\/\/www.korhanyilmaz.com\/wp-content\/uploads\/2011\/05\/308.jpg\" alt=\"\" width=\"403\" height=\"207\" \/><\/a><\/p>\n<p style=\"text-align: justify;\">CHP lideri K\u0131l\u0131\u00e7daro\u011flu, Van&#8217;da b\u00f6lgeye bar\u0131\u015f\u0131 getirece\u011fine, Do\u011fu ve G\u00fcneydo\u011fu&#8217;da hi\u00e7bir fabrikay\u0131 \u00f6zelle\u015ftirmeyece\u011fine s\u00f6z verdi, daha sonra AK Parti Van Milletvekili Bakan H\u00fcseyin \u00c7elik&#8217;i halka sordu&#8230;<\/p>\n<p style=\"text-align: justify;\">VAN- CHP Genel Ba\u015fkan\u0131 Kemal K\u0131l\u0131\u00e7daro\u011flu, &#8221;S\u00f6z\u00fcm var, Do\u011fu ve G\u00fcneydo\u011fu&#8217;da bir fabrika \u00f6zelle\u015ftirilmeyecek, tamam\u0131 devletin olacak&#8221; dedi. <!--more--><\/p>\n<p style=\"text-align: justify;\">\u00d6zel u\u00e7akla Van&#8217;a gelen K\u0131l\u0131\u00e7daro\u011flu, parti otob\u00fcs\u00fcyle miting alan\u0131na geldi. K\u0131l\u0131\u00e7daro\u011flu Be\u015fyol Meydan\u0131&#8217;nda d\u00fczenlenen miting \u00f6ncesi, CHP&#8217;ye kat\u0131lan DSP \u0130l Ba\u015fkan\u0131 Cahit Akba\u015f ile il\u00e7e y\u00f6netimine parti rozetini takt\u0131.<\/p>\n<p style=\"text-align: justify;\"><strong>&#8220;O BAKANINIZA NE OLDU?&#8221;<\/strong><\/p>\n<div id=\"attachment_33387\" style=\"width: 280px\" class=\"wp-caption alignleft\"><a href=\"http:\/\/www.korhanyilmaz.com\/wp-content\/uploads\/2011\/05\/3091.jpg\"  class=\"lightview\"><img loading=\"lazy\" decoding=\"async\" aria-describedby=\"caption-attachment-33387\" class=\"size-full wp-image-33387\" style=\"margin-left: 10px; margin-right: 10px;\" src=\"http:\/\/www.korhanyilmaz.com\/wp-content\/uploads\/2011\/05\/3091.jpg\" alt=\"\" width=\"270\" height=\"180\" \/><\/a><p id=\"caption-attachment-33387\" class=\"wp-caption-text\">H\u00fcseyin \u00c7elik bu d\u00f6nem Van&#39;dan aday g\u00f6sterilmedi, ba\u015fka bir ile kayd\u0131r\u0131ld\u0131...<\/p><\/div>\n<p style=\"text-align: justify;\">Aile sigortas\u0131 hakk\u0131nda bilgi veren K\u0131l\u0131\u00e7daro\u011flu, AK Parti Van Milletvekili, Bakan H\u00fcseyin \u00c7elik&#8217;e g\u00f6nderme yaparak &#8221;Allah a\u015fk\u0131na 100 liradan 2 liray\u0131 yoksula ay\u0131rd\u0131\u011f\u0131n\u0131z zaman bunun kayna\u011f\u0131 sorulur mu? Bunun kayna\u011f\u0131 soruldu\u011fu zaman, ben de s\u00f6z veriyorum, bizi iktidar yap\u0131n AKP Genel Merkezine ba\u011flanal\u0131m. Hortumlar\u0131 kesece\u011fiz, siz hortumun ne oldu\u011funu benden daha iyi biliyorsunuz. Burada bir bakan\u0131n\u0131z vard\u0131 de\u011fil mi, ne oldu? Yak\u0131nlar\u0131 ne oldu, k\u00f6\u015feyi d\u00f6nd\u00fc de\u011fil mi? Ben merak ediyorum, bu bakan madem Vanl\u0131, madem Vanl\u0131lar \u00e7ok seviyor. Neden ba\u015fka yerden aday\u0131 oluyor? Neden Van&#8217;dan milletvekili aday\u0131 de\u011fil? Niye ka\u00e7\u0131yor, niye korkuyor?&#8221; diye konu\u015ftu.<\/p>\n<p style=\"text-align: justify;\"><strong>&#8221;B\u0130R FABR\u0130KA \u00d6ZELLE\u015eT\u0130R\u0130LMEYECEK&#8221;<\/strong><\/p>\n<p style=\"text-align: justify;\">Van&#8217;\u0131n Erci\u015f il\u00e7esindeki \u015feker fabrikas\u0131na da de\u011finen K\u0131l\u0131\u00e7daro\u011flu, \u015f\u00f6yle devam etti:<\/p>\n<p style=\"text-align: justify;\">&#8221;Erci\u015f&#8217;te \u015feker fabrikas\u0131 var, se\u00e7imden sonra sat\u0131lacak. E\u011fer diyorsan\u0131z ki &#8216;bu fabrika burada fazlad\u0131r, gerek yoktur, ihtiya\u00e7 yoktur, o da sat\u0131ls\u0131n&#8217;, diyorsan\u0131z, eyvallah. Oyunuzu gidin AKP&#8217;ye verin, hi\u00e7 itiraz\u0131m yok ama &#8216;\u015feker fabrikas\u0131 laz\u0131m, \u00e7ift\u00e7i pancar \u00fcretsin, insanlar \u00e7al\u0131\u015fs\u0131n, emek versin&#8217; diyorsan\u0131z, s\u0131rt\u0131n\u0131z\u0131 AKP&#8217;ye d\u00f6n\u00fcn kar\u015f\u0131n\u0131zda CHP&#8217;yi g\u00f6receksiniz. Yeni CHP, hepinizi oraya bekliyoruz. S\u00f6z\u00fcm var: Do\u011fu ve G\u00fcneydo\u011fu&#8217;da bir fabrika \u00f6zelle\u015ftirilmeyecek, tamam\u0131 devletin olacak, tamam\u0131n da insanlar \u00e7al\u0131\u015facak. \u0130\u015fsizli\u011fi bitirece\u011fiz. Benim s\u00f6z\u00fcm var: Do\u011fu ve G\u00fcneydo\u011fu&#8217;ya te\u015fvik verece\u011fiz, s\u0131f\u0131r faizli kredi verece\u011fiz. Gelmezse, devlet gelecek do\u011frudan burada yat\u0131r\u0131m yapacak, istihdam yaratacak. E\u011fer bu \u00fclkenin insan\u0131 bizim insan\u0131m\u0131zsa, birin gelip yat\u0131r\u0131m yapmas\u0131 laz\u0131m. Ya \u00f6zel sekt\u00f6r ya da devlet yapacak.&#8221;<\/p>\n<p style=\"text-align: justify;\"><strong>&#8220;BEDEL\u0130 NE OLURSA OLSUN BU \u00dcLKEYE BARI\u015eI GET\u0130RECE\u011e\u0130M&#8221;<\/strong><\/p>\n<p style=\"text-align: justify;\">Ba\u015fbakan\u0131n Hakkari mitingine de de\u011finen K\u0131l\u0131\u00e7daro\u011flu, &#8221;Hakkari&#8217;ye gitti dedi ki &#8216;K\u00fcrt sorunu yoktur&#8217;. Daha \u00f6nce sorun var d\u0131 ne oldu?&#8221; diye sordu. 30 y\u0131ld\u0131r devam eden olay\u0131n \u00e7\u00f6z\u00fcms\u00fczl\u00fc\u011f\u00fcn\u00fcn, siyaset kurumunun g\u00f6revini yapmamas\u0131ndan kaynakland\u0131\u011f\u0131n\u0131 vurgulayan K\u0131l\u0131\u00e7daro\u011flu, \u015f\u00f6yle devam etti:<\/p>\n<p style=\"text-align: justify;\">&#8220;Siyaset kurumu g\u00f6revini yapm\u0131yor, \u00e7\u00f6z\u00fcm \u00fcretmiyor, elini ta\u015f\u0131n alt\u0131na koymuyor. \u00c7\u00f6z\u00fcm \u00fcretilmedi\u011fi i\u00e7in \u00e7at\u0131\u015fma bitmiyor ve huzur bu memlekete gelmiyor. Benim s\u00f6z\u00fcm var: Bedeli ne olursa olsun bu \u00fclkeye bar\u0131\u015f\u0131 getirece\u011fim. Bu \u00fclkede kerde\u015fli\u011fi egemen k\u0131laca\u011f\u0131m ve \u00e7at\u0131\u015fmay\u0131 da bitirece\u011fim. Ben sizin \u00e7ocu\u011funuzum ve topraklar\u0131n \u00e7ocu\u011fuyum. Hi\u00e7bir zaman insanlar\u0131 inanc\u0131 ve kimli\u011fi dolay\u0131s\u0131yla ay\u0131rmad\u0131m. \u0130nsan inanc\u0131, d\u00fcnya g\u00f6r\u00fc\u015f\u00fc ve kimli\u011fi, Allah&#8217;\u0131n yaratt\u0131\u011f\u0131 en de\u011ferli varl\u0131kt\u0131r ve benim ba\u015f\u0131m\u0131n \u00fcst\u00fcnde yeri vard\u0131r.&#8221;<\/p>\n<p style=\"text-align: justify;\"><strong>&#8221;AKP FA\u0130L\u0130 ME\u00c7HUL \u00d6NERGELER\u0130M\u0130Z\u0130 REDDETT\u0130&#8221;<\/strong><\/p>\n<p style=\"text-align: justify;\">Ba\u015fbakan Erdo\u011fan&#8217;\u0131n 2002 se\u00e7imlerinde milletvekili olamad\u0131\u011f\u0131n\u0131 vurgulayan K\u0131l\u0131\u00e7daro\u011flu, \u015f\u00f6yle dedi:<\/p>\n<p style=\"text-align: justify;\">&#8221;Anayasa ve se\u00e7im yasas\u0131n\u0131n de\u011fi\u015fmesi gerekiyordu. Se\u00e7imlerde y\u00fczde 34 oy alm\u0131\u015ft\u0131. Halk\u0131n verdi\u011fi oylar\u0131n\u0131n y\u00fczde 34 oyunu alan bir siyasi parti liderinin parlamentoya gelmesi laz\u0131m. Hem Anayasa de\u011fi\u015fikli\u011fi, hem de siyasi partiler kanunu de\u011fi\u015ftirdik. Recep Tayyip Erdo\u011fan gelip milletvekili oldu. \u015eunun i\u00e7in s\u00f6yl\u00fcyorum: Bizim gibi d\u00fc\u015f\u00fcnmeyenlere de sayg\u0131 g\u00f6stermek, insanl\u0131k g\u00f6revdir ama bask\u0131 ve \u015fiddetle de\u011fil. Hukuk i\u00e7inde ve hukukun \u00fcst\u00fcnl\u00fc\u011f\u00fcne inanarak. Bir demokrasi de faili me\u00e7huller, ay\u0131p ve g\u00fcnah de\u011fil mi? Bir anne ve baba, \u00e7ocu\u011funun nerede oldu\u011funu veya bir \u00e7ocuk, babas\u0131n\u0131n nas\u0131l bir faili me\u00e7hule kurban gitti\u011fini \u00f6\u011frenmek istemez mi, su\u00e7lar\u0131n\u0131 \u00f6\u011frenmek istemez mi?<\/p>\n<p style=\"text-align: justify;\">Faili me\u00e7hullerin ara\u015ft\u0131r\u0131lmas\u0131 i\u00e7in 6 kez ara\u015ft\u0131rma \u00f6nergesi verdik, yeni CHP verdi. 6 kez AKP oylar\u0131yla reddedildi. Biz demokrat\u0131z demesinler, demokrat olan insan, insan haklar\u0131na sayg\u0131 g\u00f6sterir. Bir ki\u015finin faili me\u00e7hullere kurban gitmesi insanl\u0131k ay\u0131b\u0131 de\u011fil midir, o insan de\u011fil midir? O insana sayg\u0131 g\u00f6sterilmesi gerekmiyor mu? Benim gibi ve sizin gibi d\u00fc\u015f\u00fcnmeyebilir ama o da bir insan, onun da d\u00fc\u015f\u00fcncesi ve mant\u0131\u011f\u0131 var. Onun da hakk\u0131 var.&#8221;<\/p>\n<p style=\"text-align: justify;\"><strong>&#8221;FABR\u0130KA YAPILMADI, 49 HAP\u0130SHANE YAPILDI&#8221;<\/strong><\/p>\n<p style=\"text-align: justify;\">Bu \u00fclkede insanlar\u0131n birbirlerine selam vermesi, tokala\u015fmas\u0131 i\u00e7in her \u015feyi yapacaklar\u0131n\u0131 ifade eden K\u0131l\u0131\u00e7daro\u011flu, &#8221;AKP d\u00f6neminde fabrika yap\u0131lmad\u0131 ama 49 tane hapishane yap\u0131ld\u0131, yeni hapishane. Bu rakamlar, devletin rakamlar\u0131. Diyarbak\u0131r&#8217;a gitti, &#8216;ben eski hapishaneyi y\u0131kaca\u011f\u0131m size yeni modern bir hapishane yapaca\u011f\u0131m&#8217; dedi. D\u00fcnya siyaset tarihinde, ilk kez bir Ba\u015fbakan hapishane yapmak i\u00e7in millete s\u00f6z veriyor. Hapishane s\u00f6z\u00fc olur mu, fabrika s\u00f6z\u00fc ver, i\u015f s\u00f6z\u00fc ver. 49 hapishane de\u011fil, 49 fabrika kuraca\u011f\u0131z. 49 hapishane de\u011fil, 490 fabrika kuraca\u011f\u0131z&#8221; \u015feklinde konu\u015ftu.<\/p>\n<p style=\"text-align: justify;\"><strong>BA\u015eBAKAN BURADA 365 TES\u0130S A\u00c7MI\u015e!<\/strong><\/p>\n<p style=\"text-align: justify;\">Ba\u015fbakan Recep Tayyip Erdo\u011fan&#8217;\u0131n Van mitingine de de\u011finen K\u0131l\u0131\u00e7daro\u011flu, \u015f\u00f6yle konu\u015ftu:<\/p>\n<p style=\"text-align: justify;\">&#8221;Ge\u00e7en g\u00fcn Say\u0131n Erdo\u011fan buraya gelmi\u015f. 365 tesisi hizmete a\u00e7m\u0131\u015f. 365 tesiste bir bek\u00e7i, bir de \u00e7al\u0131\u015fan olsa 700 ki\u015fi i\u015f bulacak. 700 ki\u015fi i\u015f buldu mu, var m\u0131 b\u00f6yle bir \u015fey? Bundan 3-4 ay \u00f6nce Mardin&#8217;e gidip 78 tesisi hizmete a\u00e7m\u0131\u015ft\u0131. \u0130l ba\u015fkan\u0131ndan, bu tesislerin isim listesini istedim; hangi fabrikalar bunlar. Bir park a\u00e7m\u0131\u015f, park eskiden k\u00f6y hizmetlerine aitmi\u015f. Belediyeye vermi\u015f, o a\u00e7\u0131lm\u0131\u015f. Bir duvar yapm\u0131\u015flar ve okulun badanas\u0131 yap\u0131lm\u0131\u015f, burada da ayn\u0131s\u0131n\u0131 yapm\u0131\u015flar. 365 tesis hizmete a\u00e7\u0131lm\u0131\u015f ve kitap yapm\u0131\u015flar. Tesislerden biri, okulun badanas\u0131 yap\u0131lm\u0131\u015f. Hani yollarda giderken tabelalar var ya, onlar da birer tesis, haberiniz yok sizin. Efendim daha \u00f6nemli bir \u015fey. Klor azals\u0131n diye su musluklar\u0131na, birer civata takm\u0131\u015flar o da bir tesis. Bana inanm\u0131yorsan\u0131z bu kitaba bak\u0131n. Milleti kand\u0131rmay\u0131n, tesis dedi\u011finiz de a\u00e7ars\u0131n\u0131z fabrikay\u0131 g\u00f6r\u00fcrs\u00fcn arkada\u015f. \u015eu fabrikay\u0131 a\u00e7t\u0131m 15 ki\u015fi \u00e7al\u0131\u015f\u0131yor, tesis budur. Asfalt kaplama yapm\u0131\u015f bu tesis olmu\u015f, haberiniz olsun.&#8221;<\/p>\n<p style=\"text-align: justify;\">Cumhuriyet Halk Partisi Genel Ba\u015fkan\u2019\u0131 Kemal K\u0131l\u0131\u00e7daro\u011flu Van\u2019da d\u00fczenlenen mitinginin ard\u0131ndan Hakkari\u2019ye ge\u00e7ti.<\/p>\n<p style=\"text-align: justify;\"><strong>KILI\u00c7DARO\u011eLU \u0130ZD\u0130HAMI<\/strong><\/p>\n<p style=\"text-align: justify;\">K\u0131l\u0131\u00e7daro\u011flu konu\u015fmas\u0131n\u0131 yapmak i\u00e7in parti otob\u00fcs\u00fcne \u00e7\u0131kmaya \u00e7al\u0131\u015f\u0131rken,yo\u011fun sevgi g\u00f6sterisinde bulunan CHP\u2019liler k\u0131sa s\u00fcreli izdihama yol a\u00e7t\u0131.<\/p>\n<p style=\"text-align: justify;\">Konu\u015fmas\u0131nda yerel y\u00f6netimlere \u00f6zerklik konusuna de\u011finen K\u0131l\u0131\u00e7daro\u011flu: \u2018\u2019Evrensel kurallar dedik. Yine evrensel kurallar diyoruz.Yerel y\u00f6netimleri, Avrupa\u2019da kabul edilen yerel y\u00f6netimler \u00f6zerklik \u015fart\u0131n\u0131 aynen kabul edece\u011fiz. B\u00f6ylece yerel y\u00f6netimlerin g\u00fc\u00e7lenmesi, halka daha sa\u011fl\u0131kl\u0131 hizmet vermesi, sa\u011fl\u0131kl\u0131 gelirle kavu\u015fmas\u0131 belediye Ba\u015fkanlar\u0131\u2019n\u0131n Ankara\u2019ya gidip para dilenmemesi gibi b\u00fct\u00fcn onlar\u0131 savunaca\u011f\u0131z.\u2019\u2019 dedi.<\/p>\n<p style=\"text-align: justify;\">Ba\u015fbakan Erdo\u011fan Hakkari mitinginde esnaf\u0131n kepenk kapatmas\u0131 hakk\u0131nda: \u2018\u2019Geldi buraya miting yapt\u0131. Hakkarili esnaf\u0131m\u0131z kepenk kapatt\u0131.\u00c7\u0131km\u0131\u015f Belediye Ba\u015fkan\u0131\u2019n\u0131 su\u00e7luyor.Arkada\u015f \u00f6nce bir d\u00fc\u015f\u00fcn sen Ba\u015fbakanl\u0131k yap\u0131yorsun vatanda\u015f kepenk kapat\u0131yorsa bir dert var bir sorun var.O t\u00fcr sorunlarla ilgilen dertle ilgilen bak bakal\u0131m neden oluyor\u2019\u2019diye konu\u015ftu.<\/p>\n<p style=\"text-align: justify;\">K\u0131l\u0131\u00e7daro\u011flu\u2019nun Hakkari mitinginden \u00f6ne \u00e7\u0131kan ba\u015fl\u0131klar \u015f\u00f6yle:<\/p>\n<p style=\"text-align: justify;\"><strong>B\u00d6B\u00dcRLENME PAD\u0130\u015eAHIM SENDEN B\u00dcY\u00dcK ALLAH VAR<\/strong><\/p>\n<p style=\"text-align: justify;\">K\u0131l\u0131\u00e7daro\u011flu \u2018\u2019Vur vur inlesin Erdo\u011fan dinlesin\u2018\u2019 \u015feklinde slogan atan Vatanda\u015f\u2019a \u2018\u2019Merak etmeyin, Erdo\u011fan dinleyecek, ona dinletece\u011fiz.O zannediyor ki benden b\u00fcy\u00fck adam yok.Bizim g\u00fczel bir s\u00f6z\u00fcm\u00fcz var b\u00f6b\u00fcrlenme padi\u015fah\u0131m senden b\u00fcy\u00fck padi\u015fah var.\u2019\u2019dedi.<\/p>\n<p style=\"text-align: justify;\"><strong>BELED\u0130YE BA\u015eKANLARI\u2019NIN TUTUKLAYACAKSIN FOTO\u011eRAFINI \u00c7EK\u0130P SONRA MEDYA\u2019YA SERV\u0130S EDECEKS\u0130N<\/strong><\/p>\n<p style=\"text-align: justify;\">\u2018\u2019Demokrasi varsa herkes i\u00e7in var \u00f6zg\u00fcrl\u00fck varsa herkes i\u00e7in var.Belediye Ba\u015fkanlar\u0131\u2019n\u0131 yakalayacaks\u0131n, Tutuklayacaks\u0131n, s\u0131raya dizeceksin,kelep\u00e7eleyeceksin foto\u011fraf\u0131n\u0131 \u00e7ekip medyaya servis edeceksin.Bunlar do\u011fru de\u011fil.\u2019\u2019<\/p>\n<p style=\"text-align: justify;\"><strong>K\u00dcRT SORUNU YOK D\u0130YORDU DE\u011e\u0130L M\u0130?<\/strong><\/p>\n<p style=\"text-align: justify;\">\u2018\u2019K\u00fcrt sorunu yok diyordu de\u011fil mi.Neden soruyorum biliyor musunuz.Belki Ankara\u2019dan Recep Bey duyarda b\u00f6yle bir sorunun oldu\u011funu Hakkarilinin sesinden duymu\u015f olur.\u2019\u2019<\/p>\n<p style=\"text-align: justify;\"><strong>TELEKULAK H\u00dcK\u00dcMET\u0130 BUNLAR DERD\u0130N\u0130Z VARSA TELEFONLA ANLATIN<\/strong><\/p>\n<p style=\"text-align: justify;\">&#8220;Onlar bizim sesimizi de\u011fil.Telefonlar\u0131m\u0131z\u0131 dinliyorlar.Telekulak H\u00fck\u00fcmeti bunlar.Bir derdiniz varsa telefonla anlat\u0131n.Recep bey duyar.Onlarda \u00f6zg\u00fcrl\u00fck yok.\u2019\u2019<\/p>\n<p style=\"text-align: justify;\"><a href=\"http:\/\/www.gazeteport.com.tr\/SIYASET\/NEWS\/GP_909275\" target=\"_blank\">Kaynak : GAZETEPORT<\/a><\/p>\n","protected":false},"excerpt":{"rendered":"<p style=\"text-align: center;\">\n<p style=\"text-align: justify;\">CHP lideri K\u0131l\u0131\u00e7daro\u011flu, Van&#8217;da b\u00f6lgeye bar\u0131\u015f\u0131 getirece\u011fine, Do\u011fu ve G\u00fcneydo\u011fu&#8217;da hi\u00e7bir fabrikay\u0131 \u00f6zelle\u015ftirmeyece\u011fine s\u00f6z verdi, daha sonra AK Parti Van Milletvekili Bakan H\u00fcseyin \u00c7elik&#8217;i halka sordu&#8230;<\/p>\n<p style=\"text-align: justify;\">VAN- CHP Genel Ba\u015fkan\u0131 Kemal K\u0131l\u0131\u00e7daro\u011flu, &#8221;S\u00f6z\u00fcm var, Do\u011fu ve G\u00fcneydo\u011fu&#8217;da bir fabrika \u00f6zelle\u015ftirilmeyecek, tamam\u0131 devletin olacak&#8221; dedi. <\/p>\n","protected":false},"author":1,"featured_media":0,"comment_status":"open","ping_status":"closed","sticky":false,"template":"","format":"standard","meta":{"footnotes":""},"categories":[105],"tags":[],"class_list":["post-33384","post","type-post","status-publish","format-standard","hentry","category-gundem","odd"],"_links":{"self":[{"href":"http:\/\/www.korhanyilmaz.com\/index.php?rest_route=\/wp\/v2\/posts\/33384","targetHints":{"allow":["GET"]}}],"collection":[{"href":"http:\/\/www.korhanyilmaz.com\/index.php?rest_route=\/wp\/v2\/posts"}],"about":[{"href":"http:\/\/www.korhanyilmaz.com\/index.php?rest_route=\/wp\/v2\/types\/post"}],"author":[{"embeddable":true,"href":"http:\/\/www.korhanyilmaz.com\/index.php?rest_route=\/wp\/v2\/users\/1"}],"replies":[{"embeddable":true,"href":"http:\/\/www.korhanyilmaz.com\/index.php?rest_route=%2Fwp%2Fv2%2Fcomments&post=33384"}],"version-history":[{"count":0,"href":"http:\/\/www.korhanyilmaz.com\/index.php?rest_route=\/wp\/v2\/posts\/33384\/revisions"}],"wp:attachment":[{"href":"http:\/\/www.korhanyilmaz.com\/index.php?rest_route=%2Fwp%2Fv2%2Fmedia&parent=33384"}],"wp:term":[{"taxonomy":"category","embeddable":true,"href":"http:\/\/www.korhanyilmaz.com\/index.php?rest_route=%2Fwp%2Fv2%2Fcategories&post=33384"},{"taxonomy":"post_tag","embeddable":true,"href":"http:\/\/www.korhanyilmaz.com\/index.php?rest_route=%2Fwp%2Fv2%2Ftags&post=33384"}],"curies":[{"name":"wp","href":"https:\/\/api.w.org\/{rel}","templated":true}]}}