{"id":33372,"date":"2011-05-23T17:32:22","date_gmt":"2011-05-23T14:32:22","guid":{"rendered":"http:\/\/www.korhanyilmaz.com\/?p=33372"},"modified":"2011-05-23T17:32:22","modified_gmt":"2011-05-23T14:32:22","slug":"birileri-siyaseti-kirletme-mucadelesi-icinde","status":"publish","type":"post","link":"http:\/\/www.korhanyilmaz.com\/?p=33372","title":{"rendered":"&#8220;Birileri siyaseti kirletme m\u00fccadelesi i\u00e7inde&#8221;"},"content":{"rendered":"<p style=\"text-align: justify;\"><a href=\"http:\/\/www.korhanyilmaz.com\/wp-content\/uploads\/2011\/05\/305.jpg\"  class=\"lightview\"><img loading=\"lazy\" decoding=\"async\" class=\"aligncenter size-full wp-image-33374\" src=\"http:\/\/www.korhanyilmaz.com\/wp-content\/uploads\/2011\/05\/305.jpg\" alt=\"\" width=\"384\" height=\"198\" \/><\/a><\/p>\n<p style=\"text-align: justify;\">Ba\u015fbakan Erdo\u011fan, MHP&#8217;ye kaset komplosunu ele\u015ftirdi, CHP&#8217;yi \u00e7etelerle siyaset m\u00fchendisli\u011fi yapmakla su\u00e7lad\u0131&#8230;<\/p>\n<p style=\"text-align: justify;\">ANKARA- Ba\u015fbakan Recep Tayyip Erdo\u011fan, &#8221;Biz siyaset m\u00fchendisli\u011fine kar\u015f\u0131y\u0131z. Biz, siyasetin, siyaset d\u0131\u015f\u0131 odaklar taraf\u0131ndan, milletin iradesi d\u0131\u015f\u0131ndan tasarlanmas\u0131na kar\u015f\u0131y\u0131z. Biz, rakiplerimizle sadece ve sadece sand\u0131kta yar\u0131\u015f\u0131r\u0131z, hizmette yar\u0131\u015f\u0131r\u0131z, proje baz\u0131nda yar\u0131\u015f\u0131r\u0131z&#8221; dedi. <!--more--><\/p>\n<p style=\"text-align: justify;\"><a href=\"http:\/\/www.korhanyilmaz.com\/wp-content\/uploads\/2011\/05\/304.jpg\"  class=\"lightview\"><img loading=\"lazy\" decoding=\"async\" class=\"alignleft size-full wp-image-33375\" style=\"margin-left: 10px; margin-right: 10px;\" src=\"http:\/\/www.korhanyilmaz.com\/wp-content\/uploads\/2011\/05\/304.jpg\" alt=\"\" width=\"216\" height=\"127\" \/><\/a>Erdo\u011fan, 25 May\u0131s \u00c7ar\u015famba g\u00fcn\u00fc Ankara i\u00e7in haz\u0131rlad\u0131klar\u0131 projeleri a\u00e7\u0131klayacaklar\u0131n\u0131 belirterek, &#8221;E\u011fitimden sa\u011fl\u0131\u011fa, ula\u015ft\u0131rmadan kentle\u015fmeye kadar, Ankara&#8217;n\u0131n \u00e7ehresini de\u011fi\u015ftirecek, g\u00f6r\u00fcn\u00fcm\u00fcn\u00fc de\u011fi\u015ftirecek, ba\u015fkentin ruhuyla, \u00f6z\u00fcyle \u00f6rt\u00fc\u015fecek projelerle geliyoruz. \u0130n\u015fallah bunun ard\u0131ndan Diyarbak\u0131r ve \u0130zmir projelerimiz de var; onlar\u0131 da kamuoyu ile payla\u015faca\u011f\u0131z. 12 Haziran&#8217;dan sonra ustal\u0131k d\u00f6nemimiz \u00e7ok, ama \u00e7ok farkl\u0131 olacak&#8221; dedi.<\/p>\n<p style=\"text-align: justify;\">Ge\u00e7en haftalarda \u0130stanbul i\u00e7in iki b\u00fcy\u00fck projeyi kamuoyuna a\u00e7\u0131klad\u0131klar\u0131n\u0131 an\u0131msatan Ba\u015fbakan Erdo\u011fan, \u0130stanbul&#8217;un bat\u0131s\u0131nda, Karadeniz&#8217;den Marmara Denizi&#8217;ne bir kanal in\u015fa edilece\u011fini, bir yandan \u0130stanbul Bo\u011faz\u0131&#8217;ndaki tehlikeyi bertaraf ederken, di\u011fer yanda \u0130stanbul&#8217;a yeni bir g\u00fczellik kazand\u0131racaklar\u0131n\u0131 savundu.<\/p>\n<p style=\"text-align: justify;\">\u0130stanbul&#8217;a 2 yeni \u015fehir in\u015fa edilece\u011fini, bunlardan birinin Avrupa yakas\u0131na, di\u011ferinin de Anadolu yakas\u0131na kurulaca\u011f\u0131n\u0131 belirten Ba\u015fbakan Erdo\u011fan, \u0130stanbul ve T\u00fcrkiye i\u00e7in son derece \u00f6nemli iki ya\u015fam alan\u0131 olu\u015fturacaklar\u0131n\u0131, ayn\u0131 zamanda bu ad\u0131mlar\u0131n depreme kar\u015f\u0131 bir tedbir olaca\u011f\u0131n\u0131 da ifade etti. Ba\u015fbakan Erdo\u011fan, \u015f\u00f6yle devam etti:<\/p>\n<p style=\"text-align: justify;\">&#8221;81 vilayette ba\u015flatt\u0131\u011f\u0131m\u0131z yat\u0131r\u0131mlar\u0131 tamamlayacak, yeni yat\u0131r\u0131mlarla, yeni projelerle, in\u015fallah 2023 hedeflerine do\u011fru ko\u015far ad\u0131m ilerleyece\u011fiz. Biz 8,5 y\u0131l boyunca i\u015f \u00fcrettik, ayn\u0131 \u015fekilde i\u015f \u00fcretmeye devam edece\u011fiz. Biz \u00fclkemiz i\u00e7in, milletimiz i\u00e7in, \u015fehirlerimiz i\u00e7in \u00e7\u00f6z\u00fcmler \u00fcrettik, hedefler belirledik, vizyon \u00e7izdik, ayn\u0131 \u015fekilde yolumuzda y\u00fcr\u00fcyoruz.&#8221;<\/p>\n<p style=\"text-align: justify;\"><strong>MAMAK&#8217;A 200 YATAKLI DEVLET HASTANES\u0130 GEL\u0130YOR<\/strong><\/p>\n<p style=\"text-align: justify;\">Bu projelerin 4 y\u0131l i\u00e7inde tamamlanaca\u011f\u0131n\u0131, AK Parti&#8217;nin derdinin vatanda\u015fa hizmet oldu\u011funu belirten Erdo\u011fan, &#8221;Bizden \u00f6ncekilerin b\u00f6yle bir derdi yoktu. Bu dert olmad\u0131\u011f\u0131 i\u00e7in de maalesef benim vatanda\u015f\u0131m inim inim inletildi. \u00c7ile \u00e7ektiler. Ama art\u0131k bu \u00e7ile bitiyor. \u0130n\u015fallah yeni planlamam\u0131z\u0131n i\u00e7inde Mamak&#8217;a 200 yatakl\u0131 bir devlet hastanesine ba\u015fl\u0131yoruz. Daha modern, yeni teknolojiyle bir hastanemizi in\u015fallah sizlere kazand\u0131raca\u011f\u0131z&#8221; dedi.<\/p>\n<p style=\"text-align: justify;\"><strong>&#8221;B\u0130Z S\u0130YASET M\u00dcHEND\u0130SL\u0130\u011e\u0130NE KAR\u015eIYIZ&#8221;<\/strong><\/p>\n<p style=\"text-align: justify;\">Erdo\u011fan, siyasete milletin y\u00f6n vermesi, milletin istikamet \u00e7izmesi i\u00e7in bu m\u00fccadelenin i\u00e7ine girdiklerini, milli iradenin sadece ve sadece millete ait olmas\u0131 i\u00e7in, millete iade edilmesi i\u00e7in hizmet siyasetinin, hizmet m\u00fccadelesinin i\u00e7ine girdiklerini savunarak, \u015f\u00f6yle konu\u015ftu:<\/p>\n<p style=\"text-align: justify;\">&#8221;Millet i\u00e7in siyaset yapmayanlar, milletin sorunlar\u0131 i\u00e7in siyaset \u00fcretmeyenler, bizim \u00e7etelerle m\u00fccadelemize destek vermeyenler, i\u015fte \u015fimdi siyaset d\u0131\u015f\u0131 karanl\u0131k odaklar taraf\u0131ndan ameliyata tabi tutuluyorlar. \u015eantajla, komployla, \u00e7irkin g\u00f6r\u00fcnt\u00fclerle adeta siyaset yeniden \u015fekillendirilmek isteniyor. Siyasete sadece pop\u00fclizm, sadece as\u0131ls\u0131z, ger\u00e7ek d\u0131\u015f\u0131, hayali vaatler de\u011fil, ayn\u0131 zamanda \u00e7eteler de h\u00fckmetsin diye yo\u011fun bir gayret sarf ediliyor. Biz siyaseti kirinden, pas\u0131ndan ar\u0131nd\u0131rmak i\u00e7in \u00e7aba harcarken, siyasete g\u00fcveni y\u00fckseltmeye, temiz siyaseti hakim k\u0131lmaya \u00e7al\u0131\u015f\u0131rken, birileri siyaseti kirletme m\u00fccadelesinin i\u00e7ine giriyor. Bizzat kendileri bu \u00e7irkin komplolar\u0131n, \u015fantajlar\u0131n \u00fcr\u00fcn\u00fc olanlar da hi\u00e7 utanmadan, s\u0131k\u0131lmadan, bizi su\u00e7lamaya kalk\u0131\u015f\u0131yorlar. Hani g\u00fczel bir ifade var ya, &#8216;Yavuz h\u0131rs\u0131z ev sahibini bast\u0131r\u0131rm\u0131\u015f&#8217;. Yapt\u0131klar\u0131 bu. Biz siyaset m\u00fchendisli\u011fine kar\u015f\u0131y\u0131z. Biz, siyasetin, siyaset d\u0131\u015f\u0131 odaklar taraf\u0131ndan, milletin iradesi d\u0131\u015f\u0131ndan tasarlanmas\u0131na kar\u015f\u0131y\u0131z. Biz, rakiplerimizle sadece ve sadece sand\u0131kta yar\u0131\u015f\u0131r\u0131z, hizmette yar\u0131\u015f\u0131r\u0131z, proje baz\u0131nda yar\u0131\u015f\u0131r\u0131z. Sand\u0131\u011fa inanmayanlar, bu \u00fclkede eseri olmayanlar, plan-proje \u00fcretemeyenler, ortaya \u00e7\u0131kan \u00e7irkin g\u00f6r\u00fcnt\u00fclerden dolay\u0131 bizi su\u00e7layarak, ortadaki \u00e7irkinli\u011fi \u00f6rtmeye \u00e7al\u0131\u015f\u0131yorlar. Bizim bunlarla i\u015fimiz yok, bizim ahlaki olmayan hi\u00e7bir oyunun, senaryonun i\u00e7erisinde yerimiz yok. Biz buna kar\u015f\u0131y\u0131z, temelden kar\u015f\u0131y\u0131z.&#8221;<\/p>\n<p style=\"text-align: justify;\"><strong>&#8220;Y\u00dcZLER\u0130N\u0130 \u00c7ETELERE D\u00d6ND\u00dcLER&#8221;<\/strong><\/p>\n<p style=\"text-align: justify;\">8,5 y\u0131l boyunca, siyasi partileri, \u00e7etelerle m\u00fccadelede yanlar\u0131nda olmaya \u00e7a\u011f\u0131rd\u0131klar\u0131n\u0131 ifade eden Erdo\u011fan, &#8221;(Gelin, siyaseti birlikte temizleyelim. Siyasetin g\u00fcven katsay\u0131s\u0131n\u0131 birlikte art\u0131ral\u0131m, \u015fu demokrasiyi birlikte g\u00fc\u00e7lendirelim) dedik. Ama onlar, millet yerine y\u00fczlerini \u00e7etelere d\u00f6nd\u00fcler, \u00e7etelere kol kanat gerdiler, diyet \u00f6dediler&#8221; dedi.<\/p>\n<p style=\"text-align: justify;\">Ayn\u0131 \u015fekilde, \u00fclkede karde\u015fli\u011fi y\u00fcceltmek, ter\u00f6r meselesinin \u00fczerine birlikte gitmek, Milli Birlik ve Karde\u015flik Projesi&#8217;ni birlikte y\u00fcr\u00fctmek i\u00e7in de \u00e7a\u011fr\u0131da bulunduklar\u0131n\u0131 kaydeden Erdo\u011fan, &#8221;Orada da uzak durdular, orada da engel \u00e7\u0131kard\u0131lar. T\u00fcrkiye&#8217;nin hayr\u0131na hi\u00e7bir \u00e7\u00f6z\u00fcm\u00fcn yan\u0131nda durmayanlar, millet nezdinde de itibar g\u00f6rmezler, g\u00f6remezler. Onlar kendi i\u00e7 meseleleriyle, kendi iktidar kavgalar\u0131yla g\u00fcnlerini heba etsinler; biz eser \u00fcretmeye, hizmet \u00fcretmeye devam edece\u011fiz. Biz Ankara i\u00e7in, Mamak i\u00e7in hizmet \u00fcretmeye, projeler \u00fcretmeye, bu projeleri tamamlamaya devam edece\u011fiz&#8221; diye konu\u015ftu.<\/p>\n<p style=\"text-align: justify;\"><a href=\"http:\/\/www.gazeteport.com.tr\/SIYASET\/NEWS\/GP_909339\" target=\"_blank\">Kaynak : GAZETEPORT<\/a><\/p>\n","protected":false},"excerpt":{"rendered":"<p style=\"text-align: justify;\">\n<p style=\"text-align: justify;\">Ba\u015fbakan Erdo\u011fan, MHP&#8217;ye kaset komplosunu ele\u015ftirdi, CHP&#8217;yi \u00e7etelerle siyaset m\u00fchendisli\u011fi yapmakla su\u00e7lad\u0131&#8230;<\/p>\n<p style=\"text-align: justify;\">ANKARA- Ba\u015fbakan Recep Tayyip Erdo\u011fan, &#8221;Biz siyaset m\u00fchendisli\u011fine kar\u015f\u0131y\u0131z. Biz, siyasetin, siyaset d\u0131\u015f\u0131 odaklar taraf\u0131ndan, milletin iradesi d\u0131\u015f\u0131ndan tasarlanmas\u0131na kar\u015f\u0131y\u0131z. Biz, rakiplerimizle sadece ve sadece sand\u0131kta yar\u0131\u015f\u0131r\u0131z, hizmette yar\u0131\u015f\u0131r\u0131z, proje baz\u0131nda yar\u0131\u015f\u0131r\u0131z&#8221; dedi. <\/p>\n","protected":false},"author":1,"featured_media":0,"comment_status":"open","ping_status":"closed","sticky":false,"template":"","format":"standard","meta":{"footnotes":""},"categories":[105],"tags":[],"class_list":["post-33372","post","type-post","status-publish","format-standard","hentry","category-gundem","odd"],"_links":{"self":[{"href":"http:\/\/www.korhanyilmaz.com\/index.php?rest_route=\/wp\/v2\/posts\/33372","targetHints":{"allow":["GET"]}}],"collection":[{"href":"http:\/\/www.korhanyilmaz.com\/index.php?rest_route=\/wp\/v2\/posts"}],"about":[{"href":"http:\/\/www.korhanyilmaz.com\/index.php?rest_route=\/wp\/v2\/types\/post"}],"author":[{"embeddable":true,"href":"http:\/\/www.korhanyilmaz.com\/index.php?rest_route=\/wp\/v2\/users\/1"}],"replies":[{"embeddable":true,"href":"http:\/\/www.korhanyilmaz.com\/index.php?rest_route=%2Fwp%2Fv2%2Fcomments&post=33372"}],"version-history":[{"count":0,"href":"http:\/\/www.korhanyilmaz.com\/index.php?rest_route=\/wp\/v2\/posts\/33372\/revisions"}],"wp:attachment":[{"href":"http:\/\/www.korhanyilmaz.com\/index.php?rest_route=%2Fwp%2Fv2%2Fmedia&parent=33372"}],"wp:term":[{"taxonomy":"category","embeddable":true,"href":"http:\/\/www.korhanyilmaz.com\/index.php?rest_route=%2Fwp%2Fv2%2Fcategories&post=33372"},{"taxonomy":"post_tag","embeddable":true,"href":"http:\/\/www.korhanyilmaz.com\/index.php?rest_route=%2Fwp%2Fv2%2Ftags&post=33372"}],"curies":[{"name":"wp","href":"https:\/\/api.w.org\/{rel}","templated":true}]}}