{"id":3337,"date":"2009-02-20T09:26:34","date_gmt":"2009-02-20T07:26:34","guid":{"rendered":"http:\/\/www.korhanyilmaz.com\/?p=3337"},"modified":"2009-02-20T09:26:34","modified_gmt":"2009-02-20T07:26:34","slug":"baykal-bu-ceza-dogrudan-rejim-sorunudur","status":"publish","type":"post","link":"http:\/\/www.korhanyilmaz.com\/?p=3337","title":{"rendered":"Baykal: Bu ceza do\u011frudan rejim sorunudur"},"content":{"rendered":"<p style=\"text-align: center;\"><img loading=\"lazy\" decoding=\"async\" class=\"size-full wp-image-3339 alignnone\" title=\"Baykal: Bu ceza do\u011frudan rejim sorunudur \" src=\"http:\/\/www.korhanyilmaz.com\/wp-content\/uploads\/2009\/02\/200220090104583346053_31.jpg\" alt=\"Baykal: Bu ceza do\u011frudan rejim sorunudur \" width=\"298\" height=\"143\" \/><\/p>\n<p style=\"text-align: justify;\">CHP Genel Ba\u015fkan\u0131 Deniz Baykal, Do\u011fan Grubu gazetelerine kesilen vergi cezas\u0131n\u0131 ele\u015ftirdi ve &#8220;Olay, do\u011frudan T\u00fcrkiye&#8217;de demokrasinin var olup olmad\u0131\u011f\u0131n\u0131, demokrasinin T\u00fcrkiye&#8217;de ne gibi tehdit ve tehlikelerle kar\u015f\u0131 kar\u015f\u0131ya oldu\u011funu ortaya koyan muazzam bir konudur&#8221; dedi ve \u015f\u00f6yle devam etti: Hi\u00e7 ku\u015fku yok. Bu olay bir \u015firketle, denetim elemanlar\u0131 aras\u0131ndaki bir sorun gibi hi\u00e7bir \u015fekilde anla\u015f\u0131lamaz. <!--more-->\u0130ktidar\u0131n k\u0131zd\u0131\u011f\u0131 bir medya grubuna kar\u015f\u0131, onlar\u0131n burnunu s\u00fcrtmek, onlara haddini bildirmek, onlar\u0131 bundan sonra muhalefet yapamaz hale d\u00f6n\u00fc\u015ft\u00fcrmek i\u00e7in uygulad\u0131\u011f\u0131 bir bask\u0131d\u0131r. Yerel se\u00e7imler \u00f6ncesine gelmesi de d\u00fc\u015f\u00fcnd\u00fcr\u00fcc\u00fcd\u00fcr.<\/p>\n<p style=\"text-align: justify;\"><strong>Il\u0131cak: Ceza bir bask\u0131 unsuru<\/strong><\/p>\n<p style=\"text-align: justify;\">GAZETEC\u0130 Nazl\u0131 Il\u0131cak, d\u00fcn gece NTV&#8217;de Can D\u00fcndar&#8217;\u0131n &#8216;Canl\u0131 Gaste&#8217; program\u0131na kat\u0131ld\u0131. Do\u011fan Yay\u0131n Holding&#8217;e kesilen vergi cezas\u0131n\u0131 haks\u0131z buldu\u011funu belirten Il\u0131cak \u015funlar\u0131 s\u00f6yledi: &#8220;Bana bu vergi gere\u011finden fazla gibi geldi. Sonu\u00e7ta gazeteler herkes ve hepimiz i\u00e7in \u00f6nemli. Ki\u015fisel olarak menfaatimi zedeleyebilir ama bu konuda vicdan\u0131m\u0131n sesini dinlemek zorunday\u0131m.&#8221; D\u00fcndar&#8217;\u0131n &#8220;Sizce bu bir bask\u0131 unsuru mu&#8221; sorusuna &#8220;Evet \u00f6yle denilebilir&#8221; yan\u0131t\u0131 veren Il\u0131cak, &#8220;Ben Tayyip Bey&#8217;in yan\u0131nda olsayd\u0131m bu i\u015fte bir yanl\u0131\u015fl\u0131k var derdim&#8221; dedi.<\/p>\n<p style=\"text-align: justify;\"><span style=\"color: #888888;\">Kaynak : Vatan Gazetesi<\/span><\/p>\n","protected":false},"excerpt":{"rendered":"<p style=\"text-align: center;\">\n<p style=\"text-align: justify;\">CHP Genel Ba\u015fkan\u0131 Deniz Baykal, Do\u011fan Grubu gazetelerine kesilen vergi cezas\u0131n\u0131 ele\u015ftirdi ve &#8220;Olay, do\u011frudan T\u00fcrkiye&#8217;de demokrasinin var olup olmad\u0131\u011f\u0131n\u0131, demokrasinin T\u00fcrkiye&#8217;de ne gibi tehdit ve tehlikelerle kar\u015f\u0131 kar\u015f\u0131ya oldu\u011funu ortaya koyan muazzam bir konudur&#8221; dedi ve \u015f\u00f6yle devam etti: Hi\u00e7 ku\u015fku yok. Bu olay bir \u015firketle, denetim elemanlar\u0131 aras\u0131ndaki <\/p>\n","protected":false},"author":1,"featured_media":0,"comment_status":"open","ping_status":"closed","sticky":false,"template":"","format":"standard","meta":{"footnotes":""},"categories":[105],"tags":[],"class_list":["post-3337","post","type-post","status-publish","format-standard","hentry","category-gundem","odd"],"_links":{"self":[{"href":"http:\/\/www.korhanyilmaz.com\/index.php?rest_route=\/wp\/v2\/posts\/3337","targetHints":{"allow":["GET"]}}],"collection":[{"href":"http:\/\/www.korhanyilmaz.com\/index.php?rest_route=\/wp\/v2\/posts"}],"about":[{"href":"http:\/\/www.korhanyilmaz.com\/index.php?rest_route=\/wp\/v2\/types\/post"}],"author":[{"embeddable":true,"href":"http:\/\/www.korhanyilmaz.com\/index.php?rest_route=\/wp\/v2\/users\/1"}],"replies":[{"embeddable":true,"href":"http:\/\/www.korhanyilmaz.com\/index.php?rest_route=%2Fwp%2Fv2%2Fcomments&post=3337"}],"version-history":[{"count":0,"href":"http:\/\/www.korhanyilmaz.com\/index.php?rest_route=\/wp\/v2\/posts\/3337\/revisions"}],"wp:attachment":[{"href":"http:\/\/www.korhanyilmaz.com\/index.php?rest_route=%2Fwp%2Fv2%2Fmedia&parent=3337"}],"wp:term":[{"taxonomy":"category","embeddable":true,"href":"http:\/\/www.korhanyilmaz.com\/index.php?rest_route=%2Fwp%2Fv2%2Fcategories&post=3337"},{"taxonomy":"post_tag","embeddable":true,"href":"http:\/\/www.korhanyilmaz.com\/index.php?rest_route=%2Fwp%2Fv2%2Ftags&post=3337"}],"curies":[{"name":"wp","href":"https:\/\/api.w.org\/{rel}","templated":true}]}}