{"id":33369,"date":"2011-05-23T16:19:59","date_gmt":"2011-05-23T13:19:59","guid":{"rendered":"http:\/\/www.korhanyilmaz.com\/?p=33369"},"modified":"2011-05-23T16:19:59","modified_gmt":"2011-05-23T13:19:59","slug":"akpnin-barajin-altinda-kalmasi-lazim","status":"publish","type":"post","link":"http:\/\/www.korhanyilmaz.com\/?p=33369","title":{"rendered":"&#8220;AKP&#8217;nin baraj\u0131n alt\u0131nda kalmas\u0131 laz\u0131m&#8221;"},"content":{"rendered":"<p style=\"text-align: justify;\"><a href=\"http:\/\/www.korhanyilmaz.com\/wp-content\/uploads\/2011\/05\/302.jpg\"  class=\"lightview\"><img loading=\"lazy\" decoding=\"async\" class=\"aligncenter size-full wp-image-33370\" src=\"http:\/\/www.korhanyilmaz.com\/wp-content\/uploads\/2011\/05\/302.jpg\" alt=\"\" width=\"384\" height=\"199\" \/><\/a><\/p>\n<p style=\"text-align: justify;\">MHP lideri Bah\u00e7eli, yap\u0131lan se\u00e7im anketlerine g\u00f6ndermede bulunaraka, &#8220;E\u011fer o sorunlar do\u011fruysa AKP&#8217;nin baraj\u0131n alt\u0131nda kalmas\u0131 gerekir&#8221; dedi.<\/p>\n<p style=\"text-align: justify;\">AFYONKARAH\u0130SAR- MHP Genel Ba\u015fkan\u0131 Devlet Bah\u00e7eli, &#8221;Say\u0131n Ba\u015fbakan, Adalet ve Kalk\u0131nma Partisi&#8217;nin aldatma ve kand\u0131rma partisi haline d\u00f6n\u00fc\u015ft\u00fcrm\u00fc\u015f ve T\u00fcrkiye&#8217;de \u00fc\u00e7\u00fcnc\u00fc d\u00f6nem iktidar\u0131, yine bu y\u00f6ntemle alabilece\u011fini zannetmektedir&#8221; dedi. <!--more--><\/p>\n<p style=\"text-align: justify;\">Bah\u00e7eli, partisince Afyonkarahisar&#8217;da d\u00fczenlenen mitingde yapt\u0131\u011f\u0131 konu\u015fmada, iki d\u00f6nem tek ba\u015f\u0131na iktidar olan birinin, milletvekilli\u011fi \u00e7o\u011funlu\u011funu elde etmi\u015f ve bununla beraber \u00fc\u00e7 h\u00fck\u00fcmet kurdu\u011funu, 330 ile 341 milletvekiliyle g\u00fc\u00e7l\u00fc bir iktidar yap\u0131s\u0131na kavu\u015ftu\u011funu, dolay\u0131s\u0131yla bu iktidar\u0131n millete vadetti\u011fi ne varsa yerine getirmeye muktedir oldu\u011funu kaydetti.<\/p>\n<p style=\"text-align: justify;\">&#8221;Adalet ve Kalk\u0131nma Partisi, se\u00e7im beyannamesinde nelerin yap\u0131labilece\u011fini ifade etmi\u015fse onlar\u0131 yapabilecek g\u00fc\u00e7tedir&#8221; diyen Bah\u00e7eli, \u015f\u00f6yle konu\u015ftu:<\/p>\n<p style=\"text-align: justify;\">&#8221;Yani k\u0131sacas\u0131 Adalet ve Kalk\u0131nma Partisi&#8217;nin T\u00fcrkiye B\u00fcy\u00fck Millet Meclisi&#8217;nden alamayaca\u011f\u0131 bir karar, \u00e7\u0131karamayaca\u011f\u0131 bir yasa, h\u00fck\u00fcmet olarak uygulayamayaca\u011f\u0131 bir sosyal ve ekonomik politika yoktur ama aradan ge\u00e7en s\u00fcre i\u00e7erisinde teslimiyet\u00e7i politikalarla d\u0131\u015f odaklar\u0131n g\u00fcd\u00fcm\u00fcnde bir y\u00f6netim anlay\u0131\u015f\u0131 tek ba\u015f\u0131na bir iktidar \u00f6zlemi \u00e7ekmi\u015f olan aziz milletimizin beklentilerine kar\u015f\u0131l\u0131k verememi\u015ftir.<\/p>\n<p style=\"text-align: justify;\">Ba\u015fta Adalet ve Kalk\u0131nma Partisi&#8217;ne iki d\u00f6nem y\u00fcksek destek sa\u011flam\u0131\u015f olan aziz vatanda\u015flar\u0131m\u0131z, AKP \u00fcyesi karde\u015flerimiz, kendilerine bu 9 y\u0131ll\u0131k d\u00f6nem i\u00e7inde partilerinin baz\u0131 y\u00f6neticilerinin veya Bakanlar\u0131n\u0131n veya Say\u0131n Recep Tayyip Erdo\u011fan&#8217;\u0131n yak\u0131nlar\u0131, hanedanlar\u0131 ve \u00e7ocuklar\u0131yla \u00f6nemli bir servet kazanm\u0131\u015flarsa mutlu bir az\u0131nl\u0131k ortaya koyabilmi\u015flerse o zaman kendisinin durumuyla partisinin y\u00f6neticilerinin aras\u0131ndaki bu u\u00e7urumu g\u00f6rerek bir de etraf\u0131ndaki vatanda\u015flara bakarak bir karar vermesi laz\u0131m. O karar da Adalet ve Kalk\u0131nma Partisi ile yola devam de\u011fil, &#8216;art\u0131k yeter senden usand\u0131k, b\u0131kt\u0131k, yeni bir iktidar istiyoruz&#8217; demektir.&#8221;<\/p>\n<p style=\"text-align: justify;\"><strong>&#8221;ONUN ANLATTIKLARI GER\u00c7EKLE \u00d6RT\u00dc\u015eM\u00dcYOR&#8221;<\/strong><\/p>\n<p style=\"text-align: justify;\">Bah\u00e7eli, Ba\u015fbakan Erdo\u011fan&#8217;\u0131n sabah\u0131n erken saatlerinde televizyonlardan ba\u015flayan haberlerle beraber ak\u015fam\u0131n 24.00&#8217;a kadar s\u00fcrekli konu\u015fan bir ki\u015fi oldu\u011funu belirterek, \u015f\u00f6yle devam etti:<\/p>\n<p style=\"text-align: justify;\">&#8221;Neyi anlat\u0131yor, ne kadar anlat\u0131yor, ne kadar anlatt\u0131klar\u0131 do\u011fru, me\u00e7hul ama onun ortaya koydu\u011fu T\u00fcrkiye tablosu ile buray\u0131 \u015fereflendirmi\u015f siz de\u011ferli vatanda\u015flar\u0131m\u0131n ya\u015fam\u0131\u015f oldu\u011fu hayat ger\u00e7e\u011fi, birbiriyle \u00f6rt\u00fc\u015fm\u00fcyor. &#8216;Acaba bunun hangisi do\u011frudur&#8217; dedi\u011fimizde kesintisiz vatanda\u015f\u0131m\u0131z\u0131n feryad\u0131, vatanda\u015f\u0131m\u0131z\u0131n sesi, vatanda\u015f\u0131m\u0131z\u0131n \u0131zd\u0131rab\u0131, s\u0131k\u0131nt\u0131s\u0131 do\u011fru olan, odur. Say\u0131n Ba\u015fbakan, Adalet ve Kalk\u0131nma Partisi&#8217;nin aldatma ve kand\u0131rma partisi haline d\u00f6n\u00fc\u015ft\u00fcrm\u00fc\u015f ve T\u00fcrkiye&#8217;de \u00fc\u00e7\u00fcnc\u00fc d\u00f6nem iktidar\u0131 yine bu y\u00f6ntemle alabilece\u011fini zannetmektedir. Ancak, Adalet ve Kalk\u0131nma Partisi&#8217;nin 9 y\u0131ll\u0131k uygulamas\u0131n\u0131n fark\u0131nda olan, &#8216;sessiz bir \u00e7o\u011funluk olarak bug\u00fcn s\u00f6ylemiyorum, neyi s\u00f6yleyeceksem 12 Haziran&#8217;da s\u00f6yleyece\u011fim&#8217; diyen milyonlar var. O sebepten dolay\u0131 bir de\u011ferlendirmeyi yapt\u0131\u011f\u0131m\u0131zda bu ger\u00e7e\u011fi ortaya koymak \u00e7ok daha kolay olacakt\u0131r.&#8221;<\/p>\n<p style=\"text-align: justify;\"><strong>&#8221;AKP&#8217;N\u0130N BARAJIN ALTINDA KALMASI LAZIM&#8221;<\/strong><\/p>\n<p style=\"text-align: justify;\">&#8221;Baz\u0131 s\u00f6zde kamuoyu ara\u015ft\u0131rma \u015firketleri AKP&#8217;den beslenmenin yolu olarak, onlar\u0131 oldu\u011fundan fazla g\u00f6stererek milleti bilgilendirmek yerine, kamuoyunun ger\u00e7e\u011fini g\u00f6rmek yerine, kamuoyu olu\u015fturmaya \u00e7al\u0131\u015f\u0131yorlar. Yani kamuoyu ara\u015ft\u0131rmas\u0131 de\u011fil, kamuoyu olu\u015fturmaya \u00e7al\u0131\u015f\u0131yorlar&#8221; diyen Bah\u00e7eli, \u015funlar\u0131 s\u00f6yledi:<\/p>\n<p style=\"text-align: justify;\">&#8221;Y\u00fczde 40&#8217;\u0131n \u00fczerinde bir oy alaca\u011f\u0131 iddias\u0131n\u0131 ileri s\u00fcr\u00fcyorlar, diyelim ki bu do\u011fru. O zaman ayn\u0131 ara\u015ft\u0131rmada bir ba\u015fka sorun var; &#8216;Size g\u00f6re T\u00fcrkiye&#8217;nin temel sorunlar\u0131 nelerdir&#8217; dedi\u011fimizde, vatanda\u015f\u0131m\u0131z cevap veriyor ve &#8216;birinci meselem i\u015fsizliktir, ikincisi yoksulluktur, \u00fc\u00e7\u00fcnc\u00fcs\u00fc asayi\u015fsizliktir, d\u00f6rd\u00fcnc\u00fcs\u00fc yoksulluk, be\u015fincisi ise b\u00f6l\u00fcc\u00fc ter\u00f6r faaliyetleridir&#8217; diyor. \u015eimdi bu duruma bakt\u0131\u011f\u0131m\u0131zda e\u011fer \u00fclke insanlar\u0131 tekrar Adalet ve Kalk\u0131nma Partisi&#8217;ne y\u00fczde 40 oy vermeyi d\u00fc\u015f\u00fcn\u00fcyor ise bu sorunlar\u0131n olmamas\u0131 laz\u0131m ama bu sorunlar ge\u00e7erli ise Adalet ve Kalk\u0131nma Partisi&#8217;nin de\u011fil y\u00fczde 40, baraj\u0131n alt\u0131nda kal\u0131p Meclisin d\u0131\u015f\u0131na at\u0131lmas\u0131 laz\u0131m.<\/p>\n<p style=\"text-align: justify;\">Hangi partiden olursak olal\u0131m, bu \u00fclkede ya\u015f\u0131yorsunuz. Hepiniz evlat sahibisiniz, ne s\u0131k\u0131nt\u0131 \u00e7ekti\u011finizi herkesten \u00e7ok sizler daha iyi bilirsiniz ama bug\u00fcn i\u00e7in yapt\u0131\u011f\u0131m\u0131z de\u011ferlendirmeye bakt\u0131\u011f\u0131m\u0131zda, \u00fclkemizde 6 milyona yak\u0131n i\u015fsizimiz var. Bunlar\u0131n i\u00e7inde 15-24 ya\u015f grubunda olan, yani yeni \u00e7al\u0131\u015fma \u00e7a\u011f\u0131na gelmi\u015f cari \u00fccret olan asgari \u00fccrete r\u0131za g\u00f6steren ama bir t\u00fcrl\u00fc i\u015f aramas\u0131na ra\u011fmen i\u015f bulamayan binlerce, milyonlarca gencimiz var.&#8221;<\/p>\n<p style=\"text-align: justify;\"><strong>&#8221;SAYIN BA\u015eBAKAN, GECELER\u0130 KABUS G\u00d6R\u00dcYOR&#8221;<\/strong><\/p>\n<p style=\"text-align: justify;\">T\u00fcrkiye&#8217;nin ba\u015f\u0131nda b\u00fcy\u00fck belalar oldu\u011funu, halk\u0131n, G\u00fcneydo\u011fu&#8217;daki ayaklanmalar\u0131, \u0130stanbul&#8217;daki molotofkokteyllerle yak\u0131lan otomobilleri, evleri, ma\u011fazalar\u0131 g\u00f6rd\u00fc\u011f\u00fcn\u00fc kaydeden Bah\u00e7eli, \u015f\u00f6yle konu\u015ftu:<\/p>\n<p style=\"text-align: justify;\">&#8221;Ama Say\u0131n Ba\u015fbakan Hakkari&#8217;ye gidiyor, kepenkler kapanm\u0131\u015f, arabalar kontak kapatm\u0131\u015f&#8230; &#8216;Bunlar kapanmam\u0131\u015f, birileri kapatt\u0131rm\u0131\u015f&#8217; diyor. Yani i\u015fbirli\u011fi i\u00e7inde oldu\u011fu PKK ile \u015fimdi onlar\u0131n ter\u00f6ristlerini su\u00e7luyor. \u015eimdi Ba\u015fbakan olarak sen orada m\u0131s\u0131n? Senin g\u00fcvenli\u011fini temin etmek i\u00e7in herkes orada m\u0131, Vali orada m\u0131, Kaymakam orada m\u0131? Onlar\u0131n g\u00fcc\u00fc yetmiyor da bir avu\u00e7 \u00e7apulcu \u015fehre hakim oluyor. B\u00f6yle bir rezalet, hi\u00e7bir yerde ya\u015fanmam\u0131\u015ft\u0131r. Say\u0131n Ba\u015fbakan, \u00fclkeyi y\u00f6netemez hale gelmi\u015ftir ve \u00fc\u00e7\u00fcnc\u00fc defa iktidar olmas\u0131n\u0131n arzusu tamamen Y\u00fcce Divanda kendisinden sorulacak hesab\u0131n korkusu sard\u0131\u011f\u0131 i\u00e7indir. Say\u0131n Ba\u015fbakan, geceleri kabus g\u00f6r\u00fcyor, &#8216;iktidardan d\u00fc\u015fersem, ba\u015f\u0131ma ne gelir&#8217; diye kara kara d\u00fc\u015f\u00fcn\u00fcyor. Merak etme iktidar olamayacaks\u0131n, iktidar yolu sana kapanm\u0131\u015f olacak Allah&#8217;\u0131n izniyle ama a\u00e7\u0131k olan bir yol var o da Y\u00fcce Divan olacak.<\/p>\n<p style=\"text-align: justify;\">Bu yapt\u0131\u011f\u0131n\u0131z iftiralar, bu yapt\u0131\u011f\u0131n\u0131z sald\u0131r\u0131lar, bu millete yapm\u0131\u015f oldu\u011funuz zul\u00fcmler&#8230; Ama bunun yan\u0131nda gencecik \u00e7ocuklar\u0131 fabrikat\u00f6r ve gemi filosu kurduran, servetine servet katan ama \u00fclkenin mutlulu\u011funu sadece \u00e7evresinde g\u00f6r\u00fcp T\u00fcrkiye ger\u00e7e\u011finden uzakla\u015fan bir Ba\u015fbakan&#8217;\u0131n yapaca\u011f\u0131 bir \u015fey kalmam\u0131\u015ft\u0131r. \u00d6yleyse Say\u0131n Ba\u015fbakan&#8217;\u0131n gitme zaman\u0131 gelmi\u015ftir. Bu h\u00fck\u00fcmetin yapaca\u011f\u0131 yoktur, bunun \u00fc\u00e7\u00fcnc\u00fc d\u00f6nemi de olmamal\u0131d\u0131r.&#8221;<\/p>\n<p style=\"text-align: justify;\"><a href=\"http:\/\/www.gazeteport.com.tr\/SIYASET\/NEWS\/GP_909288\" target=\"_blank\">Kaynak : GAZETEPORT<\/a><\/p>\n","protected":false},"excerpt":{"rendered":"<p style=\"text-align: justify;\">\n<p style=\"text-align: justify;\">MHP lideri Bah\u00e7eli, yap\u0131lan se\u00e7im anketlerine g\u00f6ndermede bulunaraka, &#8220;E\u011fer o sorunlar do\u011fruysa AKP&#8217;nin baraj\u0131n alt\u0131nda kalmas\u0131 gerekir&#8221; dedi.<\/p>\n<p style=\"text-align: justify;\">AFYONKARAH\u0130SAR- MHP Genel Ba\u015fkan\u0131 Devlet Bah\u00e7eli, &#8221;Say\u0131n Ba\u015fbakan, Adalet ve Kalk\u0131nma Partisi&#8217;nin aldatma ve kand\u0131rma partisi haline d\u00f6n\u00fc\u015ft\u00fcrm\u00fc\u015f ve T\u00fcrkiye&#8217;de \u00fc\u00e7\u00fcnc\u00fc d\u00f6nem iktidar\u0131, yine bu y\u00f6ntemle alabilece\u011fini zannetmektedir&#8221; dedi. <\/p>\n","protected":false},"author":1,"featured_media":0,"comment_status":"open","ping_status":"closed","sticky":false,"template":"","format":"standard","meta":{"footnotes":""},"categories":[105],"tags":[],"class_list":["post-33369","post","type-post","status-publish","format-standard","hentry","category-gundem","odd"],"_links":{"self":[{"href":"http:\/\/www.korhanyilmaz.com\/index.php?rest_route=\/wp\/v2\/posts\/33369","targetHints":{"allow":["GET"]}}],"collection":[{"href":"http:\/\/www.korhanyilmaz.com\/index.php?rest_route=\/wp\/v2\/posts"}],"about":[{"href":"http:\/\/www.korhanyilmaz.com\/index.php?rest_route=\/wp\/v2\/types\/post"}],"author":[{"embeddable":true,"href":"http:\/\/www.korhanyilmaz.com\/index.php?rest_route=\/wp\/v2\/users\/1"}],"replies":[{"embeddable":true,"href":"http:\/\/www.korhanyilmaz.com\/index.php?rest_route=%2Fwp%2Fv2%2Fcomments&post=33369"}],"version-history":[{"count":0,"href":"http:\/\/www.korhanyilmaz.com\/index.php?rest_route=\/wp\/v2\/posts\/33369\/revisions"}],"wp:attachment":[{"href":"http:\/\/www.korhanyilmaz.com\/index.php?rest_route=%2Fwp%2Fv2%2Fmedia&parent=33369"}],"wp:term":[{"taxonomy":"category","embeddable":true,"href":"http:\/\/www.korhanyilmaz.com\/index.php?rest_route=%2Fwp%2Fv2%2Fcategories&post=33369"},{"taxonomy":"post_tag","embeddable":true,"href":"http:\/\/www.korhanyilmaz.com\/index.php?rest_route=%2Fwp%2Fv2%2Ftags&post=33369"}],"curies":[{"name":"wp","href":"https:\/\/api.w.org\/{rel}","templated":true}]}}