{"id":33354,"date":"2011-05-23T13:20:42","date_gmt":"2011-05-23T10:20:42","guid":{"rendered":"http:\/\/www.korhanyilmaz.com\/?p=33354"},"modified":"2011-05-23T13:20:42","modified_gmt":"2011-05-23T10:20:42","slug":"devlet-hicbir-teror-orgutuyle-oturup-konusmaz","status":"publish","type":"post","link":"http:\/\/www.korhanyilmaz.com\/?p=33354","title":{"rendered":"&#8216;Devlet hi\u00e7bir ter\u00f6r \u00f6rg\u00fct\u00fcyle oturup konu\u015fmaz&#8217;"},"content":{"rendered":"<p style=\"text-align: justify;\"><a href=\"http:\/\/www.korhanyilmaz.com\/wp-content\/uploads\/2011\/05\/299.jpg\"  class=\"lightview\"><img loading=\"lazy\" decoding=\"async\" class=\"aligncenter size-full wp-image-33356\" src=\"http:\/\/www.korhanyilmaz.com\/wp-content\/uploads\/2011\/05\/299.jpg\" alt=\"\" width=\"320\" height=\"235\" \/><\/a><\/p>\n<p style=\"text-align: justify;\">TBMM Ba\u015fkan\u0131 Mehmet Ali \u015eahin, &#8220;T\u00fcrkiye Cumhuriyeti Devleti hi\u00e7bir ter\u00f6r \u00f6rg\u00fct\u00fcyle oturup konu\u015fmaz&#8221; dedi.<\/p>\n<p style=\"text-align: justify;\">TBMM &#8211; \u015eahin, \u0130sve\u00e7 Meclis Ba\u015fkan\u0131 Per Westerberg ile g\u00f6r\u00fc\u015fmesinin ard\u0131ndan, bir gazetecinin, baz\u0131 bas\u0131n organlar\u0131nda \u201cDevletin uzun s\u00fcredir ter\u00f6r \u00f6rg\u00fct\u00fc PKK ile g\u00f6r\u00fc\u015ft\u00fc\u011f\u00fc\u201d y\u00f6n\u00fcnde haberler yer ald\u0131\u011f\u0131n\u0131 ifade ederek, bu konudaki g\u00f6r\u00fc\u015flerini sormas\u0131 \u00fczerine \u015funlar\u0131 s\u00f6yledi: <!--more--><\/p>\n<p style=\"text-align: justify;\">\u201cT\u00fcrkiye Cumhuriyeti Devleti hi\u00e7bir ter\u00f6r \u00f6rg\u00fct\u00fcyle oturup konu\u015fmaz; ne ge\u00e7mi\u015fte, ne bug\u00fcn, ne gelecekte&#8230; Devlet vakar\u0131na ve devlet ciddiyetine ayk\u0131r\u0131 olan bu t\u00fcr te\u015febb\u00fcste bulunmaz. Se\u00e7imler \u00f6ncesi, birtak\u0131m siyasi partilerin iktidar\u0131 k\u00f6\u015feye s\u0131k\u0131\u015ft\u0131rmak veya bundan siyasi bir rant elde etmek i\u00e7in beyanlar\u0131ndan ba\u015fka hi\u00e7bir anlam ifade etmemektedir bu c\u00fcmleler.\u201d<\/p>\n<p style=\"text-align: justify;\"><a href=\"http:\/\/www.radikal.com.tr\/Radikal.aspx?aType=RadikalDetayV3&amp;ArticleID=1050261&amp;CategoryID=78\" target=\"_blank\">Kaynak : Radikal<\/a><\/p>\n","protected":false},"excerpt":{"rendered":"<p style=\"text-align: justify;\">\n<p style=\"text-align: justify;\">TBMM Ba\u015fkan\u0131 Mehmet Ali \u015eahin, &#8220;T\u00fcrkiye Cumhuriyeti Devleti hi\u00e7bir ter\u00f6r \u00f6rg\u00fct\u00fcyle oturup konu\u015fmaz&#8221; dedi.<\/p>\n<p style=\"text-align: justify;\">TBMM &#8211; \u015eahin, \u0130sve\u00e7 Meclis Ba\u015fkan\u0131 Per Westerberg ile g\u00f6r\u00fc\u015fmesinin ard\u0131ndan, bir gazetecinin, baz\u0131 bas\u0131n organlar\u0131nda \u201cDevletin uzun s\u00fcredir ter\u00f6r \u00f6rg\u00fct\u00fc PKK ile g\u00f6r\u00fc\u015ft\u00fc\u011f\u00fc\u201d y\u00f6n\u00fcnde haberler yer ald\u0131\u011f\u0131n\u0131 ifade ederek, bu konudaki g\u00f6r\u00fc\u015flerini sormas\u0131 <\/p>\n","protected":false},"author":1,"featured_media":0,"comment_status":"open","ping_status":"closed","sticky":false,"template":"","format":"standard","meta":{"footnotes":""},"categories":[105],"tags":[],"class_list":["post-33354","post","type-post","status-publish","format-standard","hentry","category-gundem","odd"],"_links":{"self":[{"href":"http:\/\/www.korhanyilmaz.com\/index.php?rest_route=\/wp\/v2\/posts\/33354","targetHints":{"allow":["GET"]}}],"collection":[{"href":"http:\/\/www.korhanyilmaz.com\/index.php?rest_route=\/wp\/v2\/posts"}],"about":[{"href":"http:\/\/www.korhanyilmaz.com\/index.php?rest_route=\/wp\/v2\/types\/post"}],"author":[{"embeddable":true,"href":"http:\/\/www.korhanyilmaz.com\/index.php?rest_route=\/wp\/v2\/users\/1"}],"replies":[{"embeddable":true,"href":"http:\/\/www.korhanyilmaz.com\/index.php?rest_route=%2Fwp%2Fv2%2Fcomments&post=33354"}],"version-history":[{"count":0,"href":"http:\/\/www.korhanyilmaz.com\/index.php?rest_route=\/wp\/v2\/posts\/33354\/revisions"}],"wp:attachment":[{"href":"http:\/\/www.korhanyilmaz.com\/index.php?rest_route=%2Fwp%2Fv2%2Fmedia&parent=33354"}],"wp:term":[{"taxonomy":"category","embeddable":true,"href":"http:\/\/www.korhanyilmaz.com\/index.php?rest_route=%2Fwp%2Fv2%2Fcategories&post=33354"},{"taxonomy":"post_tag","embeddable":true,"href":"http:\/\/www.korhanyilmaz.com\/index.php?rest_route=%2Fwp%2Fv2%2Ftags&post=33354"}],"curies":[{"name":"wp","href":"https:\/\/api.w.org\/{rel}","templated":true}]}}