{"id":3335,"date":"2009-02-20T08:57:15","date_gmt":"2009-02-20T06:57:15","guid":{"rendered":"http:\/\/www.korhanyilmaz.com\/?p=3335"},"modified":"2009-02-20T08:57:15","modified_gmt":"2009-02-20T06:57:15","slug":"dyh-bu-yontemlere-hicbir-demokraside-rastlanmaz","status":"publish","type":"post","link":"http:\/\/www.korhanyilmaz.com\/?p=3335","title":{"rendered":"DYH: Bu y\u00f6ntemlere hi\u00e7bir demokraside rastlanmaz"},"content":{"rendered":"<p style=\"text-align: justify;\">Do\u011fan Yay\u0131n Holding&#8217;den s\u00f6zkonusu ceza ile ilgili olarak d\u00fcn bir a\u00e7\u0131klama daha yap\u0131ld\u0131 ve as\u0131l amac\u0131n ba\u011f\u0131ms\u0131z tarafs\u0131z medyay\u0131 sindirmek oldu\u011fu vurguland\u0131. A\u00e7\u0131klamada bir gruba ait 7 \u015firketin ayn\u0131 anda 5 \u015firketinin 40&#8217;dan fazla Maliye eleman\u0131 taraf\u0131ndan incelenmesinin Maliye Bakanl\u0131\u011f\u0131 tarihinde g\u00f6r\u00fclmedi\u011fi, bunun siyasi ortamdan tetiklenen bir inceleme oldu\u011funa dair \u015f\u00fcpheler bulundu\u011fu belirtildi ve \u015f\u00f6yle denildi:<br \/>\n\u00dclkemizin k\u00f6kl\u00fc kurumlar\u0131ndan biri olan Do\u011fan Grubu, y\u0131llard\u0131r T\u00fcrkiye&#8217;ye hizmet etmekte ve \u00fclkemizin b\u00fcy\u00fck vergi m\u00fckelleflerinden biri olarak, bu h\u00fck\u00fcmet d\u00f6nemi dahil s\u00fcrekli takdire mazhar olmaktad\u0131r.<!--more--><br \/>\nAdalet ve Kalk\u0131nma Partisi&#8217;nin \u00f6zellikle 2007 se\u00e7imlerinden sonraki iktidar d\u00f6neminde, gruba y\u00f6nelik siyasi itham ve su\u00e7lamalara paralel olarak b\u00fcrokratik bask\u0131 ve engellerin de artt\u0131\u011f\u0131 g\u00f6r\u00fclmektedir. Son bir y\u0131ld\u0131r \u015firketlerimizde s\u00fcrekli inceleme yap\u0131lmaktad\u0131r. Bu incelemelerin sekt\u00f6r veya konu incelemesi olup olmad\u0131\u011f\u0131, bir sekt\u00f6rdeki t\u00fcm \u015firketleri kapsay\u0131p kapsamad\u0131\u011f\u0131, e\u011fer konu incelemesi ise ayn\u0131 konuda faaliyet g\u00f6steren di\u011fer \u015firketlerin de inceleme kapsam\u0131nda olup olmad\u0131\u011f\u0131 belli de\u011fildir. K\u00f6kl\u00fc bir gelene\u011fi olan Maliye Bakanl\u0131\u011f\u0131m\u0131z\u0131n tarihinde bir gruba ait 7 \u015firketin ayn\u0131 anda be\u015f y\u0131l\u0131n\u0131n, 40 k\u00fcsur vergi inceleme eleman\u0131 ile 11 ayd\u0131r incelendi\u011fi g\u00f6r\u00fclmemi\u015ftir. Bunun siyasi ortamdan tetiklenen bir inceleme oldu\u011fu konusunda ciddi \u015f\u00fcphelerimiz vard\u0131r. Bu \u015f\u00fcpheyi besleyen bizzat Say\u0131n Ba\u015fbakan\u0131n gerek parti kongrelerinde gerek siyasi mitinglerde dile getirdi\u011fi Do\u011fan Grubu&#8217;na y\u00f6nelik su\u00e7lamalar\u0131 ve ithamlar\u0131d\u0131r.<br \/>\nDo\u011fan Yay\u0131n Holding ile ilgili son vergi cezas\u0131n\u0131n da a\u00e7\u0131k\u00e7a g\u00f6sterdi\u011fi gibi, ba\u011f\u0131ms\u0131z ve tarafs\u0131z medyay\u0131 sindirmek amac\u0131yla ba\u015fvurulan bu y\u00f6ntemlere hi\u00e7bir demokraside rastlanamaz.<br \/>\nBu haks\u0131z sald\u0131r\u0131lar ve AKP iktidar\u0131n\u0131n ba\u015fvurdu\u011fu y\u0131ld\u0131rma ve yok etme kampanyas\u0131 kar\u015f\u0131s\u0131nda kamuoyumuza bir kez daha sesleniyoruz:<br \/>\n1- Do\u011fan Grubu bir siyasi parti de\u011fildir. Ne bir siyasi partinin rakibi ne de yanda\u015f\u0131y\u0131z. Grup medyas\u0131n\u0131n iktidar ya da muhalefet partileri ile hi\u00e7bir ba\u011f\u0131 ve ba\u011flant\u0131s\u0131 yoktur. \u0130ktidar\u0131 da muhalefeti de yeri geldi\u011finde \u00e7ekinmeden ele\u015ftiri hakk\u0131n\u0131 hi\u00e7bir k\u0131s\u0131tlama olmadan kullan\u0131r.<br \/>\nBunun en yak\u0131n \u00f6rne\u011fi CHP Genel Sekreter Yard\u0131mc\u0131b\u0131 Sevigen ile ilgili iddialar\u0131n grubumuz gazetelerinden biri taraf\u0131ndan ortaya \u00e7\u0131kar\u0131lmas\u0131d\u0131r.<br \/>\n2- Do\u011fan Grubu medyas\u0131 bu \u00fclkede ba\u011f\u0131ms\u0131z ve tarafs\u0131z gazetecili\u011fin temsilcisidir. 60 y\u0131ld\u0131r bu kimli\u011fi ile her kesimden kaynaklanan yolsuzluklarla m\u00fccadele etmeyi bir g\u00f6rev bilmi\u015ftir. \u00dclkemiz demokrasisinin sa\u011flam temeller \u00fczerinde geli\u015fmesi i\u00e7in \u00fczerine d\u00fc\u015fen t\u00fcm sorumluluklar\u0131 yerine getirmi\u015f ve kar\u015f\u0131la\u015ft\u0131\u011f\u0131 t\u00fcm zorluklara g\u00f6\u011f\u00fcs germi\u015ftir.\n<\/p>\n<p style=\"text-align: justify;\"><span style=\"color: #888888;\">Kaynak : Vatan Gazetesi<\/span><\/p>\n","protected":false},"excerpt":{"rendered":"<p style=\"text-align: justify;\">Do\u011fan Yay\u0131n Holding&#8217;den s\u00f6zkonusu ceza ile ilgili olarak d\u00fcn bir a\u00e7\u0131klama daha yap\u0131ld\u0131 ve as\u0131l amac\u0131n ba\u011f\u0131ms\u0131z tarafs\u0131z medyay\u0131 sindirmek oldu\u011fu vurguland\u0131. A\u00e7\u0131klamada bir gruba ait 7 \u015firketin ayn\u0131 anda 5 \u015firketinin 40&#8217;dan fazla Maliye eleman\u0131 taraf\u0131ndan incelenmesinin Maliye Bakanl\u0131\u011f\u0131 tarihinde g\u00f6r\u00fclmedi\u011fi, bunun siyasi ortamdan tetiklenen bir inceleme oldu\u011funa dair \u015f\u00fcpheler bulundu\u011fu belirtildi <\/p>\n","protected":false},"author":1,"featured_media":0,"comment_status":"open","ping_status":"closed","sticky":false,"template":"","format":"standard","meta":{"footnotes":""},"categories":[105],"tags":[],"class_list":["post-3335","post","type-post","status-publish","format-standard","hentry","category-gundem","odd"],"_links":{"self":[{"href":"http:\/\/www.korhanyilmaz.com\/index.php?rest_route=\/wp\/v2\/posts\/3335","targetHints":{"allow":["GET"]}}],"collection":[{"href":"http:\/\/www.korhanyilmaz.com\/index.php?rest_route=\/wp\/v2\/posts"}],"about":[{"href":"http:\/\/www.korhanyilmaz.com\/index.php?rest_route=\/wp\/v2\/types\/post"}],"author":[{"embeddable":true,"href":"http:\/\/www.korhanyilmaz.com\/index.php?rest_route=\/wp\/v2\/users\/1"}],"replies":[{"embeddable":true,"href":"http:\/\/www.korhanyilmaz.com\/index.php?rest_route=%2Fwp%2Fv2%2Fcomments&post=3335"}],"version-history":[{"count":0,"href":"http:\/\/www.korhanyilmaz.com\/index.php?rest_route=\/wp\/v2\/posts\/3335\/revisions"}],"wp:attachment":[{"href":"http:\/\/www.korhanyilmaz.com\/index.php?rest_route=%2Fwp%2Fv2%2Fmedia&parent=3335"}],"wp:term":[{"taxonomy":"category","embeddable":true,"href":"http:\/\/www.korhanyilmaz.com\/index.php?rest_route=%2Fwp%2Fv2%2Fcategories&post=3335"},{"taxonomy":"post_tag","embeddable":true,"href":"http:\/\/www.korhanyilmaz.com\/index.php?rest_route=%2Fwp%2Fv2%2Ftags&post=3335"}],"curies":[{"name":"wp","href":"https:\/\/api.w.org\/{rel}","templated":true}]}}