{"id":33340,"date":"2011-05-23T09:45:44","date_gmt":"2011-05-23T06:45:44","guid":{"rendered":"http:\/\/www.korhanyilmaz.com\/?p=33340"},"modified":"2011-05-23T09:45:44","modified_gmt":"2011-05-23T06:45:44","slug":"bakanlik-esegi-aday-gosterse-oy-veririm","status":"publish","type":"post","link":"http:\/\/www.korhanyilmaz.com\/?p=33340","title":{"rendered":"&#8216;Bakanl\u0131k e\u015fe\u011fi aday g\u00f6sterse, oy veririm&#8217;"},"content":{"rendered":"<div id=\"attachment_33341\" style=\"width: 330px\" class=\"wp-caption aligncenter\"><a href=\"http:\/\/www.korhanyilmaz.com\/wp-content\/uploads\/2011\/05\/296.jpg\"  class=\"lightview\"><img loading=\"lazy\" decoding=\"async\" aria-describedby=\"caption-attachment-33341\" class=\"size-full wp-image-33341  \" src=\"http:\/\/www.korhanyilmaz.com\/wp-content\/uploads\/2011\/05\/296.jpg\" alt=\"\" width=\"320\" height=\"214\" \/><\/a><p id=\"caption-attachment-33341\" class=\"wp-caption-text\">Demokrat Yarg\u0131 Derne\u011fi E\u015fba\u015fkan\u0131 ve Beypazar\u0131 Hakimi Orhan Gazi Ertekin<\/p><\/div>\n<p style=\"text-align: justify;\">Demokrat Yarg\u0131 Derne\u011fi E\u015fba\u015fkan\u0131 ve Beypazar\u0131 Hakimi Ertekin, referandumda kabul edilen Anayasa de\u011fi\u015fikli\u011fi ile yap\u0131s\u0131 tamamen de\u011fi\u015fen HSYK \u00fcyelikleri i\u00e7in adli ve idari yarg\u0131 hakim ve savc\u0131lar\u0131n\u0131n sand\u0131\u011fa gitti\u011fi se\u00e7imlerden \u00f6nce ya\u015fananlar\u0131 ortaya koyan yarg\u0131y\u0131 sarsacak bir kitap yazd\u0131.<!--more--><\/p>\n<p style=\"text-align: justify;\">\u0130STANBUL &#8211; \u201cYarg\u0131 Meselesi Hallonuldu Yarg\u0131n\u0131n \u2018E\u015fekli Demokrasi\u2019 ile \u0130mtihan\u0131\u201d isimli kitapla, Hakimler ve Savc\u0131lar Y\u00fcksek Kurulu (HSYK) se\u00e7imleri s\u0131ras\u0131nda ya\u015fanan ve b\u00fcy\u00fck \u00e7o\u011funlu\u011fu bilinmeyen skandallar g\u00fcn y\u00fcz\u00fcne \u00e7\u0131k\u0131yor.<\/p>\n<p style=\"text-align: justify;\">Demokrat Yarg\u0131 Derne\u011fi, Anayasa Mahkemesi eski raport\u00f6r\u00fc Osman Can ve Orhan Gazi Ertekin\u2019in e\u015fba\u015fkanl\u0131\u011f\u0131nda kuruldu. Dernek \u00f6nce YARSAV\u2019a alternatif olarak ortaya \u00e7\u0131kt\u0131. Anayasa de\u011fi\u015fikli\u011fine ili\u015fkin referandumda \u201cEvet\u201d oyu verilmesi i\u00e7in aktif bir \u00e7al\u0131\u015fma y\u00fcr\u00fcten dernek, Anayasa de\u011fi\u015fikli\u011finin kabul edilmesinin ard\u0131ndan yap\u0131lan HSYK \u00fcyeli\u011fi se\u00e7imlerinde b\u00fcy\u00fck \u00e7alkant\u0131 ya\u015fam\u0131\u015ft\u0131. Bu s\u00fcre\u00e7te Osman Can ve aralar\u0131nda Yarg\u0131tay \u00fcyelerinin de oldu\u011fu bakanl\u0131k yanl\u0131s\u0131 baz\u0131 \u00fcyeler dernekten ayr\u0131lm\u0131\u015ft\u0131.<\/p>\n<p style=\"text-align: justify;\">Ertekin, HSYK \u00fcyeli\u011fi se\u00e7iminin perde arkas\u0131n\u0131 anlatt\u0131\u011f\u0131 kitab\u0131nda yarg\u0131y\u0131 sarsacak perde arkas\u0131 olaylar\u0131 ile \u00e7arp\u0131c\u0131 tespitleri okurlarla payla\u015f\u0131yor.<\/p>\n<p style=\"text-align: justify;\"><strong>K\u0130TABIN \u0130SM\u0130N\u0130N KAYNA\u011eI<\/strong><\/p>\n<p style=\"text-align: justify;\"><a href=\"http:\/\/www.korhanyilmaz.com\/wp-content\/uploads\/2011\/05\/297.jpg\"  class=\"lightview\"><img loading=\"lazy\" decoding=\"async\" class=\"alignleft size-full wp-image-33343\" style=\"margin-left: 10px; margin-right: 10px;\" src=\"http:\/\/www.korhanyilmaz.com\/wp-content\/uploads\/2011\/05\/297.jpg\" alt=\"\" width=\"210\" height=\"305\" \/><\/a>Vatan&#8217;\u0131n haberine g\u00f6re; Ertekin kitab\u0131n\u0131n ismini, Adalet Bakanl\u0131\u011f\u0131\u2019n\u0131n \u201cSe\u00e7imlerde aday \u00e7\u0131karmamalar\u0131 kar\u015f\u0131l\u0131\u011f\u0131nda, HSYK se\u00e7imlerinde bakanl\u0131\u011f\u0131n listesinde iki Demokrat Yarg\u0131 aday\u0131na yer verilmesi\u201d teklifi s\u0131ras\u0131nda bir hakimin dile getirdi\u011fi \u201cBakanl\u0131k e\u015fe\u011fi aday g\u00f6sterse e\u015fe\u011fe de oy veririm\u201d s\u00f6zlerinden al\u0131yor.<\/p>\n<p style=\"text-align: justify;\">Ertekin kitab\u0131nda, Demokrat Yarg\u0131\u2019n\u0131n HSYK se\u00e7iminden \u00f6nce ilkeleri ortaya koyabilmek i\u00e7in bir platform olu\u015fturulmas\u0131n\u0131 \u00f6nerdi\u011fi, bu \u00f6neriye Adalet Bakan\u0131 Sadullah Ergin\u2019in \u00f6nce s\u0131cak bakt\u0131\u011f\u0131 ancak daha sonra vazge\u00e7erek \u201cbakanl\u0131k listesi\u201d ile se\u00e7ime girmeye karar verildi\u011fini anlat\u0131yor.<\/p>\n<p style=\"text-align: justify;\">HSYK 1. Daire Ba\u015fkan\u0131 olan d\u00f6nemin M\u00fcste\u015far Yard\u0131mc\u0131s\u0131 \u0130brahim Okur ile g\u00f6r\u00fc\u015ft\u00fc\u011f\u00fcn\u00fc ve niyetini o g\u00f6r\u00fc\u015fmede anlad\u0131\u011f\u0131n\u0131 kaydeden Ertekin, \u015fimdiki Adalet Bakan\u0131 d\u00f6nemin M\u00fcste\u015far\u0131 Ahmet Kahraman ve Okur\u2019un ayr\u0131 listeler olu\u015fturduklar\u0131n\u0131, bunlardan Okur\u2019un listesinin esas al\u0131nd\u0131\u011f\u0131n\u0131, Kahraman\u2019\u0131n listesindeki isimlerin ise daha sonra Yarg\u0131tay \u00fcyesi se\u00e7ildi\u011fini iddia etti.<\/p>\n<p style=\"text-align: justify;\">HSYK se\u00e7imini Adalet Bakanl\u0131\u011f\u0131 listesi kazanm\u0131\u015f ancak d\u00f6nemin Adalet Bakan\u0131 Sadullah Ergin ve bakanl\u0131\u011f\u0131n t\u00fcm yetkilileri listenin bakanl\u0131\u011f\u0131n listesi oldu\u011funu reddetmi\u015flerdi. Ancak Ertekin\u2019in kitab\u0131nda yer alan tutanaklar, HSYK se\u00e7im s\u00fcrecinin bakanl\u0131k taraf\u0131ndan y\u00fcr\u00fct\u00fcld\u00fc\u011f\u00fcn\u00fc ve listenin de Bakanl\u0131\u011f\u0131n listesi oldu\u011funu a\u00e7\u0131k\u00e7a ortaya koydu.<\/p>\n<p style=\"text-align: justify;\"><strong>\u2018BAKANLIK DED\u0130KODU \u00dcRETT\u0130\u2019<\/strong><\/p>\n<p style=\"text-align: justify;\">Ertekin, Bakanl\u0131\u011f\u0131n, kendi listesinden aday olmayanlara y\u00f6nelik elindeki bilgileri kullanarak \u201cT\u00fcrbanl\u0131 kar\u0131s\u0131n\u0131n ba\u015f\u0131n\u0131 a\u00e7m\u0131\u015f\u201d, \u201c\u0130\u00e7ki i\u00e7iyormu\u015f\u201d t\u00fcr\u00fcnde bilgilerle insanlar\u0131n lin\u00e7 edilmek istendi\u011fini \u00f6ne s\u00fcrd\u00fc.<\/p>\n<p style=\"text-align: justify;\"><strong>BAKANLI\u011eIN VAATLER\u0130<\/strong><\/p>\n<p style=\"text-align: justify;\">Ertekin kitab\u0131nda \u015fu ifadelere yer verdi: \u201cAdliyelerde Ba\u015fsavc\u0131lar ve Komisyon Ba\u015fkanlar\u0131 arac\u0131l\u0131\u011f\u0131yla toplant\u0131lar yap\u0131ld\u0131. Yarg\u0131tay ve Dan\u0131\u015ftay\u2019a yeni daireler kurulaca\u011f\u0131 ve 100 Yarg\u0131tay, 50 Dan\u0131\u015ftay \u00fcyesinin yeni HSYK taraf\u0131ndan se\u00e7ilece\u011fi s\u00f6ylentisi yay\u0131ld\u0131. B\u00f6ylece b\u00fcy\u00fck bir kaymak potansiyelinin g\u00f6zleri kama\u015ft\u0131rmas\u0131 bekleniyordu. Unvanlar, terfi beklentileri, tayinler, benzeri ikbal alanlar\u0131 ve Bakanl\u0131k b\u00fcrokratlar\u0131n\u0131n bu ilk giri\u015fimleri; yarg\u0131ya bir \u2018 devlet t\u00fcccarl\u0131\u011f\u0131\u2019 zihniyetiyle bak\u0131ld\u0131\u011f\u0131n\u0131 g\u00f6steriyordu.\u201d<\/p>\n<p style=\"text-align: justify;\">Ertekin, bakanl\u0131k b\u00fcrokrasinin Demokrat Yarg\u0131\u2019n\u0131n \u00e7ekirdek kadrosuna kar\u015f\u0131 da so\u011fuk sava\u015f arg\u00fcmanlar\u0131 ile teyakkuza ge\u00e7erek yaln\u0131zla\u015ft\u0131rma takti\u011fi uygulad\u0131\u011f\u0131n\u0131 belirterek \u201cBir y\u00f6netim kurulu \u00fcyemiz, kendisine Bakanl\u0131k b\u00fcrokratlar\u0131nca s\u0131k\u00e7a \u2018bunlar kom\u00fcnist\u2019 ve \u2018bunlar K\u00fcrt\u2019, \u2018bunlarla nas\u0131l yan yana geliyorsunuz?\u2019 dendi\u011fini aktar\u0131yordu\u201d diye yazd\u0131.<\/p>\n<p style=\"text-align: justify;\"><strong>TUTANAKLARI YAYINLADI<\/strong><\/p>\n<p style=\"text-align: justify;\">&#8211; Arac\u0131 (Osman Can): Bir y\u00fcksek yetkili ile g\u00f6r\u00fc\u015ft\u00fcm. Benden bakanl\u0131k listesi i\u00e7in 2 isim vermemizi istedi. Gerekirse \u2018daha \u00fcst yetkili\u2019 ile g\u00f6r\u00fc\u015ferek ve biraz daha bast\u0131rarak say\u0131n\u0131n 3 olmas\u0131n\u0131 sa\u011flayabilirim.<\/p>\n<p style=\"text-align: justify;\">&#8211; Orhangazi Ertekin: Bakanl\u0131k taraf\u0131ndan y\u00fcr\u00fct\u00fclen ve b\u00fcrokratlar\u0131n aday oldu\u011fu bir listeye dahil olmamal\u0131y\u0131z. Demokratik ve sivil y\u00f6ntemlerde \u0131srar etmeliyiz.<\/p>\n<p style=\"text-align: justify;\">&#8211; K\u0131demli bir hakim: Y\u00fcksek yetkili kim bilmiyorum. Ama HSYK se\u00e7imini Bakanl\u0131k ve m\u00fcste\u015far y\u00fcr\u00fctmektedir. Onlarla oturmadan liste olu\u015fturulamaz. Bu b\u00fcrokratlar\u0131 da k\u0131zd\u0131r\u0131r. Bu i\u015fin tek patronu b\u00fcrokratlard\u0131r. Ben \u015fahsen Adalet Bakanl\u0131\u011f\u0131 e\u015fe\u011fi aday g\u00f6sterse, e\u015fe\u011fe oy veririm.<\/p>\n<p style=\"text-align: justify;\">\u00c7ok k\u0131demli bir hakim: HSYK ele ge\u00e7irildi\u011finde sadece Yarg\u0131tay ve Dan\u0131\u015ftay yeniden yap\u0131lanmayacak, h\u00fck\u00fcmetin y\u00fcr\u00fctt\u00fc\u011f\u00fc siyaseti, \u00f6zelle\u015ftirmeleri engelleyen g\u00fc\u00e7ler de devreden \u00e7\u0131kacaklar. Ben Yarsav \u2019\u0131n kazanaca\u011f\u0131 bir sabaha uyanaca\u011f\u0131ma \u015feytanla bile i\u015fbirli\u011fi yapar\u0131m.<\/p>\n<p style=\"text-align: justify;\"><strong>Demokratik se\u00e7imi ilerde yapar\u0131z!<\/strong><\/p>\n<p style=\"text-align: justify;\">&#8211; \u00c7ok k\u0131demli bir ba\u015fka hakim: Dini bu i\u015flere kar\u0131\u015ft\u0131rmayal\u0131m. Bizim i\u00e7in \u00f6nemli olan kazanmak. Siz ise \u00f6nemli olan adalettir diyorsunuz. Bu se\u00e7im her \u015feyden \u00f6nemli. \u0130lerde demokratik bir se\u00e7im yap\u0131labilir.<\/p>\n<p style=\"text-align: justify;\">&#8211; K\u0131demli bir hakim: Bizim derdimiz, toplumun t\u00fcm renklerinin yeni HSYK \u2019ya yans\u0131mas\u0131d\u0131r. Yani ele ge\u00e7irmek de\u011fil, ele ge\u00e7irilemez olmas\u0131n\u0131 sa\u011flamakt\u0131r.<\/p>\n<p style=\"text-align: justify;\">&#8211; Orhangazi Ertekin: Adalet Bakanl\u0131\u011f\u0131 bu s\u00fcreci y\u00f6netir ve b\u00fcrokratlar da aday olursa ve bu dernek de listeye eklemlenirse, biz bu dernekten ayr\u0131l\u0131r\u0131z.<\/p>\n<p style=\"text-align: justify;\"><strong>\u2018OSMAN CAN\u2019A SEFER G\u00d6REV EMR\u0130 VER\u0130LD\u0130\u2019<\/strong><\/p>\n<p style=\"text-align: justify;\">Ertekin kitab\u0131nda Demokrat Yarg\u0131 Derne\u011fi\u2019ni birlikte kurdu\u011fu Osman Can\u2019a sert ele\u015ftiriler y\u00f6neltti: \u201cCan\u2019\u0131n, yarg\u0131 tart\u0131\u015fmalar\u0131 ve son HSYK se\u00e7iminin bu ilk haz\u0131rl\u0131k s\u00fcrecindeki tav\u0131r al\u0131\u015flar\u0131n\u0131, bir \u201csiyasi memuriyet\u201d hali ve bir \u201celeman\u201d tutarl\u0131l\u0131\u011f\u0131 i\u00e7inde ele alman\u0131n daha do\u011fru ve mant\u0131kl\u0131 oldu\u011fu y\u00f6n\u00fcndeki bak\u0131\u015f\u0131n daha \u00f6nemli bir te\u015fhise yol a\u00e7aca\u011f\u0131 d\u00fc\u015f\u00fcn\u00fclebilir.\u201d<\/p>\n<p style=\"text-align: justify;\">Ba\u015fbakan Erdo\u011fan\u2019\u0131n yeni anayasay\u0131 sivil toplumun yapaca\u011f\u0131n\u0131 a\u00e7\u0131klamas\u0131ndan sonra, \u201ckendi anayasan\u0131 kendin\u201d yap gibi kampanyalar \u00fczerinden \u201cAnayasa \u00c7al\u0131\u015fma Grubu\u201d, \u201cYeni Anayasa Platformu\u201d gibi sivil toplum \u00f6rg\u00fctleri kuruldu\u011funa dikkati \u00e7eken Ertekin, Osman Can\u2019\u0131n da bu \u00e7al\u0131\u015fmalara kat\u0131lmak i\u00e7in raport\u00f6rl\u00fckt\u00fcn ayr\u0131ld\u0131\u011f\u0131n\u0131 dile getirerek, \u201cYani anayasa yap\u0131lacak toplan\u0131n! Anayasa yap\u0131ld\u0131 da\u011f\u0131l\u0131n! Do\u011frusu, Osman Can\u2019a yeni bir \u201csefer g\u00f6rev emri\u201dnin geldi\u011fi anla\u015f\u0131l\u0131yordu: Anayasa yapacak bir halk in\u015fa edin hemen!\u201d dedi.<\/p>\n<p style=\"text-align: justify;\"><a href=\"http:\/\/www.radikal.com.tr\/Radikal.aspx?aType=RadikalDetayV3&amp;ArticleID=1050236&amp;CategoryID=77\" target=\"_blank\">Kaynak : Radikal<\/a><\/p>\n","protected":false},"excerpt":{"rendered":"<p id=\"caption-attachment-33341\" class=\"wp-caption-text\">Demokrat Yarg\u0131 Derne\u011fi E\u015fba\u015fkan\u0131 ve Beypazar\u0131 Hakimi Orhan Gazi Ertekin<\/p>\n<p style=\"text-align: justify;\">Demokrat Yarg\u0131 Derne\u011fi E\u015fba\u015fkan\u0131 ve Beypazar\u0131 Hakimi Ertekin, referandumda kabul edilen Anayasa de\u011fi\u015fikli\u011fi ile yap\u0131s\u0131 tamamen de\u011fi\u015fen HSYK \u00fcyelikleri i\u00e7in adli ve idari yarg\u0131 hakim ve savc\u0131lar\u0131n\u0131n sand\u0131\u011fa gitti\u011fi se\u00e7imlerden \u00f6nce ya\u015fananlar\u0131 ortaya koyan yarg\u0131y\u0131 sarsacak bir kitap yazd\u0131.<\/p>\n","protected":false},"author":1,"featured_media":0,"comment_status":"open","ping_status":"closed","sticky":false,"template":"","format":"standard","meta":{"footnotes":""},"categories":[105],"tags":[],"class_list":["post-33340","post","type-post","status-publish","format-standard","hentry","category-gundem","odd"],"_links":{"self":[{"href":"http:\/\/www.korhanyilmaz.com\/index.php?rest_route=\/wp\/v2\/posts\/33340","targetHints":{"allow":["GET"]}}],"collection":[{"href":"http:\/\/www.korhanyilmaz.com\/index.php?rest_route=\/wp\/v2\/posts"}],"about":[{"href":"http:\/\/www.korhanyilmaz.com\/index.php?rest_route=\/wp\/v2\/types\/post"}],"author":[{"embeddable":true,"href":"http:\/\/www.korhanyilmaz.com\/index.php?rest_route=\/wp\/v2\/users\/1"}],"replies":[{"embeddable":true,"href":"http:\/\/www.korhanyilmaz.com\/index.php?rest_route=%2Fwp%2Fv2%2Fcomments&post=33340"}],"version-history":[{"count":0,"href":"http:\/\/www.korhanyilmaz.com\/index.php?rest_route=\/wp\/v2\/posts\/33340\/revisions"}],"wp:attachment":[{"href":"http:\/\/www.korhanyilmaz.com\/index.php?rest_route=%2Fwp%2Fv2%2Fmedia&parent=33340"}],"wp:term":[{"taxonomy":"category","embeddable":true,"href":"http:\/\/www.korhanyilmaz.com\/index.php?rest_route=%2Fwp%2Fv2%2Fcategories&post=33340"},{"taxonomy":"post_tag","embeddable":true,"href":"http:\/\/www.korhanyilmaz.com\/index.php?rest_route=%2Fwp%2Fv2%2Ftags&post=33340"}],"curies":[{"name":"wp","href":"https:\/\/api.w.org\/{rel}","templated":true}]}}