{"id":33315,"date":"2011-05-22T11:49:25","date_gmt":"2011-05-22T08:49:25","guid":{"rendered":"http:\/\/www.korhanyilmaz.com\/?p=33315"},"modified":"2011-05-22T11:49:25","modified_gmt":"2011-05-22T08:49:25","slug":"sakaryada-bu-afis-olay-yaratti","status":"publish","type":"post","link":"http:\/\/www.korhanyilmaz.com\/?p=33315","title":{"rendered":"Sakarya&#8217;da bu afi\u015f olay yaratt\u0131"},"content":{"rendered":"<p style=\"text-align: center;\"><a href=\"http:\/\/www.korhanyilmaz.com\/wp-content\/uploads\/2011\/05\/293.jpg\"  class=\"lightview\"><img loading=\"lazy\" decoding=\"async\" class=\"aligncenter size-full wp-image-33316\" src=\"http:\/\/www.korhanyilmaz.com\/wp-content\/uploads\/2011\/05\/293.jpg\" alt=\"\" width=\"384\" height=\"254\" \/><\/a><\/p>\n<p style=\"text-align: justify;\">Sakarya&#8217;da MHP&#8217;liler taraf\u0131ndan as\u0131lan ve Habur S\u0131n\u0131r Kap\u0131s\u0131&#8217;nda ter\u00f6ristlerin teslim oldu\u011fu foto\u011fraflar\u0131n yer ald\u0131\u011f\u0131 afi\u015f, polis ve MHP&#8217;liler aras\u0131nda ya\u015fanan tart\u0131\u015fman\u0131n ard\u0131ndan kald\u0131r\u0131ld\u0131.<\/p>\n<p style=\"text-align: justify;\">\u00c7ark Caddesi&#8217;nde in\u015faat halindeki bir binan\u0131n bah\u00e7e duvar\u0131na, &#8220;ter\u00f6r \u00f6rg\u00fct\u00fc \u00fcyelerinin Habur S\u0131n\u0131r Kap\u0131s\u0131&#8217;nda teslim olmalar\u0131, BDP \u0130stanbul Milletvekili Sabahat Tuncel&#8217;in polis memuruna tokat atmas\u0131, AK Parti Sakarya Milletvekilleri \u015eaban Di\u015fli ve Recep Y\u0131ld\u0131r\u0131m&#8217;\u0131n iki y\u0131l \u00f6nce Diyarbak\u0131r Belediye Ba\u015fkan\u0131 Osman Baydemir&#8217;i ziyaret etmesi ve bir belediye otob\u00fcs\u00fcne molotofkokteyli at\u0131lmas\u0131yla&#8221; ilgili foto\u011fraflar\u0131n yer ald\u0131\u011f\u0131 afi\u015f as\u0131ld\u0131. <!--more--><\/p>\n<p style=\"text-align: justify;\">Ba\u015fbakan Recep Tayyip Erdo\u011fan&#8217;a ait oldu\u011fu \u00f6ne s\u00fcr\u00fclen, &#8220;K\u00fcrt a\u00e7\u0131l\u0131m\u0131n\u0131 hazmettire hazmettire kabul ettirece\u011fiz&#8221; ifadesi ile &#8216;Bu g\u00f6r\u00fcnt\u00fcleri hayal bile edemezdik&#8217; slogan\u0131n\u0131n yer ald\u0131\u011f\u0131 afi\u015f nedeniyle polis ile MHP&#8217;liler aras\u0131nda k\u0131sa s\u00fcreli tart\u0131\u015fma ya\u015fand\u0131.<\/p>\n<p style=\"text-align: justify;\">Polisin ikaz\u0131, MHP Genel Ba\u015fkan Yard\u0131mc\u0131s\u0131 M\u00fcnir Kutluata&#8217;n\u0131n da devreye girmesiyle afi\u015f partililerce indirildi.<\/p>\n<p style=\"text-align: justify;\">MHP Sakarya milletvekili aday\u0131 Enver To\u00e7o\u011flu, gazetecilere yapt\u0131\u011f\u0131 a\u00e7\u0131klamada, afi\u015fte yer alan her \u015feyin do\u011fru oldu\u011funu \u00f6ne s\u00fcrerek, &#8220;Bunlar\u0131n do\u011fru oldu\u011funu herkes biliyor. Bunu b\u00fct\u00fcn T\u00fcrkiye biliyor. Bunun i\u00e7in ba\u015fka bir \u015fey s\u00f6ylemeye gerek yok. Bunlar\u0131n hepsi ya\u015fanan \u015feyler ve do\u011fru olmayan hi\u00e7bir \u015fey buraya as\u0131lmad\u0131&#8221; dedi.<\/p>\n<p style=\"text-align: justify;\">AK Parti Sakarya \u0130l Ba\u015fkan\u0131 Recep Uncuo\u011flu ise afi\u015f as\u0131lmas\u0131yla ilgili olarak il\u00e7e se\u00e7im kurulunun karar\u0131 bulundu\u011funu belirterek, &#8220;Karara g\u00f6re, belirtilen yerler d\u0131\u015f\u0131na bu tip afi\u015f ve pankartlar as\u0131lamayacak. Belirtilen alanlarda bayrak, flama ve poster as\u0131lamaz. Bu t\u00fcr yerlerde afi\u015f, flama ve bayrak \u015feklinde se\u00e7im propaganda yap\u0131lmas\u0131 yasakt\u0131r. Bu afi\u015fin as\u0131ld\u0131\u011f\u0131 yer de b\u00f6yle bir yer&#8221; dedi.<\/p>\n<p style=\"text-align: justify;\">Afi\u015fin kald\u0131r\u0131lmas\u0131 konusunda giri\u015fimlerde bulunduklar\u0131n\u0131 ifade eden Uncuo\u011flu, &#8220;Asl\u0131nda talebimizin bir \u00f6nemi yok. \u00c7\u00fcnk\u00fc il\u00e7e se\u00e7im kurulu karar\u0131 gere\u011fince bu afi\u015fin kald\u0131r\u0131lmas\u0131 gerekliydi. Bu t\u00fcr s\u00f6ylemlere art\u0131k ba\u015fvurulmamas\u0131 gerekti\u011fini d\u00fc\u015f\u00fcn\u00fcyorum. Afi\u015fin millet nezdinde de itibar g\u00f6rmedi\u011fine inan\u0131yorum. Bu t\u00fcr afi\u015fler siyaset a\u00e7\u0131s\u0131ndan Sakarya&#8217;da bar\u0131\u015f ve huzur i\u00e7inde ge\u00e7irdi\u011fimiz bu s\u00fcreci g\u00f6lgeliyor. Bu y\u00fczden b\u00f6yle yollara tenezz\u00fcl edilmemesi gerekti\u011fini d\u00fc\u015f\u00fcn\u00fcyoruz. B\u00fct\u00fcn siyasiler ve vatanda\u015flar\u0131m\u0131z ad\u0131na se\u00e7im s\u00fcrecinin bar\u0131\u015f ve huzur i\u00e7inde ge\u00e7mesini diliyorum&#8221; diye konu\u015ftu.<\/p>\n<p style=\"text-align: justify;\"><strong>POL\u0130S AF\u0130\u015e\u0130 KALDIRTTI<\/strong><\/p>\n<p style=\"text-align: justify;\">Afi\u015fin as\u0131ld\u0131\u011f\u0131n\u0131 haber alan polis ekipleri olay yerine gelerek bunun kald\u0131rmas\u0131n\u0131 istedi. Ancak MHP\u2019liler kar\u015f\u0131 \u00e7\u0131k\u0131nca gerginlik ya\u015fand\u0131. Sakarya Emniyet M\u00fcd\u00fcr Yard\u0131mc\u0131s\u0131 Mehmet \u015eahne, gerginli\u011fin b\u00fcy\u00fcmemesi i\u00e7in MHPli yetkililerden pankart\u0131n kald\u0131r\u0131lmas\u0131 konusunda \u0131srar\u0131n\u0131 s\u00fcrd\u00fcr\u00fcnce devreye MHP Genel Ba\u015fkan Yard\u0131mc\u0131s\u0131 ve Sakarya Milletvekili M\u00fcnir Kutluata girdi ve onun onay\u0131 ile pankart bulundu\u011fu yerden kald\u0131r\u0131ld\u0131.<\/p>\n<p style=\"text-align: justify;\">MHP\u2019liler bunu alk\u0131\u015flarla protesto ederken, afi\u015fi kald\u0131ran polislerle partililer aras\u0131nda sert tart\u0131\u015fmalar oldu. MHP\u2019liler afi\u015fin mahkeme karar\u0131 olmadan kald\u0131r\u0131lmas\u0131na tepki g\u00f6sterdi. Afi\u015fin s\u00f6k\u00fclmesi s\u0131ras\u0131nda \u00e7evrede bulunan bir\u00e7ok ki\u015fi de bu tepkiye kat\u0131ld\u0131.<\/p>\n<p style=\"text-align: justify;\">Ge\u00e7en y\u0131l 12 Eyl\u00fcl\u2019de yap\u0131lan anayasa de\u011fi\u015fikli\u011finin oylanaca\u011f\u0131 referanduma k\u0131sa s\u00fcre kala da Hendek \u0130l\u00e7esi\u2019nde MHP \u0130l\u00e7e Te\u015fkilat\u0131\u2019n\u0131n ast\u0131\u011f\u0131 afi\u015f de gerginli\u011fe neden olmu\u015ftu.<\/p>\n<p style=\"text-align: justify;\"><a href=\"http:\/\/www.radikal.com.tr\/Radikal.aspx?aType=RadikalDetayV3&amp;ArticleID=1050160&amp;Date=22.05.2011&amp;CategoryID=78\" target=\"_blank\">Kaynak : Radikal<\/a><\/p>\n","protected":false},"excerpt":{"rendered":"<p style=\"text-align: center;\">\n<p style=\"text-align: justify;\">Sakarya&#8217;da MHP&#8217;liler taraf\u0131ndan as\u0131lan ve Habur S\u0131n\u0131r Kap\u0131s\u0131&#8217;nda ter\u00f6ristlerin teslim oldu\u011fu foto\u011fraflar\u0131n yer ald\u0131\u011f\u0131 afi\u015f, polis ve MHP&#8217;liler aras\u0131nda ya\u015fanan tart\u0131\u015fman\u0131n ard\u0131ndan kald\u0131r\u0131ld\u0131.<\/p>\n<p style=\"text-align: justify;\">\u00c7ark Caddesi&#8217;nde in\u015faat halindeki bir binan\u0131n bah\u00e7e duvar\u0131na, &#8220;ter\u00f6r \u00f6rg\u00fct\u00fc \u00fcyelerinin Habur S\u0131n\u0131r Kap\u0131s\u0131&#8217;nda teslim olmalar\u0131, BDP \u0130stanbul Milletvekili Sabahat Tuncel&#8217;in polis memuruna tokat atmas\u0131, <\/p>\n","protected":false},"author":1,"featured_media":0,"comment_status":"open","ping_status":"closed","sticky":false,"template":"","format":"standard","meta":{"footnotes":""},"categories":[105],"tags":[],"class_list":["post-33315","post","type-post","status-publish","format-standard","hentry","category-gundem","odd"],"_links":{"self":[{"href":"http:\/\/www.korhanyilmaz.com\/index.php?rest_route=\/wp\/v2\/posts\/33315","targetHints":{"allow":["GET"]}}],"collection":[{"href":"http:\/\/www.korhanyilmaz.com\/index.php?rest_route=\/wp\/v2\/posts"}],"about":[{"href":"http:\/\/www.korhanyilmaz.com\/index.php?rest_route=\/wp\/v2\/types\/post"}],"author":[{"embeddable":true,"href":"http:\/\/www.korhanyilmaz.com\/index.php?rest_route=\/wp\/v2\/users\/1"}],"replies":[{"embeddable":true,"href":"http:\/\/www.korhanyilmaz.com\/index.php?rest_route=%2Fwp%2Fv2%2Fcomments&post=33315"}],"version-history":[{"count":0,"href":"http:\/\/www.korhanyilmaz.com\/index.php?rest_route=\/wp\/v2\/posts\/33315\/revisions"}],"wp:attachment":[{"href":"http:\/\/www.korhanyilmaz.com\/index.php?rest_route=%2Fwp%2Fv2%2Fmedia&parent=33315"}],"wp:term":[{"taxonomy":"category","embeddable":true,"href":"http:\/\/www.korhanyilmaz.com\/index.php?rest_route=%2Fwp%2Fv2%2Fcategories&post=33315"},{"taxonomy":"post_tag","embeddable":true,"href":"http:\/\/www.korhanyilmaz.com\/index.php?rest_route=%2Fwp%2Fv2%2Ftags&post=33315"}],"curies":[{"name":"wp","href":"https:\/\/api.w.org\/{rel}","templated":true}]}}