{"id":3326,"date":"2009-02-19T16:11:28","date_gmt":"2009-02-19T14:11:28","guid":{"rendered":"http:\/\/www.korhanyilmaz.com\/?p=3326"},"modified":"2009-02-19T16:11:28","modified_gmt":"2009-02-19T14:11:28","slug":"harcama-cekleri-geliyor","status":"publish","type":"post","link":"http:\/\/www.korhanyilmaz.com\/?p=3326","title":{"rendered":"Harcama \u00e7ekleri geliyor"},"content":{"rendered":"<p style=\"text-align: center;\"><img loading=\"lazy\" decoding=\"async\" class=\"aligncenter size-full wp-image-3327\" title=\"Harcama \u00e7ekleri geliyor \" src=\"http:\/\/www.korhanyilmaz.com\/wp-content\/uploads\/2009\/02\/200220090407198900543.jpg\" alt=\"Harcama \u00e7ekleri geliyor \" width=\"376\" height=\"240\" \/><strong>Vatanda\u015f al\u0131\u015fveri\u015fe \u00e7\u0131ks\u0131n diye harcama \u00e7eki da\u011f\u0131t\u0131lacak<\/strong><\/p>\n<p style=\"text-align: justify;\">Ekonomiden sorumlu Devlet Bakan\u0131 Naz\u0131m Ekren VATAN&#8217;a a\u00e7\u0131klad\u0131: \u0130\u00e7 talebi s\u0131\u00e7ratmaya d\u00f6n\u00fck bir uygulama ihtiyac\u0131 var. Alaca\u011f\u0131m\u0131z \u00f6nlem, maliyeti bak\u0131m\u0131ndan tek defal\u0131k olmal\u0131. Harcama \u00e7eki bizim ihtiyac\u0131m\u0131za daha uygun g\u00f6r\u00fcn\u00fcyor. \u0130nsanlar tasarrufa y\u00f6nelmesin diye belirli bir s\u00fcre i\u00e7inde harcanabilecek, tasarruf edilemeyecek \u015fekilde verilir. <!--more--><\/p>\n<p style=\"text-align: justify;\">K\u00fcresel krizin etkilerinin t\u00fcm sekt\u00f6rlerde net olarak g\u00f6r\u00fclmesiyle h\u00fck\u00fcmet, i\u00e7 talebi art\u0131rmaya d\u00f6n\u00fck yeni \u00f6nlem aray\u0131\u015f\u0131na girdi. Maliyetini kar\u015f\u0131layabilece\u011fi &#8220;tek seferlik bir at\u0131\u015f&#8221; plan\u0131 \u00fczerine duran h\u00fck\u00fcmet, vatanda\u015f\u0131na &#8220;harcama \u00e7eki&#8221; verilmesi konusunda bir \u00e7al\u0131\u015fma ba\u015flatt\u0131. Ekonomi y\u00f6netimi, reel sekt\u00f6r\u00fcn krediye ula\u015fmada ya\u015fad\u0131\u011f\u0131 sorunun ortadan kalkt\u0131\u011f\u0131n\u0131 ancak d\u00fc\u015fen i\u00e7 talep nedeniyle reel sekt\u00f6r\u00fcn giderek, \u00fcretemez hale geldi\u011fini tespit etti. Bu nedenle i\u00e7 talebin bir defal\u0131k &#8216;\u015fok vuru\u015f&#8217;la harekete ge\u00e7irilmesi plan\u0131 \u00fczerinde duruluyor. Ancak ekonomi y\u00f6netimi, s\u00f6z konusu &#8220;harcama \u00e7eki&#8221;nin, di\u011fer baz\u0131 \u00fclke \u00f6rneklerinde oldu\u011fu gibi, harcamalarda art\u0131\u015fa neden olmak yerine tasarrufa y\u00f6nelmesi olas\u0131l\u0131\u011f\u0131ndan endi\u015fe ediyor. Bu kapsamda T\u00fcrkiye&#8217;deki tasarruf ve harcama e\u011filimlerini net bir \u015fekilde ortaya koymak \u00fczere bir \u00e7al\u0131\u015fma ba\u015flat\u0131ld\u0131. Bu \u00e7al\u0131\u015fman\u0131n sonunda T\u00fcrkiye&#8217;deki bireysel ve kurumsal tasarruflar\u0131n mevcut durumu, gelecek d\u00f6nemde tasarruflar\u0131n e\u011filimi ve bu e\u011filimi de\u011fi\u015ftirmenin yollar\u0131na ili\u015fkin politika \u00f6nerileri bir rapor halinde ortaya konulacak. Bu \u00e7al\u0131\u015fma, harcama \u00e7eki uygulamas\u0131na karar verilmesi halinde kimlere ve ne kadarl\u0131k bir tutarda \u00e7ek verilece\u011fini de belirlemekte ekonomi y\u00f6netimine yol g\u00f6sterecek.<\/p>\n<p style=\"text-align: justify;\"><strong>T\u00fcm veriler etkilendi<\/strong><\/p>\n<p style=\"text-align: justify;\">\u00d6nceki g\u00fcn Ziraat Bankas\u0131&#8217;na ait 2 \u015fube a\u00e7\u0131l\u0131\u015f\u0131 i\u00e7in Atina&#8217;da bulunan Devlet Bakan\u0131 Ekren konuyla ilgili VATAN&#8217;\u0131n sorular\u0131n\u0131 yan\u0131tlarken, kritik de\u011ferlendirmelerde bulundu. Bakan Ekren, maliyetini \u00fcstlenebilecekleri bir y\u00f6ntemle do\u011frudan harcamalar\u0131 art\u0131rarak, i\u00e7 talebin s\u0131\u00e7rat\u0131lmas\u0131 \u00fczerinde durduklar\u0131n\u0131 vurgulad\u0131. K\u00fcresel krizin etkilerinin art\u0131k net olarak g\u00f6r\u00fclmeye ba\u015fland\u0131\u011f\u0131n\u0131 belirten Ekren \u015f\u00f6yle konu\u015ftu:<\/p>\n<p style=\"text-align: justify;\">&#8220;Bir defaya mahsus \u00f6demeler yoluyla i\u00e7 talebi art\u0131rman\u0131n yollar\u0131n\u0131 ar\u0131yoruz. Vatanda\u015flara &#8220;harcama \u00e7eki&#8221; da\u011f\u0131t\u0131lmas\u0131yla, bu amac\u0131m\u0131z\u0131 ger\u00e7ekle\u015ftirebilir miyiz, buna bak\u0131yoruz. \u015eu anda i\u00e7 talebi s\u0131\u00e7ratmaya d\u00f6n\u00fck, do\u011frudan harcamalar\u0131 art\u0131racak bir uygulama ihtiyac\u0131 var. Alaca\u011f\u0131m\u0131z \u00f6nlem, maliyeti bak\u0131m\u0131ndan tek defal\u0131k olmal\u0131 bunun maliyetini kar\u015f\u0131lamak daha m\u00fcmk\u00fcn. S\u00fcreklilik arzeden uygulamalar\u0131n maliyetini y\u00fcklenmek bizim a\u00e7\u0131m\u0131zdan zor. Buras\u0131 \u00f6nemli. Tek defal\u0131k olaca\u011f\u0131 i\u00e7in bu y\u00f6ntem bizim ihtiyac\u0131m\u0131za daha uygun g\u00f6r\u00fcn\u00fcyor. Ancak di\u011fer \u00fclke \u00f6rnekleri var. ABD&#8217;de yap\u0131ld\u0131. Ama ba\u015far\u0131s\u0131z oldu. Harcamaya d\u00f6n\u00fc\u015fmedi. Tasarruf e\u011filimi y\u00fcksekti ve tasarrufa y\u00f6neldi. Kayg\u0131m\u0131z, b\u00f6yle bir durumda (\u00e7ek verilmesi halinde) bu harcan\u0131r m\u0131, tasarruf mu edilir?&#8221;<\/p>\n<p style=\"text-align: justify;\"><strong>Tasarrufa gitmemeli<\/strong><\/p>\n<p style=\"text-align: justify;\">Ekren, &#8220;\u00c7eklerin tasarrufa gitmesinin engellenmesi i\u00e7in ne yap\u0131labilir? \u00d6rne\u011fin belli tarihli olmas\u0131 m\u0131&#8221; sorusu \u00fczerine \u015funlar\u0131 s\u00f6yledi: &#8220;Tasarruf edilemeyecek \u015fekilde verilmesi, \u00e7ekin sadece belli tarihler aras\u0131nda ge\u00e7erli olabilmesi gibi \u00f6neriler var. Bunun kamuoyunda tart\u0131\u015f\u0131lmas\u0131 da bize bir y\u00f6n verecek. Biz bu konunun tart\u0131\u015f\u0131lmas\u0131n\u0131, yaz\u0131l\u0131p \u00e7izilmesini istiyoruz.&#8221;<\/p>\n<p style=\"text-align: justify;\"><strong>6-9 milyon aras\u0131nda vatanda\u015fa 2.5 milyar TL&#8217;lik \u00e7ek verilecek<\/strong><\/p>\n<p style=\"text-align: justify;\">&#8211; Edinilen bilgilere g\u00f6re harcamalar\u0131 art\u0131rmak amac\u0131yla vatanda\u015fa verilmesi planlanan &#8220;harcama \u00e7eki&#8221;nin kimlere ve ne tutarda verilece\u011fi de ayr\u0131 bir \u00e7al\u0131\u015fma konusu olacak.<\/p>\n<p style=\"text-align: justify;\">&#8211; Burada \u00f6ne \u00e7\u0131kan yakla\u015f\u0131ma g\u00f6re \u00e7ekin, harcama e\u011filimi y\u00fcksek kesimlere verilmesi \u00f6n planda tutulacak. Buna g\u00f6re SGK kay\u0131tlar\u0131 baz al\u0131n\u0131yor.<\/p>\n<p style=\"text-align: justify;\">&#8211; SGK&#8217;n\u0131n kay\u0131tlar\u0131na g\u00f6re 2008 y\u0131l\u0131 sonunda kay\u0131tl\u0131 \u00e7al\u0131\u015fan say\u0131s\u0131 15 milyon 492 bin ki\u015fi. Ancak ailede kar\u0131, koca, \u00e7ocuk \u00e7al\u0131\u015fanlardan sadece birine \u00e7ek verilmesi planland\u0131\u011f\u0131ndan bu say\u0131n\u0131n 9 milyon ki\u015fi civar\u0131nda olaca\u011f\u0131 tahmin ediliyor.<\/p>\n<p style=\"text-align: justify;\">&#8211; Ancak &#8220;geliri belirli bir tutar\u0131n alt\u0131nda bulunanlar&#8221; ile &#8220;emekliler&#8221; \u015feklinde bir k\u0131stas getirilmesi de \u00f6neriler aras\u0131nda.<\/p>\n<p style=\"text-align: justify;\">&#8211; Bu durumda say\u0131n\u0131n 6 milyon ki\u015fiye indi\u011fi ifade ediliyor. Bu yakla\u015f\u0131mlara g\u00f6re belirlenecek \u015fekilde harcama \u00e7eki tutar\u0131n\u0131n 200 TL- 500 TL aras\u0131nda de\u011fi\u015febilece\u011fi de kaydedildi.<\/p>\n<p style=\"text-align: justify;\">&#8211; H\u00fck\u00fcmetin bu uygulaman\u0131n hayata ge\u00e7irilebilmesi i\u00e7in 2.5 milyar TL civar\u0131nda bir maliyet i\u00e7inde kalmay\u0131 hedefledi\u011fi de gelen bilgiler aras\u0131nda.<\/p>\n<p style=\"text-align: justify;\"><strong>Posta kutular\u0131na b\u0131rak\u0131l\u0131yor&#8230; <\/strong><\/p>\n<p style=\"text-align: justify;\">ABD: ABD ge\u00e7ti\u011fimiz y\u0131l i\u00e7in 145 milyar dolarl\u0131k vergi indirim \u00e7eki da\u011f\u0131tt\u0131. Ki\u015fi ba\u015f\u0131na 600 dolarl\u0131k vergi indirim \u00e7ekini posta kutular\u0131na b\u0131rakan ABD, evli \u00e7iftlere 1.200 dolar ve her \u00e7ocuk i\u00e7in de 300 dolarl\u0131k \u00e7ek vermi\u015fti.<\/p>\n<p style=\"text-align: justify;\">\u0130TALYA: Orta ve ortan\u0131n alt\u0131 gelirli ailelere ayda 40 eurouk bir kart da\u011f\u0131tarak ailelerin bununla elektrik ve g\u0131da ihtiya\u00e7lar\u0131n\u0131 kar\u015f\u0131lamalar\u0131na katk\u0131da bulunmalar\u0131n\u0131 sa\u011flad\u0131.<\/p>\n<p style=\"text-align: justify;\">TAYVAN: Tayvan h\u00fck\u00fcmetinin piyasaya s\u00fcrd\u00fc\u011f\u00fc al\u0131\u015fveri\u015f kuponlar\u0131n\u0131n tutar\u0131 3.600 Tayvan dolar\u0131 (108 dolar). Al\u0131\u015fveri\u015flerin yan\u0131 s\u0131ra karaoke s\u00f6ylemek gibi farkl\u0131 alanlarda da kullan\u0131labiliyor. H\u00fck\u00fcmet 82 milyar Tayvan dolar\u0131na mal olan kuponlar ile GSY\u0130H&#8217;yi y\u00fczde 0.65 puan y\u00fckseltmeyi hedefliyor.<\/p>\n<p style=\"text-align: justify;\"><strong>Sivil insiyatifin &#8216;T\u00fcrk mal\u0131 al\u0131n&#8217; kampanyas\u0131 ile birle\u015ftirilebilir<\/strong><\/p>\n<p style=\"text-align: justify;\">Naz\u0131m Ekren&#8217;in ipu\u00e7lar\u0131n\u0131 verdi\u011fi harcama \u00e7eki uygulamas\u0131n\u0131n zamanlamas\u0131 tam da TOBB liderli\u011finde ba\u015flat\u0131lmas\u0131 planlanan &#8220;T\u00fcrkiye&#8217;de \u00fcretilen mallar\u0131 sat\u0131n al\u0131n&#8221; kampanyas\u0131na denk geldi.<\/p>\n<p style=\"text-align: justify;\">TOBB, T\u00dcRK-\u0130\u015e, HAK-\u0130\u015e, D\u0130SK, T\u0130SK, TESK, KAMU-SEN ve TZOB ba\u015fkanlar\u0131 bug\u00fcn biraraya gelecek ve bu kampanyan\u0131n ayr\u0131nt\u0131lar\u0131n\u0131 konu\u015facak. Kampanyaya tam bir kamuoyu deste\u011fi aran\u0131rken, ABD&#8217;nin ba\u015f\u0131na i\u015f a\u00e7an &#8220;Buy American&#8221; uygulamas\u0131 gibi alg\u0131lanmamas\u0131 i\u00e7in de \u00e7are aran\u0131yor.<\/p>\n<p style=\"text-align: justify;\">D\u00fcnya Ticaret \u00d6rg\u00fct\u00fc kurallar\u0131na g\u00f6re, \u00f6zellikle kamunun al\u0131mlar\u0131nda sadece T\u00fcrk mal\u0131 kullan\u0131lmas\u0131 uygulamas\u0131 T\u00fcrkiye&#8217;nin ba\u015f\u0131n\u0131 a\u011fr\u0131tabilir.<\/p>\n<p style=\"text-align: justify;\">Bu y\u00fczden kampanyan\u0131n sadece sivil toplum kurulu\u015flar\u0131 insiyatifinde y\u00fcr\u00fct\u00fclmesi planlan\u0131yor. Ancak da\u011f\u0131t\u0131lmas\u0131 g\u00fcndemde olan harcama \u00e7eklerinin sadece T\u00fcrkiye&#8217;de \u00fcretilen mallar\u0131 kapsamas\u0131 gibi bir kural getirilerek h\u00fck\u00fcmetin de bu kampanyaya dolayl\u0131 deste\u011finin sa\u011flanabilece\u011fi konu\u015fuluyor.<\/p>\n<p style=\"text-align: justify;\">Buna g\u00f6re H\u00fck\u00fcmet, D\u0131\u015f Ticaret \u00d6rg\u00fct\u00fc kurallar\u0131 kapsam\u0131nda tarife d\u0131\u015f\u0131 engeller h\u00fckm\u00fc nedeniyle &#8220;harcama \u00e7eki sadece yerli \u00fcr\u00fcnlerde ge\u00e7erlidir&#8221; ko\u015fulu getiremiyor. Ancak sivil toplum kurulu\u015flar\u0131, bunu bir t\u00fcr kampanya \u015feklinde organize ederek y\u00fcr\u00fctecek.<\/p>\n<p style=\"text-align: justify;\"><span style=\"color: #888888;\">Kaynak : Vatan Gazetesi<\/span><\/p>\n","protected":false},"excerpt":{"rendered":"<p style=\"text-align: center;\">Vatanda\u015f al\u0131\u015fveri\u015fe \u00e7\u0131ks\u0131n diye harcama \u00e7eki da\u011f\u0131t\u0131lacak<\/p>\n<p style=\"text-align: justify;\">Ekonomiden sorumlu Devlet Bakan\u0131 Naz\u0131m Ekren VATAN&#8217;a a\u00e7\u0131klad\u0131: \u0130\u00e7 talebi s\u0131\u00e7ratmaya d\u00f6n\u00fck bir uygulama ihtiyac\u0131 var. Alaca\u011f\u0131m\u0131z \u00f6nlem, maliyeti bak\u0131m\u0131ndan tek defal\u0131k olmal\u0131. Harcama \u00e7eki bizim ihtiyac\u0131m\u0131za daha uygun g\u00f6r\u00fcn\u00fcyor. \u0130nsanlar tasarrufa y\u00f6nelmesin diye belirli bir s\u00fcre i\u00e7inde harcanabilecek, tasarruf edilemeyecek \u015fekilde verilir. <\/p>\n","protected":false},"author":1,"featured_media":0,"comment_status":"open","ping_status":"closed","sticky":false,"template":"","format":"standard","meta":{"footnotes":""},"categories":[105],"tags":[],"class_list":["post-3326","post","type-post","status-publish","format-standard","hentry","category-gundem","odd"],"_links":{"self":[{"href":"http:\/\/www.korhanyilmaz.com\/index.php?rest_route=\/wp\/v2\/posts\/3326","targetHints":{"allow":["GET"]}}],"collection":[{"href":"http:\/\/www.korhanyilmaz.com\/index.php?rest_route=\/wp\/v2\/posts"}],"about":[{"href":"http:\/\/www.korhanyilmaz.com\/index.php?rest_route=\/wp\/v2\/types\/post"}],"author":[{"embeddable":true,"href":"http:\/\/www.korhanyilmaz.com\/index.php?rest_route=\/wp\/v2\/users\/1"}],"replies":[{"embeddable":true,"href":"http:\/\/www.korhanyilmaz.com\/index.php?rest_route=%2Fwp%2Fv2%2Fcomments&post=3326"}],"version-history":[{"count":0,"href":"http:\/\/www.korhanyilmaz.com\/index.php?rest_route=\/wp\/v2\/posts\/3326\/revisions"}],"wp:attachment":[{"href":"http:\/\/www.korhanyilmaz.com\/index.php?rest_route=%2Fwp%2Fv2%2Fmedia&parent=3326"}],"wp:term":[{"taxonomy":"category","embeddable":true,"href":"http:\/\/www.korhanyilmaz.com\/index.php?rest_route=%2Fwp%2Fv2%2Fcategories&post=3326"},{"taxonomy":"post_tag","embeddable":true,"href":"http:\/\/www.korhanyilmaz.com\/index.php?rest_route=%2Fwp%2Fv2%2Ftags&post=3326"}],"curies":[{"name":"wp","href":"https:\/\/api.w.org\/{rel}","templated":true}]}}