{"id":33244,"date":"2011-05-21T15:09:39","date_gmt":"2011-05-21T12:09:39","guid":{"rendered":"http:\/\/www.korhanyilmaz.com\/?p=33244"},"modified":"2011-05-21T15:09:39","modified_gmt":"2011-05-21T12:09:39","slug":"mhpde-ortalik-toz-duman","status":"publish","type":"post","link":"http:\/\/www.korhanyilmaz.com\/?p=33244","title":{"rendered":"MHP&#8217;de ortal\u0131k toz duman"},"content":{"rendered":"<p style=\"text-align: justify;\"><a href=\"http:\/\/www.korhanyilmaz.com\/wp-content\/uploads\/2011\/05\/280.jpg\"  class=\"lightview\"><img loading=\"lazy\" decoding=\"async\" class=\"aligncenter size-full wp-image-33267\" src=\"http:\/\/www.korhanyilmaz.com\/wp-content\/uploads\/2011\/05\/280.jpg\" alt=\"\" width=\"400\" height=\"206\" \/><\/a><\/p>\n<p style=\"text-align: justify;\">MHP&#8217;deki &#8220;kaset skandal\u0131&#8221; partide ortal\u0131\u011f\u0131 toz duman etti. Kaset krizinin patlak vermesinden bu yana MHP&#8217;den 10 isim g\u00f6revlerinden ve milletvekilli\u011fi adayl\u0131klar\u0131ndan istifa etti.<\/p>\n<p style=\"text-align: justify;\">MHP lideri Devlet Bah\u00e7eli&#8217;nin iste\u011fi \u00fczerine Recai Y\u0131ld\u0131r\u0131m ve Metin \u00c7obano\u011flu&#8217;nun 27 Nisan&#8217;da, B\u00fclent Didinmez ve \u0130hsan Barut\u00e7u&#8217;nun ise 10 May\u0131s&#8217;ta istifalar\u0131n\u0131 sunmalar\u0131n\u0131n ard\u0131ndan bug\u00fcn de 6 isim partideki g\u00f6revlerinden ve milletvekili adayl\u0131klar\u0131ndan istifa etti.<!--more--><\/p>\n<p style=\"text-align: justify;\"><span style=\"text-decoration: underline;\">\u0130\u015fte &#8220;kaset skandal\u0131&#8221;n\u0131n MHP&#8217;den g\u00f6t\u00fcrd\u00fc\u011f\u00fc isimler:<\/span><\/p>\n<p style=\"text-align: justify;\"><a href=\"http:\/\/www.korhanyilmaz.com\/wp-content\/uploads\/2011\/05\/281.jpg\"  class=\"lightview\"><img loading=\"lazy\" decoding=\"async\" class=\"aligncenter size-full wp-image-33254\" title=\"\" src=\"http:\/\/www.korhanyilmaz.com\/wp-content\/uploads\/2011\/05\/281.jpg\" alt=\"\" width=\"473\" height=\"877\" \/><\/a><\/p>\n<p style=\"text-align: justify;\"><span style=\"color: #993300;\"><strong><span style=\"font-size: medium;\">Deniz B\u00f6l\u00fckba\u015f\u0131 kimdir<\/span><\/strong><\/span><\/p>\n<div id=\"attachment_33256\" style=\"width: 260px\" class=\"wp-caption alignleft\"><a href=\"http:\/\/www.korhanyilmaz.com\/wp-content\/uploads\/2011\/05\/283.jpg\"  class=\"lightview\"><img loading=\"lazy\" decoding=\"async\" aria-describedby=\"caption-attachment-33256\" class=\"size-full wp-image-33256\" title=\"\" src=\"http:\/\/www.korhanyilmaz.com\/wp-content\/uploads\/2011\/05\/283.jpg\" alt=\"\" width=\"250\" height=\"150\" \/><\/a><p id=\"caption-attachment-33256\" class=\"wp-caption-text\">Deniz B\u00f6l\u00fckba\u015f\u0131<\/p><\/div>\n<p style=\"text-align: justify;\">Ya\u015fanan &#8220;kaset skandal\u0131&#8221; nedeniyle istifa eden MHP Genel Ba\u015fkan Yard\u0131mc\u0131s\u0131 Ahmet Deniz B\u00f6l\u00fckba\u015f\u0131, 25 Ekim 1949&#8217;da Ankara&#8217;da do\u011fdu.<\/p>\n<p style=\"text-align: justify;\">23. D\u00f6nem Ankara Milletvekili olan B\u00f6l\u00fckba\u015f\u0131, Ankara \u00dcniversitesi Hukuk Fak\u00fcltesi&#8217;ni bitirdi.<\/p>\n<p style=\"text-align: justify;\">D\u0131\u015fi\u015fleri Bakanl\u0131\u011f\u0131&#8217;n\u0131n merkez te\u015fkilat\u0131nda \u00e7e\u015fitli kademelerde g\u00f6rev yapt\u0131ktan sonra, Atina ve Bonn B\u00fcy\u00fckel\u00e7ilikleri&#8217;nde El\u00e7i M\u00fcste\u015farl\u0131\u011f\u0131 g\u00f6revlerinde bulundu. Lizbon B\u00fcy\u00fckel\u00e7isi olarak g\u00f6rev yapt\u0131. D\u0131\u015fi\u015fleri Bakanl\u0131\u011f\u0131 Birinci Hukuk M\u00fc\u015favirli\u011fi g\u00f6revini y\u00fcr\u00fctt\u00fc. Ba\u015fbakan Yard\u0131mc\u0131s\u0131 D\u0131\u015f Politika Ba\u015fdan\u0131\u015fmanl\u0131\u011f\u0131na atand\u0131. Cenevre D\u00fcnya Ticaret \u00d6rg\u00fct\u00fc nezdinde T\u00fcrkiye Daimi Temsilcisi oldu. 23. D\u00f6nem&#8217;de Parlamentolararas\u0131 Birlik (PAB) T\u00fcrk Grubu \u00dcyesi oldu.<\/p>\n<p style=\"text-align: justify;\">Tart\u0131\u015fmal\u0131 1 Mart tezkeresi s\u00fcrecinde T\u00fcrkiye taraf\u0131n\u0131n en \u00fcst d\u00fczey diplomatik temsilcisi olan B\u00f6l\u00fckba\u015f\u0131, ABD ile m\u00fczakereleri y\u00fcr\u00fcten isim olarak hat\u0131rlan\u0131yor.<\/p>\n<p style=\"text-align: justify;\">Partideki g\u00f6revlerinden ve Ankara milletvekili adayl\u0131\u011f\u0131ndan istifa eden B\u00f6l\u00fckba\u015f\u0131 yapt\u0131\u011f\u0131 yaz\u0131l\u0131 a\u00e7\u0131klamada, MHP&#8217;nin siyasi varl\u0131\u011f\u0131na kastetmeyi ama\u00e7layan bir internet sitesinde \u015fahs\u0131n\u0131 da hedef alan iddialar\u0131n yer ald\u0131\u011f\u0131n\u0131 bildirdi.<\/p>\n<p style=\"text-align: justify;\">B\u00f6l\u00fckba\u015f\u0131, a\u00e7\u0131klamas\u0131nda \u015fu g\u00f6r\u00fc\u015flere yer verdi:<\/p>\n<p style=\"text-align: justify;\">\u201cBu iftira ve tehditlerle ilgili olarak adli makamlar soru\u015fturma ba\u015flatm\u0131\u015ft\u0131r.<\/p>\n<p style=\"text-align: justify;\">12 Haziran 2011 se\u00e7imlerine gidilen s\u00fcre\u00e7te bu tezgah ve sahte su\u00e7lamalar vesilesiyle MHP&#8217;ye zarar verecek tart\u0131\u015fmalara hi\u00e7bir \u015fekilde yer b\u0131rakmamak d\u00fc\u015f\u00fcncesiyle Milliyet\u00e7i Hareket Partisi Merkez Y\u00f6netim Kurulu ve Genel Ba\u015fkan Yard\u0131mc\u0131l\u0131\u011f\u0131 g\u00f6revlerimden ve milletvekili adayl\u0131\u011f\u0131ndan istifa etmi\u015f bulunuyorum.<\/p>\n<p style=\"text-align: justify;\">Bu \u00e7irkin siyasi tezgah\u0131n arkas\u0131ndaki yurti\u00e7i ve yurtd\u0131\u015f\u0131 karanl\u0131k y\u00fczler s\u00fcrmekte olan adli soru\u015fturmada ortaya \u00e7\u0131kacakt\u0131r.<\/p>\n<p style=\"text-align: justify;\">T\u00fcrkiye&#8217;nin millet ve devlet olarak kar\u015f\u0131 kar\u015f\u0131ya bulundu\u011fu beka sorunlar\u0131n\u0131n ve ihanet ku\u015fatmas\u0131n\u0131n giderek a\u011f\u0131rla\u015ft\u0131\u011f\u0131 bug\u00fcnk\u00fc nazik d\u00f6nemde T\u00fcrk milletinin yegane gelecek \u00fcmidi Milliyet\u00e7i Hareket Partisi&#8217;dir.<\/p>\n<p style=\"text-align: justify;\">T\u00fcrk Milletinin 12 Haziran&#8217;da bu hain suikast\u0131 bo\u015fa \u00e7\u0131karaca\u011f\u0131na ve T\u00fcrkiye&#8217;nin milli birli\u011finin temel harc\u0131 ve teminat\u0131 olan Milliyet\u00e7i Harekete sahip \u00e7\u0131kaca\u011f\u0131na eminim.\u201d<\/p>\n<p><span style=\"font-size: medium;\"><strong><span style=\"color: #993300;\">Cihan Pa\u00e7ac\u0131 kimdir<\/span><\/strong><\/span><\/p>\n<div id=\"attachment_33255\" style=\"width: 260px\" class=\"wp-caption alignright\"><a href=\"http:\/\/www.korhanyilmaz.com\/wp-content\/uploads\/2011\/05\/282.jpg\"  class=\"lightview\"><img loading=\"lazy\" decoding=\"async\" aria-describedby=\"caption-attachment-33255\" class=\"size-full wp-image-33255\" title=\"\" src=\"http:\/\/www.korhanyilmaz.com\/wp-content\/uploads\/2011\/05\/282.jpg\" alt=\"\" width=\"250\" height=\"150\" \/><\/a><p id=\"caption-attachment-33255\" class=\"wp-caption-text\">Cihan Pa\u00e7ac\u0131<\/p><\/div>\n<p style=\"text-align: justify;\">Ya\u015fanan &#8220;kaset skandal\u0131&#8221; nedeniyle istifas\u0131n\u0131 sunan MHP Genel Sekreteri Cihan Pa\u00e7ac\u0131, 25 Mart 1949&#8217;da Malatya&#8217;da do\u011fdu.<\/p>\n<p style=\"text-align: justify;\">23. D\u00f6nem Ankara Milletvekili olan Pa\u00e7ac\u0131, Ankara \u0130ktisadi ve Ticar\u00ee \u0130limler Akademisi&#8217;ni bitirdi. \u015eekerbank&#8217;ta Genel M\u00fcd\u00fcr Yard\u0131mc\u0131l\u0131\u011f\u0131, Etibank Bankac\u0131l\u0131k Anonim Ortakl\u0131\u011f\u0131 Genel M\u00fcd\u00fcrl\u00fc\u011f\u00fc ve Y\u00f6netim Kurulu Ba\u015fkanl\u0131\u011f\u0131, T\u00fcrkiye Halk Bankas\u0131 Genel M\u00fcd\u00fcrl\u00fc\u011f\u00fc ve Y\u00f6netim Kurulu Ba\u015fkanl\u0131\u011f\u0131, TC Ziraat Bankas\u0131 Genel M\u00fcd\u00fcrl\u00fc\u011f\u00fc ve Y\u00f6netim Kurulu Ba\u015fkanl\u0131\u011f\u0131 g\u00f6revlerinde bulunan Pa\u00e7ac\u0131, \u00e7e\u015fitli ticari ve sanayi kurulu\u015flar\u0131nda da y\u00f6netim kurulu ba\u015fkanl\u0131\u011f\u0131 yapt\u0131.<\/p>\n<p style=\"text-align: justify;\">\u0130stifas\u0131n\u0131 yaz\u0131l\u0131 olarak duyuran Pa\u00e7ac\u0131, \u201cMilliyet\u00e7i Hareket Partisi Genel Sekreterli\u011fi, Merkez Y\u00f6netim Kurulu \u00fcyeli\u011fi g\u00f6revlerinden, parti \u00fcyeli\u011finden ve Ankara Milletvekili adayl\u0131\u011f\u0131ndan istifa ediyorum\u201d dedi.<\/p>\n<p><span style=\"font-size: medium;\"><strong><span style=\"color: #993300;\">Mehmet Ekici kimdir<\/span><\/strong><\/span><\/p>\n<div id=\"attachment_33258\" style=\"width: 260px\" class=\"wp-caption alignleft\"><a href=\"http:\/\/www.korhanyilmaz.com\/wp-content\/uploads\/2011\/05\/284.jpg\"  class=\"lightview\"><img loading=\"lazy\" decoding=\"async\" aria-describedby=\"caption-attachment-33258\" class=\"size-full wp-image-33258\" title=\"\" src=\"http:\/\/www.korhanyilmaz.com\/wp-content\/uploads\/2011\/05\/284.jpg\" alt=\"\" width=\"250\" height=\"150\" \/><\/a><p id=\"caption-attachment-33258\" class=\"wp-caption-text\">Mehmet Ekici<\/p><\/div>\n<p style=\"text-align: justify;\">MHP&#8217;deki &#8220;kaset skandal\u0131&#8221; nedeniyle istifa eden partinin Genel Ba\u015fkan Yard\u0131mc\u0131s\u0131 Mehmet Ekici, 14 \u015eubat 1955&#8217;de Yozgat&#8217;ta do\u011fdu.<\/p>\n<p style=\"text-align: justify;\">23. D\u00f6nem Yozgat Milletvekili olan Ekici, Ankara \u0130ktisad\u00ee ve Ticari \u0130limler Akademisi Ekonomi Maliye B\u00f6l\u00fcm\u00fc&#8217;n\u00fc bitirdi. Matbaac\u0131l\u0131k ve Yay\u0131mc\u0131l\u0131k yapan Ekici, serbest ticaretle u\u011fra\u015ft\u0131.<\/p>\n<p style=\"text-align: justify;\">MHP&#8217;deki g\u00f6revlerinden, parti \u00fcyeli\u011finden ve Yozgat milletvekili adayl\u0131\u011f\u0131ndan istifa eden Ekici, yapt\u0131\u011f\u0131 yaz\u0131l\u0131 a\u00e7\u0131klamada, \u201cMilliyet\u00e7i Hareket Partisi Genel Ba\u015fkan Yard\u0131mc\u0131l\u0131\u011f\u0131, Merkez Y\u00f6netim Kurulu \u00dcyeli\u011fi g\u00f6revlerinden ve parti \u00fcyeli\u011finden, Yozgat Milletvekili adayl\u0131\u011f\u0131ndan istifa ediyorum. Milletimden \u00f6z\u00fcr diliyorum. Sava\u015f\u0131m \u015fimdi ba\u015flad\u0131\u201d ifadelerini kulland\u0131.<\/p>\n<p><strong><span style=\"color: #993300; font-size: medium;\">Osman \u00c7ak\u0131r kimdir<\/span><\/strong><\/p>\n<div id=\"attachment_33259\" style=\"width: 260px\" class=\"wp-caption alignright\"><a href=\"http:\/\/www.korhanyilmaz.com\/wp-content\/uploads\/2011\/05\/285.jpg\"  class=\"lightview\"><img loading=\"lazy\" decoding=\"async\" aria-describedby=\"caption-attachment-33259\" class=\"size-full wp-image-33259\" title=\"\" src=\"http:\/\/www.korhanyilmaz.com\/wp-content\/uploads\/2011\/05\/285.jpg\" alt=\"\" width=\"250\" height=\"150\" \/><\/a><p id=\"caption-attachment-33259\" class=\"wp-caption-text\">Osman \u00c7ak\u0131r<\/p><\/div>\n<p style=\"text-align: justify;\">MHP&#8217;deki &#8220;kaset skandal\u0131&#8221; nedeniyle istifa eden isimlerden olan Genel Ba\u015fkan Yard\u0131mc\u0131s\u0131 Prof. Dr. Osman \u00c7ak\u0131r, 20 Aral\u0131k 1952&#8217;de Trabzon S\u00fcrmene&#8217;de do\u011fdu.<\/p>\n<p style=\"text-align: justify;\">23. D\u00f6nem Samsun Milletvekili olan \u00c7ak\u0131r, ODT\u00dc Kimya B\u00f6l\u00fcm\u00fc&#8217;n\u00fc bitirdi. ODT\u00dc&#8217;de ba\u015flad\u0131\u011f\u0131 y\u00fcksek lisans \u00e7al\u0131\u015fmas\u0131n\u0131 Hacettepe \u00dcniversitesi Sa\u011fl\u0131k Bilimleri Fak\u00fcltesi&#8217;nde tamamlad\u0131. Hacettepe \u00dcniversitesi&#8217;nden Fiziko Kimya dal\u0131nda doktora derecesi ald\u0131. Ondokuz May\u0131s \u00dcniversitesi&#8217;ne Yard\u0131mc\u0131 Do\u00e7ent olarak atand\u0131. 1986&#8217;da do\u00e7ent, 1991&#8217;de profes\u00f6r oldu.<\/p>\n<p style=\"text-align: justify;\">Enstit\u00fc M\u00fcd\u00fcr Yard\u0131mc\u0131l\u0131\u011f\u0131, D\u00f6ner Sermaye \u0130\u015fletme M\u00fcd\u00fcrl\u00fc\u011f\u00fc, Sat\u0131nalma M\u00fcd\u00fcrl\u00fc\u011f\u00fc, \u0130hale Komisyon Ba\u015fkanl\u0131\u011f\u0131, Fak\u00fclte Kurulu \u00dcyeli\u011fi, Y\u00f6netim Kurulu \u00dcyeli\u011fi gibi bir\u00e7ok g\u00f6revi y\u00fcr\u00fctt\u00fc. 1996&#8217;da Ondokuz May\u0131s \u00dcniversitesi Rekt\u00f6rl\u00fc\u011f\u00fcne se\u00e7ilerek atand\u0131. \u00dcniversiteleraras\u0131 Kurul Ba\u015fkan\u0131 olarak g\u00f6rev yapt\u0131. Bilim alan\u0131nda \u00e7ok say\u0131da yurti\u00e7i ve yurtd\u0131\u015f\u0131 dergilerde makaleleri ve kitaplar\u0131 yay\u0131nland\u0131. Haber ve Ortado\u011fu gazetelerinde k\u00f6\u015fe yazarl\u0131\u011f\u0131 yapt\u0131. 23. D\u00f6nem&#8217;de T\u00fcrkiye-AB KPK \u00dcyesi oldu.<\/p>\n<p style=\"text-align: justify;\">Partideki g\u00f6revlerinden, parti \u00fcyeli\u011finden ve Samsun milletvekili adayl\u0131\u011f\u0131ndan istifa eden \u00c7ak\u0131r, yapt\u0131\u011f\u0131 yaz\u0131l\u0131 a\u00e7\u0131klamada, \u201cMilliyet\u00e7i Hareket Partisi Genel Ba\u015fkan Yard\u0131mc\u0131l\u0131\u011f\u0131, Merkez Y\u00f6netim Kurulu \u00dcyeli\u011fi g\u00f6revlerinden ve parti \u00fcyeli\u011finden, Samsun Milletvekili adayl\u0131\u011f\u0131ndan istifa ettim\u201d ifadelerini kulland\u0131.<\/p>\n<p><span style=\"font-size: medium;\"><strong><span style=\"color: #993300;\">\u00dcmit \u015eafak kimdir<\/span><\/strong><\/span><\/p>\n<div id=\"attachment_33260\" style=\"width: 260px\" class=\"wp-caption alignleft\"><a href=\"http:\/\/www.korhanyilmaz.com\/wp-content\/uploads\/2011\/05\/286.jpg\"  class=\"lightview\"><img loading=\"lazy\" decoding=\"async\" aria-describedby=\"caption-attachment-33260\" class=\"size-full wp-image-33260\" title=\"\" src=\"http:\/\/www.korhanyilmaz.com\/wp-content\/uploads\/2011\/05\/286.jpg\" alt=\"\" width=\"250\" height=\"150\" \/><\/a><p id=\"caption-attachment-33260\" class=\"wp-caption-text\">\u00dcmit \u015eafak<\/p><\/div>\n<p style=\"text-align: justify;\">MHP&#8217;deki &#8220;kaset skandal\u0131&#8221; nedeniyle istifas\u0131n\u0131 sunan partinin Genel Ba\u015fkan Yard\u0131mc\u0131s\u0131 \u00dcmit \u015eafak, 5 Aral\u0131k 1955&#8217;te Kastamonu&#8217;da do\u011fdu.<\/p>\n<p style=\"text-align: justify;\">23. D\u00f6nem \u0130stanbul Milletvekili olan \u015eafak, Gazi \u00dcniversitesi \u0130ktisadi ve \u0130dari Bilimler Fak\u00fcltesi Kamu Y\u00f6netimi B\u00f6l\u00fcm\u00fc&#8217;n\u00fc bitirdi. \u00c7apa T\u0131p Fak\u00fcltesi&#8217;nde memur olarak \u00e7al\u0131\u015ft\u0131. De\u011fi\u015fik \u015firketlerde muhasebe m\u00fcd\u00fcrl\u00fc\u011f\u00fc ve mali m\u00fc\u015favirlik yapt\u0131.<\/p>\n<p style=\"text-align: justify;\">\u015eafak, bug\u00fcn MHP genel ba\u015fkan yard\u0131mc\u0131l\u0131\u011f\u0131, parti \u00fcyeli\u011fi ve \u0130stanbul milletvekili adayl\u0131\u011f\u0131ndan istifa etti.<\/p>\n<p><span style=\"font-size: medium;\"><strong><span style=\"color: #993300;\">Mehmet Taytak kimdir<\/span><\/strong><\/span><\/p>\n<div id=\"attachment_33261\" style=\"width: 260px\" class=\"wp-caption alignright\"><a href=\"http:\/\/www.korhanyilmaz.com\/wp-content\/uploads\/2011\/05\/287.jpg\"  class=\"lightview\"><img loading=\"lazy\" decoding=\"async\" aria-describedby=\"caption-attachment-33261\" class=\"size-full wp-image-33261\" title=\"\" src=\"http:\/\/www.korhanyilmaz.com\/wp-content\/uploads\/2011\/05\/287.jpg\" alt=\"\" width=\"250\" height=\"150\" \/><\/a><p id=\"caption-attachment-33261\" class=\"wp-caption-text\">Mehmet Taytak<\/p><\/div>\n<p style=\"text-align: justify;\">Ya\u015fanan &#8220;kaset skandal\u0131&#8221; nedeniyle istifa eden MHP Genel Sekreter Yard\u0131mc\u0131s\u0131 Mehmet Taytak, 7 Aral\u0131k 1959&#8217;da Afyonkarahisar&#8217;da do\u011fdu.<\/p>\n<p style=\"text-align: justify;\">Gazi \u00dcniversitesi Teknik E\u011fitim Fak\u00fcltesi&#8217;nden mezun olan Taytak, 1984-1987 y\u0131llar\u0131 aras\u0131nda Tomarza Meslek Lisesi Metal \u0130\u015fleri B\u00f6l\u00fcm\u00fc&#8217;nde e\u011fitimci olarak g\u00f6rev yapt\u0131. 1988 y\u0131l\u0131nda Milliyet\u00e7i \u00c7al\u0131\u015fma Partisi 2. ola\u011fan ve 1991 3. ola\u011fan genel kurullar\u0131nda Merkez Karar Kurulu&#8217;na se\u00e7ildi. Milliyet\u00e7i Hareket Partisi 6. Ola\u011fan Genel Kurulu&#8217;nda Merkez Disiplin Kurulu \u00fcyesi se\u00e7ildi. 7 ve 8. ola\u011fan b\u00fcy\u00fck kurultayda MYK \u00fcyeli\u011fine se\u00e7ildi. 8 Kas\u0131m 2009 tarihinde Milliyet\u00e7i Hareket Partisi 9. Ola\u011fan B\u00fcy\u00fck Kongresinde Ba\u015fkanl\u0131k Divan\u0131&#8217;nda, Genel Sekreter Yard\u0131mc\u0131l\u0131\u011f\u0131 g\u00f6revine se\u00e7ildi.<\/p>\n<p style=\"text-align: justify;\">MHP \u0130stanbul 3. b\u00f6lge milletvekili aday\u0131 olan Taytak, bug\u00fcn yapt\u0131\u011f\u0131 a\u00e7\u0131klamayla, siyasi ve sosyal i\u015fler ile protokol i\u015flerinden sorumlu genel sekreter yard\u0131mc\u0131l\u0131\u011f\u0131, parti \u00fcyeli\u011fi ve milletvekili adayl\u0131\u011f\u0131ndan istifa etti.<\/p>\n<p><span style=\"font-size: medium;\"><strong><span style=\"color: #993300;\">B\u00fclent Didinmez kimdir<\/span><\/strong><\/span><\/p>\n<div id=\"attachment_33262\" style=\"width: 260px\" class=\"wp-caption alignleft\"><a href=\"http:\/\/www.korhanyilmaz.com\/wp-content\/uploads\/2011\/05\/288.jpg\"  class=\"lightview\"><img loading=\"lazy\" decoding=\"async\" aria-describedby=\"caption-attachment-33262\" class=\"size-full wp-image-33262\" src=\"http:\/\/www.korhanyilmaz.com\/wp-content\/uploads\/2011\/05\/288.jpg\" alt=\"\" width=\"250\" height=\"150\" \/><\/a><p id=\"caption-attachment-33262\" class=\"wp-caption-text\">B\u00fclent Didinmez<\/p><\/div>\n<p style=\"text-align: justify;\">Ya\u015fanan &#8220;kaset skandal\u0131&#8221; nedeniyle istifa eden isimlerden MHP Genel Ba\u015fkan Yard\u0131mc\u0131s\u0131 B\u00fclent Didinmez, 20 ocak 1960&#8217;da Nev\u015fehir&#8217;de do\u011fdu.<\/p>\n<p style=\"text-align: justify;\">1982 y\u0131l\u0131nda Gazi \u00dcniversitesi \u0130ktisadi ve \u0130dari Bilimler Fak\u00fcltesi&#8217;nden mezun olan Didinmez, 1984-1986 y\u0131llar\u0131nda \u015eeker-\u0130\u015f Sendikas\u0131&#8217;nda uzman olarak \u00e7al\u0131\u015ft\u0131. 1987-2000 y\u0131llar\u0131 aras\u0131nda Kamu \u0130\u015fverenleri Sendikas\u0131&#8217;nda uzman olarak g\u00f6rev yapt\u0131.<\/p>\n<p style=\"text-align: justify;\">Milliyet\u00e7i Hareket Partisi&#8217;nin 5, 6, 7 ve 8&#8217;nci ola\u011fan b\u00fcy\u00fck kongreleri&#8217;nde MYK \u00fcyeli\u011fine se\u00e7ilerek Genel Sekreter Yard\u0131mc\u0131l\u0131\u011f\u0131 g\u00f6revlerinde bulundu.<\/p>\n<p style=\"text-align: justify;\">8 Kas\u0131m 2009 tarihli Milliyet\u00e7i Hareket Partisi 9. ola\u011fan b\u00fcy\u00fck kongresinde Ba\u015fkanl\u0131k Divan\u0131&#8217;nda Te\u015fkilat \u0130\u015flerinden Sorumlu Genel Ba\u015fkan Yard\u0131mc\u0131l\u0131\u011f\u0131 g\u00f6revine se\u00e7ildi.<\/p>\n<p style=\"text-align: justify;\">Didinmez, MHP lideri Devlet Bah\u00e7eli&#8217;nin iste\u011fi \u00fczerine 10 May\u0131s&#8217;ta, genel ba\u015fkan yard\u0131mc\u0131l\u0131\u011f\u0131 ve MHP \u0130stanbul 1. B\u00f6lge Milletvekili adayl\u0131\u011f\u0131ndan istifa etmi\u015fti.<\/p>\n<p><span style=\"color: #993300; font-size: medium;\"><strong>\u0130hsan Barut\u00e7u kimdir<\/strong><\/span><\/p>\n<div id=\"attachment_33264\" style=\"width: 260px\" class=\"wp-caption alignright\"><a href=\"http:\/\/www.korhanyilmaz.com\/wp-content\/uploads\/2011\/05\/289.jpg\"  class=\"lightview\"><img loading=\"lazy\" decoding=\"async\" aria-describedby=\"caption-attachment-33264\" class=\"size-full wp-image-33264\" title=\"\" src=\"http:\/\/www.korhanyilmaz.com\/wp-content\/uploads\/2011\/05\/289.jpg\" alt=\"\" width=\"250\" height=\"150\" \/><\/a><p id=\"caption-attachment-33264\" class=\"wp-caption-text\">\u0130hsan Barut\u00e7u<\/p><\/div>\n<p style=\"text-align: justify;\">Ya\u015fanan &#8220;kaset skandal\u0131&#8221; nedeniyle partideki g\u00f6revlerinden ve milletvekili\u011fi adayl\u0131\u011f\u0131ndan istifa eden MHP \u0130stanbul eski \u0130l Ba\u015fkan\u0131 \u0130hsan Barut\u00e7u, 8 Nisan 1959&#8217;da Malatya&#8217;da do\u011fdu.<\/p>\n<p style=\"text-align: justify;\">\u0130lk ve orta \u00f6\u011frenimi Malatya Hekimhan\u2019da tamamlad\u0131ktan sonra 1988\u2019de Gaziantep Lisesi\u2019nden mezun oldu. 1991 y\u0131l\u0131nda aktif siyasete ba\u015flad\u0131.<\/p>\n<p style=\"text-align: justify;\">S\u0131ras\u0131yla, Fatih \u00dclk\u00fc Ocaklar\u0131 Ba\u015fkanl\u0131\u011f\u0131, Fatih \u0130l\u00e7e Ba\u015fkanl\u0131\u011f\u0131, 1999\u20132001 y\u0131llar\u0131 aras\u0131nda MHP \u0130stanbul \u0130l Te\u015fkilat Ba\u015fkanl\u0131\u011f\u0131 ve 2001\u20132009 aras\u0131 MHP \u0130stanbul \u0130l Ba\u015fkanl\u0131\u011f\u0131 yapt\u0131.<\/p>\n<p style=\"text-align: justify;\">Barut\u00e7u, MHP lideri Devlet Bah\u00e7eli&#8217;nin iste\u011fi \u00fczerine 10 May\u0131s&#8217;ta, partisinden ve MHP \u0130stanbul 3. B\u00f6lge Milletvekili adayl\u0131\u011f\u0131ndan istifa etmi\u015fti.<\/p>\n<p><span style=\"font-size: medium;\"><strong><span style=\"color: #993300;\">Recai Y\u0131ld\u0131r\u0131m kimdir<\/span><\/strong><\/span><\/p>\n<div id=\"attachment_33265\" style=\"width: 260px\" class=\"wp-caption alignleft\"><a href=\"http:\/\/www.korhanyilmaz.com\/wp-content\/uploads\/2011\/05\/290.jpg\"  class=\"lightview\"><img loading=\"lazy\" decoding=\"async\" aria-describedby=\"caption-attachment-33265\" class=\"size-full wp-image-33265\" src=\"http:\/\/www.korhanyilmaz.com\/wp-content\/uploads\/2011\/05\/290.jpg\" alt=\"\" width=\"250\" height=\"150\" \/><\/a><p id=\"caption-attachment-33265\" class=\"wp-caption-text\">Recai Y\u0131ld\u0131r\u0131m<\/p><\/div>\n<p style=\"text-align: justify;\">Ya\u015fanan &#8220;kaset skandal\u0131&#8221; nedeniyle istifa eden ilk isimlerden olan MHP Genel Ba\u015fkan Yard\u0131mc\u0131s\u0131 Recai Y\u0131ld\u0131r\u0131m, 2 \u015eubat 1950&#8217;de Adana&#8217;da do\u011fdu.<\/p>\n<p style=\"text-align: justify;\">23. D\u00f6nem Adana Milletvekili olan Y\u0131ld\u0131r\u0131m, \u00c7ukurova \u00dcniversitesi Ziraat Fak\u00fcltesi&#8217;ni bitirdi. \u00c7ift\u00e7ilikle u\u011fra\u015ft\u0131.<\/p>\n<p style=\"text-align: justify;\">Y\u0131ld\u0131r\u0131m, &#8220;kaset skandal\u0131&#8221;n\u0131n ortaya \u00e7\u0131kmas\u0131n\u0131n ard\u0131ndan MHP lideri Devlet Bah\u00e7eli&#8217;nin iste\u011fi \u00fczerine 27 Nisan&#8217;da, genel ba\u015fkan yard\u0131mc\u0131l\u0131\u011f\u0131 ve MHP Adana 1.s\u0131ra Milletvekili adayl\u0131\u011f\u0131ndan istifa etmi\u015fti.<\/p>\n<p><span style=\"font-size: medium;\"><strong><span style=\"color: #993300;\">Metin \u00c7obano\u011flu kimdir<\/span><\/strong><\/span><\/p>\n<div id=\"attachment_33266\" style=\"width: 260px\" class=\"wp-caption alignright\"><a href=\"http:\/\/www.korhanyilmaz.com\/wp-content\/uploads\/2011\/05\/291.jpg\"  class=\"lightview\"><img loading=\"lazy\" decoding=\"async\" aria-describedby=\"caption-attachment-33266\" class=\"size-full wp-image-33266\" title=\"\" src=\"http:\/\/www.korhanyilmaz.com\/wp-content\/uploads\/2011\/05\/291.jpg\" alt=\"\" width=\"250\" height=\"150\" \/><\/a><p id=\"caption-attachment-33266\" class=\"wp-caption-text\">Metin \u00c7obano\u011flu<\/p><\/div>\n<p style=\"text-align: justify;\">Ya\u015fanan &#8220;kaset skandal\u0131&#8221; nedeniyle istifa eden ilk isimlerden olan MHP Genel Ba\u015fkan Yard\u0131mc\u0131s\u0131 Metin \u00c7obano\u011flu, 14 Ekim 1958&#8217;de K\u0131r\u015fehir&#8217;de do\u011fdu.<\/p>\n<p style=\"text-align: justify;\">23. D\u00f6nem K\u0131r\u015fehir Milletvekili olan \u0130stanbul \u00dcniversitesi Orman Fak\u00fcltesi ve \u0130stanbul \u00dcniversitesi Hukuk Fak\u00fcltesi&#8217;ni bitirdi.<\/p>\n<p style=\"text-align: justify;\">Orman Bakanl\u0131\u011f\u0131&#8217;nda m\u00fchendis olarak \u00e7al\u0131\u015fmaya ba\u015flad\u0131. Orman M\u00fchendisleri Odas\u0131 Y\u00f6netim Kurulu \u00dcyeli\u011fi, T\u00fcrk Tar\u0131m Orman Sendikas\u0131 Genel Ba\u015fkan Yard\u0131mc\u0131l\u0131\u011f\u0131 g\u00f6revlerinde bulundu. K\u0131r\u015fehir Belediye Ba\u015fkanl\u0131\u011f\u0131 g\u00f6revine se\u00e7ilerek iki d\u00f6nem bu g\u00f6revi y\u00fcr\u00fctt\u00fc. T\u00fcrk Belediyeler Birli\u011fi Genel Ba\u015fkan Yard\u0131mc\u0131l\u0131\u011f\u0131, Avrupa Konseyi Yerel ve B\u00f6lgesel Y\u00f6netimler Kongresi T\u00fcrk Delegasyonu&#8217;nda bulundu.<\/p>\n<p style=\"text-align: justify;\">\u00c7obano\u011flu, &#8220;kaset skandal\u0131&#8221;n\u0131n ortaya \u00e7\u0131kmas\u0131n\u0131n ard\u0131ndan MHP lideri Devlet Bah\u00e7eli&#8217;nin iste\u011fi \u00fczerine 27 Nisan&#8217;da, genel ba\u015fkan yard\u0131mc\u0131l\u0131\u011f\u0131 ve MHP K\u0131r\u015fehir 1.s\u0131ra Milletvekili adayl\u0131\u011f\u0131ndan istifa etmi\u015fti.<\/p>\n<p style=\"text-align: justify;\"><a href=\"http:\/\/www.hurriyet.com.tr\/gundem\/17842340.asp?gid=381\" target=\"_blank\">Kaynak : H\u00fcrriyet<\/a><\/p>\n","protected":false},"excerpt":{"rendered":"<p style=\"text-align: justify;\">\n<p style=\"text-align: justify;\">MHP&#8217;deki &#8220;kaset skandal\u0131&#8221; partide ortal\u0131\u011f\u0131 toz duman etti. Kaset krizinin patlak vermesinden bu yana MHP&#8217;den 10 isim g\u00f6revlerinden ve milletvekilli\u011fi adayl\u0131klar\u0131ndan istifa etti.<\/p>\n<p style=\"text-align: justify;\">MHP lideri Devlet Bah\u00e7eli&#8217;nin iste\u011fi \u00fczerine Recai Y\u0131ld\u0131r\u0131m ve Metin \u00c7obano\u011flu&#8217;nun 27 Nisan&#8217;da, B\u00fclent Didinmez ve \u0130hsan Barut\u00e7u&#8217;nun ise 10 May\u0131s&#8217;ta istifalar\u0131n\u0131 sunmalar\u0131n\u0131n ard\u0131ndan bug\u00fcn <\/p>\n","protected":false},"author":1,"featured_media":0,"comment_status":"open","ping_status":"closed","sticky":false,"template":"","format":"standard","meta":{"footnotes":""},"categories":[105],"tags":[],"class_list":["post-33244","post","type-post","status-publish","format-standard","hentry","category-gundem","odd"],"_links":{"self":[{"href":"http:\/\/www.korhanyilmaz.com\/index.php?rest_route=\/wp\/v2\/posts\/33244","targetHints":{"allow":["GET"]}}],"collection":[{"href":"http:\/\/www.korhanyilmaz.com\/index.php?rest_route=\/wp\/v2\/posts"}],"about":[{"href":"http:\/\/www.korhanyilmaz.com\/index.php?rest_route=\/wp\/v2\/types\/post"}],"author":[{"embeddable":true,"href":"http:\/\/www.korhanyilmaz.com\/index.php?rest_route=\/wp\/v2\/users\/1"}],"replies":[{"embeddable":true,"href":"http:\/\/www.korhanyilmaz.com\/index.php?rest_route=%2Fwp%2Fv2%2Fcomments&post=33244"}],"version-history":[{"count":0,"href":"http:\/\/www.korhanyilmaz.com\/index.php?rest_route=\/wp\/v2\/posts\/33244\/revisions"}],"wp:attachment":[{"href":"http:\/\/www.korhanyilmaz.com\/index.php?rest_route=%2Fwp%2Fv2%2Fmedia&parent=33244"}],"wp:term":[{"taxonomy":"category","embeddable":true,"href":"http:\/\/www.korhanyilmaz.com\/index.php?rest_route=%2Fwp%2Fv2%2Fcategories&post=33244"},{"taxonomy":"post_tag","embeddable":true,"href":"http:\/\/www.korhanyilmaz.com\/index.php?rest_route=%2Fwp%2Fv2%2Ftags&post=33244"}],"curies":[{"name":"wp","href":"https:\/\/api.w.org\/{rel}","templated":true}]}}