{"id":33239,"date":"2011-05-21T15:04:47","date_gmt":"2011-05-21T12:04:47","guid":{"rendered":"http:\/\/www.korhanyilmaz.com\/?p=33239"},"modified":"2011-05-21T15:04:47","modified_gmt":"2011-05-21T12:04:47","slug":"mhpli-3-belde-belediye-baskani-istifa-etti","status":"publish","type":"post","link":"http:\/\/www.korhanyilmaz.com\/?p=33239","title":{"rendered":"MHP&#8217;li 3 belde belediye ba\u015fkan\u0131 istifa etti"},"content":{"rendered":"<p style=\"text-align: justify;\"><a href=\"http:\/\/www.korhanyilmaz.com\/wp-content\/uploads\/2011\/05\/279.jpg\"  class=\"lightview\"><img loading=\"lazy\" decoding=\"async\" class=\"aligncenter size-full wp-image-33240\" title=\"\" src=\"http:\/\/www.korhanyilmaz.com\/wp-content\/uploads\/2011\/05\/279.jpg\" alt=\"\" width=\"286\" height=\"217\" \/><\/a><\/p>\n<p style=\"text-align: justify;\">Konya&#8217;n\u0131n Bey\u015fehir \u0130l\u00e7esi&#8217;nde 1 hafta i\u00e7inde MHP&#8217;li 3 belde belediye ba\u015fkan\u0131 partilerinden istifa etti.<\/p>\n<p style=\"text-align: justify;\">Son yerel se\u00e7imlerde MHP&#8217;den belediye ba\u015fkanl\u0131\u011f\u0131na se\u00e7ilen G\u00f6k\u00e7imen Belde Belediye Ba\u015fkan\u0131 Mustafa Dokur, Yenido\u011fan Belde Belediye Ba\u015fkan\u0131 H\u00fcseyin Dereba\u011f ve Ak\u00e7abelen Belde Belediye Ba\u015fkan\u0131 Hasan Say\u0131n, son 1 hafta i\u00e7inde partilerinden istifa etti. <!--more--><\/p>\n<p style=\"text-align: justify;\">G\u00f6k\u00e7imen Belediye Ba\u015fkan\u0131 Mustafa Dokur, 3 Haziran&#8217;da Ba\u015fbakan Recep Tayyip Erdo\u011fan&#8217;\u0131n Konya&#8217;daki program\u0131nda AK Parti&#8217;ye kat\u0131laca\u011f\u0131n\u0131 a\u00e7\u0131klarken, di\u011fer 2 ba\u015fkan\u0131n da belde halk\u0131yla g\u00f6r\u00fc\u015ft\u00fckten sonra AK Parti&#8217;ye ge\u00e7ecekleri \u00f6ne s\u00fcr\u00fcld\u00fc.<\/p>\n<p style=\"text-align: justify;\">Bey\u015fehir&#8217;de 7 belde belediye ba\u015fkanl\u0131\u011f\u0131na sahip MHP&#8217;nin ba\u015fkanl\u0131k say\u0131s\u0131 4&#8217;e d\u00fc\u015ft\u00fc. Bey\u015fehir&#8217;de CHP&#8217;nin 1, AK Parti&#8217;nin de 10 belde belediye ba\u015fkanl\u0131\u011f\u0131 bulunuyor.<\/p>\n<p style=\"text-align: justify;\"><a href=\"http:\/\/www.cnnturk.com\/2011\/turkiye\/05\/21\/mhpli.3.belde.belediye.baskani.istifa.etti\/617450.0\/index.html\" target=\"_blank\">Kaynak : CNN T\u00dcRK<\/a><\/p>\n","protected":false},"excerpt":{"rendered":"<p style=\"text-align: justify;\">\n<p style=\"text-align: justify;\">Konya&#8217;n\u0131n Bey\u015fehir \u0130l\u00e7esi&#8217;nde 1 hafta i\u00e7inde MHP&#8217;li 3 belde belediye ba\u015fkan\u0131 partilerinden istifa etti.<\/p>\n<p style=\"text-align: justify;\">Son yerel se\u00e7imlerde MHP&#8217;den belediye ba\u015fkanl\u0131\u011f\u0131na se\u00e7ilen G\u00f6k\u00e7imen Belde Belediye Ba\u015fkan\u0131 Mustafa Dokur, Yenido\u011fan Belde Belediye Ba\u015fkan\u0131 H\u00fcseyin Dereba\u011f ve Ak\u00e7abelen Belde Belediye Ba\u015fkan\u0131 Hasan Say\u0131n, son 1 hafta i\u00e7inde partilerinden istifa etti. <\/p>\n","protected":false},"author":1,"featured_media":0,"comment_status":"open","ping_status":"closed","sticky":false,"template":"","format":"standard","meta":{"footnotes":""},"categories":[105],"tags":[],"class_list":["post-33239","post","type-post","status-publish","format-standard","hentry","category-gundem","odd"],"_links":{"self":[{"href":"http:\/\/www.korhanyilmaz.com\/index.php?rest_route=\/wp\/v2\/posts\/33239","targetHints":{"allow":["GET"]}}],"collection":[{"href":"http:\/\/www.korhanyilmaz.com\/index.php?rest_route=\/wp\/v2\/posts"}],"about":[{"href":"http:\/\/www.korhanyilmaz.com\/index.php?rest_route=\/wp\/v2\/types\/post"}],"author":[{"embeddable":true,"href":"http:\/\/www.korhanyilmaz.com\/index.php?rest_route=\/wp\/v2\/users\/1"}],"replies":[{"embeddable":true,"href":"http:\/\/www.korhanyilmaz.com\/index.php?rest_route=%2Fwp%2Fv2%2Fcomments&post=33239"}],"version-history":[{"count":0,"href":"http:\/\/www.korhanyilmaz.com\/index.php?rest_route=\/wp\/v2\/posts\/33239\/revisions"}],"wp:attachment":[{"href":"http:\/\/www.korhanyilmaz.com\/index.php?rest_route=%2Fwp%2Fv2%2Fmedia&parent=33239"}],"wp:term":[{"taxonomy":"category","embeddable":true,"href":"http:\/\/www.korhanyilmaz.com\/index.php?rest_route=%2Fwp%2Fv2%2Fcategories&post=33239"},{"taxonomy":"post_tag","embeddable":true,"href":"http:\/\/www.korhanyilmaz.com\/index.php?rest_route=%2Fwp%2Fv2%2Ftags&post=33239"}],"curies":[{"name":"wp","href":"https:\/\/api.w.org\/{rel}","templated":true}]}}