{"id":33235,"date":"2011-05-21T15:28:08","date_gmt":"2011-05-21T12:28:08","guid":{"rendered":"http:\/\/www.korhanyilmaz.com\/?p=33235"},"modified":"2011-05-21T15:28:08","modified_gmt":"2011-05-21T12:28:08","slug":"baykal-bu-is-hukumetin-isi","status":"publish","type":"post","link":"http:\/\/www.korhanyilmaz.com\/?p=33235","title":{"rendered":"Baykal: &#8220;Bu i\u015f h\u00fck\u00fcmetin i\u015fi&#8221;"},"content":{"rendered":"<p style=\"text-align: justify;\"><a href=\"http:\/\/www.korhanyilmaz.com\/wp-content\/uploads\/2011\/05\/278.jpg\"  class=\"lightview\"><img loading=\"lazy\" decoding=\"async\" class=\"aligncenter size-full wp-image-33236\" src=\"http:\/\/www.korhanyilmaz.com\/wp-content\/uploads\/2011\/05\/278.jpg\" alt=\"\" width=\"307\" height=\"236\" \/><\/a><\/p>\n<p style=\"text-align: justify;\">Eski CHP lideri Deniz Baykal MHP&#8217;deki kaset skandallar\u0131 ve istifalar\u0131 de\u011ferlendirdi. Baykal, &#8220;Bu i\u015f h\u00fck\u00fcmetin i\u015fi. Se\u00e7meni kaset etkilemez. Bu MHP&#8217;yi bitirme komplosudur. Ama\u00e7lar\u0131 anayasay\u0131 tek ba\u015flar\u0131na yapmak&#8221; dedi.<\/p>\n<p style=\"text-align: justify;\">Baykal, 1&#8217;inci s\u0131radan milletvekili aday\u0131 oldu\u011fu Antalya&#8217;da &#8216;Sosyete Pazar\u0131&#8217; olarak bilinen ve ba\u015fta Ruslar olmak \u00fczere Antalya&#8217;daki yabanc\u0131lar\u0131n u\u011frak noktas\u0131 \u015eirinyal\u0131 Pazar\u0131&#8217;nda se\u00e7im \u00e7al\u0131\u015fmalar\u0131na devam etti. <!--more--><\/p>\n<p style=\"text-align: justify;\">Deniz Baykal, se\u00e7im gezisi sonunda gazetecilerin &#8216;kaset skandal\u0131nda&#8217; ad\u0131 ge\u00e7en MHP Genel Ba\u015fkan yard\u0131mc\u0131lar\u0131 Deniz B\u00f6l\u00fckba\u015f\u0131, Osman \u00c7ak\u0131r, Mehmet Ekici, \u00dcmit \u015eafak ve Mehmet Taytak ile Genel Sekreter Cihan Pa\u00e7ac\u0131&#8217;n\u0131n istifas\u0131n\u0131 de\u011ferlendirdi.<\/p>\n<p style=\"text-align: justify;\">T\u00fcrkiye&#8217;de komplo siyasetinin i\u015flemeye devam etti\u011fini g\u00f6rmenin \u00fcz\u00fcnt\u00fc verici oldu\u011funu belirten CHP eski Genel Ba\u015fkan\u0131 Deniz Baykal, &#8220;Bunun kendili\u011finden ya\u015fanan bir s\u00fcre\u00e7 oldu\u011funu d\u00fc\u015f\u00fcnmek hi\u00e7bir \u015fekilde m\u00fcmk\u00fcn de\u011fildir. Bu olaylar\u0131n bir merkezi planlama, \u00f6zenle haz\u0131rlanarak zamanlamas\u0131 yap\u0131larak, sonu\u00e7 \u00fcretmek \u00fczere ger\u00e7ekle\u015ftirildi\u011fi art\u0131k tart\u0131\u015fma g\u00f6t\u00fcrmez bir ger\u00e7ektir&#8221; dedi.<\/p>\n<p style=\"text-align: justify;\">\u0130nsanlar\u0131n mahremiyetine n\u00fcfus edilerek, hukuk ve yasalara ayk\u0131r\u0131 bi\u00e7imde komplolar haz\u0131rlanmas\u0131n\u0131n su\u00e7 oldu\u011funu anlatan Deniz Baykal, \u015f\u00f6yle konu\u015ftu:<\/p>\n<p style=\"text-align: justify;\">&#8220;Ama ne yaz\u0131k ki, g\u00fcn\u00fcm\u00fczde iktidar\u0131n g\u00f6revi bu yasalara ayk\u0131r\u0131 durumu \u00f6nlemek, yasalar\u0131 ihlal edenlerden bunun hesab\u0131n\u0131 sormak oldu\u011fu halde hi\u00e7bir \u015fekilde bu yap\u0131lmamakta, iktidar, i\u015fin dedikodusuyla me\u015fgul olmay\u0131 tercih etmektedir.&#8221;<\/p>\n<p style=\"text-align: justify;\">Bu komployu yapanlar\u0131n belli amaca ula\u015fmas\u0131na en b\u00fcy\u00fck katk\u0131y\u0131 iktidar, h\u00fck\u00fcmetin yapt\u0131\u011f\u0131n\u0131 savunan Baykal, \u015f\u00f6yle konu\u015ftu:<\/p>\n<p style=\"text-align: justify;\">&#8220;Nas\u0131l yapmaktad\u0131r? \u00d6nce bunlar kar\u015f\u0131s\u0131nda etkin \u00f6nlemleri almayarak. Sonra da komplonun amac\u0131na hizmet etmesi i\u00e7in dedikodu siyasetini hukuki sorumlulu\u011funun \u00f6n\u00fcne ge\u00e7irerek, o do\u011frultuda faaliyet g\u00f6stererek, o do\u011frultuda siyaset yaparak bu komplocularla bir anlamda elele vermi\u015f, i\u015fbirli\u011fine girmi\u015f gibi bir g\u00f6r\u00fcnt\u00fc vermektedir. Bu ac\u0131 ama maalesef do\u011fru bir tespittir. H\u00fck\u00fcmet yasalar\u0131 uygulamakla g\u00f6revlidir. Yasa ihlali varsa o ki\u015filer hakk\u0131nda gerekeni yap. Ama o ki\u015filerin bir yasa ihlali yoksa onlar hakk\u0131nda yasalara ayk\u0131r\u0131 olarak taktik yapanlar\u0131, komplo kuranlar\u0131, insanlar\u0131n \u00f6zel hayatlar\u0131na, mahremiyetine burnunu sokanlar\u0131n\u0131n uygulamalar\u0131na sahip \u00e7\u0131kmak, destek vermek, nemalanmaya \u00e7al\u0131\u015fmak, bunun arkas\u0131n\u0131 \u00f6n\u00fcn\u00fc \u00e7eki\u015ftirmek bir siyaset haline gelmi\u015fse, bu, bug\u00fcnk\u00fc iktidar\u0131n siyaset anlay\u0131\u015f\u0131n\u0131n sonucudur.&#8221;<\/p>\n<p style=\"text-align: justify;\">CHP&#8217;nin eski lideri Deniz Baykal, bu uygulamalar\u0131n etkisizle\u015ftirilmesi i\u00e7in yap\u0131lmas\u0131 gereken tek \u015feyin bu olaylara itibar etmemek oldu\u011funu s\u00f6yledi. Ancak baz\u0131 ki\u015filerin, bu komplolar\u0131n\u0131n ma\u011fduru, kurban\u0131 oldu\u011fu halde, komplo yapanlar\u0131n amac\u0131na hizmet edercesine, beklenen, istenilen komplo yapanlar\u0131n planlad\u0131\u011f\u0131 do\u011frultuda hareket etmek zorunda b\u0131rak\u0131ld\u0131\u011f\u0131n\u0131 s\u00f6yleyen Baykal, \u015f\u00f6yle devam etti:<\/p>\n<p style=\"text-align: justify;\">&#8220;T\u00fcrkiye ke\u015fke bunu a\u015fabilse ve bu uygulamalara kar\u015f\u0131 elbirli\u011fi ile tav\u0131r tak\u0131nabilsek. MHP Genel Ba\u015fkan\u0131 Devlet Bah\u00e7eli ilk iki &#8216;tertip&#8217; kar\u015f\u0131s\u0131nda \u00e7ekingen bir tav\u0131r tak\u0131nd\u0131ktan sonra kararl\u0131 bir tutum i\u00e7ine girdi. O tutumun s\u00fcrd\u00fcr\u00fclemedi\u011fi g\u00f6r\u00fcld\u00fc. Ni\u00e7in s\u00fcrd\u00fcr\u00fclememi\u015ftir, bilmiyorum. Ama komplo yapanlar\u0131n amac\u0131na ula\u015ft\u0131\u011f\u0131na tan\u0131k olmak hepimize ac\u0131 geliyor. T\u00fcrkiye buna lay\u0131k de\u011fildir.&#8221;<\/p>\n<p style=\"text-align: justify;\"><strong>&#8220;Ama\u00e7 anayasay\u0131 tek ba\u015flar\u0131na yapmak&#8221;<\/strong><\/p>\n<p style=\"text-align: justify;\">MHP&#8217;deki kaset skandal\u0131 arkas\u0131ndaki amac\u0131n belli milletvekillerini etkisizle\u015ftirmenin \u00f6tesinde MHP&#8217;yi se\u00e7im \u00f6ncesinde bir krizle kar\u015f\u0131 kar\u015f\u0131ya b\u0131rakmak oldu\u011funun \u00e7ok a\u00e7\u0131k oldu\u011funu savunan Deniz Baykal, \u015funlar\u0131 s\u00f6yledi:<\/p>\n<p style=\"text-align: justify;\">&#8220;Bunun MHP&#8217;nin parlamentoya girmesini belki \u00f6nleyebilece\u011fini, baraj\u0131n alt\u0131nda kalmas\u0131n\u0131 belki \u00f6ng\u00f6rm\u00fc\u015flerdir. MHP&#8217;nin parlamentoya girememesinin iktidar partisi i\u00e7in \u00e7ok b\u00fcy\u00fck yararlar sa\u011flayaca\u011f\u0131, belki, bunun hesab\u0131 yap\u0131lm\u0131\u015ft\u0131r. &#8216;B\u00fct\u00fcn bunlar bu olay\u0131n arkas\u0131nda ne var?&#8217; sorusuna cevap vermemize yard\u0131mc\u0131 olacak g\u00f6zlemlerdir. Hala bu tertibi yapanlar, ki\u015filerin istifas\u0131n\u0131n \u00f6tesinde MHP y\u00f6netimin bir krize s\u00fcr\u00fcklenmesini \u0131srarla takip ediyorlarsa demek ki b\u00f6yle b\u00fcy\u00fck bir kurgu var.<\/p>\n<p style=\"text-align: justify;\">Bu b\u00fcy\u00fck kurgudan ne bekleniyor? &#8216;Anayasay\u0131 de\u011fi\u015ftirecek bir \u00e7o\u011funluk belki parlamentoda elde edilebilir&#8217; diye umut ediliyor. B\u00f6yle elde edilmi\u015f bir parlamento \u00e7o\u011funlu\u011fuyla yap\u0131lacak bir Anayasa&#8217;n\u0131n ahlaki, siyasi, demokratik i\u00e7eri\u011fiyle ilgili daha ba\u015flang\u0131\u00e7ta nas\u0131l bir iflas\u0131n ortaya \u00e7\u0131kt\u0131\u011f\u0131na da dikkatinizi \u00e7ekmek istiyorum. B\u00f6yle bir y\u00f6ntemle olu\u015facak yeni siyasi iktidardan yeni Anayasa&#8217;dan da T\u00fcrkiye hangi yarar\u0131 sa\u011flayacak ger\u00e7ekten bunu sorgulamam\u0131z laz\u0131md\u0131r.&#8221;<\/p>\n<p style=\"text-align: justify;\"><strong>Se\u00e7men bunlara itibar etmiyor<\/strong><\/p>\n<p style=\"text-align: justify;\">Baykal, &#8220;Se\u00e7menin g\u00fcndeminde bu olaylar var m\u0131?&#8221; sorusu \u00fczerine se\u00e7menin tutumunun, bu tezgahlar\u0131 yapan, bu komplolardan medet uman faaliyetlerine destek verenlerden \u00e7ok daha ahlakl\u0131, nitelikli ve d\u00fczeyli oldu\u011funu s\u00f6yledi. Se\u00e7menin tertipler kar\u015f\u0131s\u0131nda olgun bir tav\u0131r ald\u0131\u011f\u0131n\u0131 kaydeden Baykal, &#8220;Dedikodu anlay\u0131\u015f\u0131 i\u00e7inde bu olaylar\u0131 siyasi tart\u0131\u015fmaya \u00e7ekmenin ay\u0131p oldu\u011funu \u00fclkeyi y\u00f6netenlerden \u00e7ok daha iyi bir \u015fekilde halk\u0131m\u0131z g\u00f6r\u00fcyor, de\u011ferlendiriyor&#8221; dedi.<\/p>\n<p style=\"text-align: justify;\"><a href=\"http:\/\/www.cnnturk.com\/2011\/turkiye\/05\/21\/baykal.bu.is.hukumetin.isi\/617443.0\/index.html\" target=\"_blank\">Kaynak : CNN T\u00dcRK<\/a><\/p>\n","protected":false},"excerpt":{"rendered":"<p style=\"text-align: justify;\">\n<p style=\"text-align: justify;\">Eski CHP lideri Deniz Baykal MHP&#8217;deki kaset skandallar\u0131 ve istifalar\u0131 de\u011ferlendirdi. Baykal, &#8220;Bu i\u015f h\u00fck\u00fcmetin i\u015fi. Se\u00e7meni kaset etkilemez. Bu MHP&#8217;yi bitirme komplosudur. Ama\u00e7lar\u0131 anayasay\u0131 tek ba\u015flar\u0131na yapmak&#8221; dedi.<\/p>\n<p style=\"text-align: justify;\">Baykal, 1&#8217;inci s\u0131radan milletvekili aday\u0131 oldu\u011fu Antalya&#8217;da &#8216;Sosyete Pazar\u0131&#8217; olarak bilinen ve ba\u015fta Ruslar olmak \u00fczere Antalya&#8217;daki yabanc\u0131lar\u0131n u\u011frak <\/p>\n","protected":false},"author":1,"featured_media":0,"comment_status":"open","ping_status":"closed","sticky":false,"template":"","format":"standard","meta":{"footnotes":""},"categories":[105],"tags":[],"class_list":["post-33235","post","type-post","status-publish","format-standard","hentry","category-gundem","odd"],"_links":{"self":[{"href":"http:\/\/www.korhanyilmaz.com\/index.php?rest_route=\/wp\/v2\/posts\/33235","targetHints":{"allow":["GET"]}}],"collection":[{"href":"http:\/\/www.korhanyilmaz.com\/index.php?rest_route=\/wp\/v2\/posts"}],"about":[{"href":"http:\/\/www.korhanyilmaz.com\/index.php?rest_route=\/wp\/v2\/types\/post"}],"author":[{"embeddable":true,"href":"http:\/\/www.korhanyilmaz.com\/index.php?rest_route=\/wp\/v2\/users\/1"}],"replies":[{"embeddable":true,"href":"http:\/\/www.korhanyilmaz.com\/index.php?rest_route=%2Fwp%2Fv2%2Fcomments&post=33235"}],"version-history":[{"count":0,"href":"http:\/\/www.korhanyilmaz.com\/index.php?rest_route=\/wp\/v2\/posts\/33235\/revisions"}],"wp:attachment":[{"href":"http:\/\/www.korhanyilmaz.com\/index.php?rest_route=%2Fwp%2Fv2%2Fmedia&parent=33235"}],"wp:term":[{"taxonomy":"category","embeddable":true,"href":"http:\/\/www.korhanyilmaz.com\/index.php?rest_route=%2Fwp%2Fv2%2Fcategories&post=33235"},{"taxonomy":"post_tag","embeddable":true,"href":"http:\/\/www.korhanyilmaz.com\/index.php?rest_route=%2Fwp%2Fv2%2Ftags&post=33235"}],"curies":[{"name":"wp","href":"https:\/\/api.w.org\/{rel}","templated":true}]}}