{"id":33225,"date":"2011-05-20T21:04:08","date_gmt":"2011-05-20T18:04:08","guid":{"rendered":"http:\/\/www.korhanyilmaz.com\/?p=33225"},"modified":"2011-05-20T21:04:08","modified_gmt":"2011-05-20T18:04:08","slug":"polis-helikopteri-denize-dustu","status":"publish","type":"post","link":"http:\/\/www.korhanyilmaz.com\/?p=33225","title":{"rendered":"Polis helikopteri denize d\u00fc\u015ft\u00fc"},"content":{"rendered":"<p style=\"text-align: justify;\"><a href=\"http:\/\/www.korhanyilmaz.com\/wp-content\/uploads\/2011\/05\/275.jpg\"  class=\"lightview\"><img loading=\"lazy\" decoding=\"async\" class=\"aligncenter size-full wp-image-33226\" src=\"http:\/\/www.korhanyilmaz.com\/wp-content\/uploads\/2011\/05\/275.jpg\" alt=\"\" width=\"274\" height=\"206\" \/><\/a><\/p>\n<p style=\"text-align: justify;\">\u0130stanbul&#8217;un Beykoz il\u00e7esinde bir polis helikopteri denize d\u00fc\u015ft\u00fc. Helikopteri kullanan \u0130stanbul Emniyet M\u00fcd\u00fcr Yard\u0131mc\u0131s\u0131 Kemal \u00d6zdemir kazadan sa\u011f kurtulurken, 2&#8217;si polis 4 ki\u015fi hayat\u0131n\u0131 kaybetti.<\/p>\n<p style=\"text-align: justify;\">Anadolu Kava\u011f\u0131, Umuryeri Mevkii&#8217;nde bir helikopter denize d\u00fc\u015ft\u00fc. 5 ki\u015finin i\u00e7inde bulundu\u011fu helikopterden 1 ki\u015fi yaral\u0131 olarak kurtuldu, 4 ki\u015fiyi hayat\u0131n\u0131 kaybetti. <!--more--><\/p>\n<p style=\"text-align: justify;\">\u0130stanbul Emniyet M\u00fcd\u00fcr\u00fc H\u00fcseyin \u00c7apk\u0131n, helikopter kazas\u0131nda yaralanan polisin getirildi\u011fi Kavac\u0131k&#8217;taki \u00f6zel hastaneden ayr\u0131l\u0131rken a\u00e7\u0131klama yapt\u0131. \u00c7apk\u0131n ,&#8221;Helikopterde toplam 5 ki\u015fi vard\u0131. 4 arkada\u015f\u0131m\u0131z\u0131 kaybettik. Te\u015fkilat\u0131m\u0131z\u0131n ba\u015f\u0131 sa\u011folsun&#8221; dedi.<\/p>\n<p style=\"text-align: justify;\">MD600N tipi Emniyet Genel M\u00fcd\u00fcrl\u00fc\u011f\u00fc \u0130stanbul Havac\u0131l\u0131k \u015eube M\u00fcd\u00fcrl\u00fc\u011f\u00fc&#8217;ne ba\u011fl\u0131 polis helikopteri saat 14.30&#8217;da Atat\u00fcrk Havaliman\u0131, Genel Havac\u0131l\u0131k Terminali&#8217;nden havaland\u0131.<\/p>\n<p style=\"text-align: justify;\">\u0130stanbul \u00fczerinde u\u00e7an helikopter saat 15.30 dolay\u0131nda Beykoz a\u00e7\u0131klar\u0131nda bilinmeyen bir sebeple d\u00fc\u015ft\u00fc.<\/p>\n<p style=\"text-align: justify;\">Helikopterde, birinci pilot Havac\u0131l\u0131k \u015eube M\u00fcd\u00fcr\u00fc Kemal \u00d6zdemir, Bilgi \u0130\u015flem \u015eube M\u00fcd\u00fcr\u00fc Rag\u0131p Ali Bilgen ve o\u011flu Deniz, ikinci pilot komiser Murat G\u00fc\u00e7l\u00fc ile THY&#8217;den bir teknisyenin yolcu olarak bulundu\u011fu belirlendi. D\u00fc\u015fen helikopterden Havac\u0131l\u0131ktan sorumlu Emniyet M\u00fcd\u00fcr Yard\u0131mc\u0131s\u0131 Kemal \u00d6zdemir, yaral\u0131 kurtuldu.<\/p>\n<p style=\"text-align: justify;\"><a href=\"http:\/\/www.korhanyilmaz.com\/wp-content\/uploads\/2011\/05\/276.jpg\"  class=\"lightview\"><img loading=\"lazy\" decoding=\"async\" class=\"alignleft size-full wp-image-33227\" style=\"margin-left: 10px; margin-right: 10px;\" src=\"http:\/\/www.korhanyilmaz.com\/wp-content\/uploads\/2011\/05\/276.jpg\" alt=\"\" width=\"292\" height=\"194\" \/><\/a>Kazan\u0131n ard\u0131ndan havadan ve denizden s\u00fcrd\u00fcr\u00fclen arama \u00e7al\u0131\u015fmalar\u0131 sonucunda bulunan cesetler, deniz taksiyle \u0130stanbul Bo\u011faz Komutanl\u0131\u011f\u0131na ait limana getirildi.<\/p>\n<p style=\"text-align: justify;\">Bilgi \u0130\u015flem \u015eube M\u00fcd\u00fcr\u00fc Rag\u0131p Ali Bilgen ve 10 ya\u015f\u0131ndaki o\u011flu Deniz Bilgen, Komiser Murat G\u00fc\u00e7l\u00fc ve THY U\u00e7u\u015f Akademisi 2. pilot aday\u0131 Mehmet Oray Sar\u0131\u00e7ay&#8217;\u0131n cesetleri, ambulanslarla Pa\u015fabah\u00e7e Devlet Hastanesinin morguna kald\u0131r\u0131ld\u0131.<\/p>\n<p style=\"text-align: justify;\">Cesetlerin limana getirilmesi s\u0131ras\u0131nda \u0130stanbul Valisi H\u00fcseyin Avni Mutlu da haz\u0131r bulunurken, kazada hayat\u0131n\u0131 kaybedenlerin yak\u0131nlar\u0131 sinir krizi ge\u00e7irdi.<\/p>\n<p style=\"text-align: justify;\"><strong>Validen yaral\u0131 polise ziyaret<\/strong><\/p>\n<p style=\"text-align: justify;\">\u0130stanbul Valisi H\u00fcseyin Avni Mutlu, helikopter kazas\u0131ndan yaral\u0131 olarak kurtulan \u0130stanbul Emniyet M\u00fcd\u00fcr Yard\u0131mc\u0131s\u0131 Kemal \u00d6zdemir&#8217;i, tedavi g\u00f6rd\u00fc\u011f\u00fc Kavac\u0131k Medistate Hastanesinde ziyaret etti.<\/p>\n<p style=\"text-align: justify;\">Ziyaretin ard\u0131ndan gazetecilere a\u00e7\u0131klama yapan Mutlu, \u00d6zdemir&#8217;in a\u011f\u0131r yaral\u0131 olmad\u0131\u011f\u0131n\u0131, omurili\u011finde zedelenme ve topu\u011funda \u00e7atlak bulundu\u011funu, ancak durumun \u00f6nemli olmad\u0131\u011f\u0131n\u0131n ifade edildi\u011fini s\u00f6yledi.<\/p>\n<p style=\"text-align: justify;\">Helikopterin, \u0130stanbul Bo\u011faz\u0131 \u00fczerinde k\u0131y\u0131ya 150 metre mesafede d\u00fc\u015ft\u00fc\u011f\u00fcn\u00fc belirten Mutlu, helikopterden \u00e7\u0131kmay\u0131 ba\u015faramayan 4 ki\u015finin aranmas\u0131na Sahil G\u00fcvenlik Komutanl\u0131\u011f\u0131, K\u0131y\u0131 Emniyeti Genel M\u00fcd\u00fcrl\u00fc\u011f\u00fc ve Deniz Polisince devam edildi\u011fini s\u00f6yledi.<\/p>\n<p style=\"text-align: justify;\">Vali Mutlu, sonar cihazlar\u0131n\u0131n yan\u0131 s\u0131ra bu imkanlara sahip ara\u00e7lar\u0131n b\u00f6lgeye sevk edildi\u011fini kaydederek, kazayla ilgili bulunan her t\u00fcrl\u00fc emarenin an\u0131nda de\u011ferlendirildi\u011fini aktard\u0131.<\/p>\n<p style=\"text-align: justify;\">Helikopter bulunup \u00e7\u0131kar\u0131ld\u0131ktan sonra yap\u0131lacak incelemelerin ard\u0131ndan kazan\u0131n nedeni hakk\u0131nda bir \u015fey s\u00f6ylenebilece\u011fini ifade eden Mutlu, &#8220;\u00d6yle de\u011ferlendiriyoruz ki, bir teknik ar\u0131za olma ihtimali m\u00fcmk\u00fcn. Tecr\u00fcbeli bir pilot emniyet m\u00fcd\u00fcr yard\u0131mc\u0131s\u0131. Ancak d\u00fc\u015fme nedeniyle ilgili de\u011ferlendirmeyi, helikopteri bulduktan sonra ger\u00e7ekle\u015ftirilecek ara\u015ft\u0131rma ve incelemeler sonucunda yapmam\u0131z m\u00fcmk\u00fcn olabilecektir&#8221; diye konu\u015ftu.<\/p>\n<p style=\"text-align: justify;\">Vali Mutlu, yaral\u0131 \u00d6zdemir&#8217;in sa\u011fl\u0131k durumu hakk\u0131ndaki soruyu da \u015f\u00f6yle yan\u0131tlad\u0131:. &#8220;Hi\u00e7bir hayati riski yok. Kendisiyle rahatl\u0131kla g\u00f6r\u00fc\u015f\u00fclebiliyor. \u015euuru a\u00e7\u0131k, hi\u00e7bir sorunu yok. Sadece, daha \u00f6nce ifade etti\u011fim gibi omurilikte bir zedelenme olmas\u0131ndan dolay\u0131 belki doktorlar de\u011ferlendirecek. Kons\u00fcltasyon, operasyon ihtiyac\u0131 olabilir. Ama \u00f6nemli bir sa\u011fl\u0131k problemi yok. Kendisi \u00e7ok tecr\u00fcbeli birisi. D\u00fc\u015ft\u00fckten sonra suyun i\u00e7erisinden d\u0131\u015far\u0131 \u00e7\u0131kmay\u0131 ba\u015farabilmi\u015f. \u0130yi bir y\u00fcz\u00fcc\u00fc ayn\u0131 zamanda, y\u00fczerek \u00e7\u0131km\u0131\u015f. Dolay\u0131s\u0131yla yetenekleri, bu konudaki tecr\u00fcbeleri kurtulmas\u0131na vesile olmu\u015f. Bunu anl\u0131yoruz.&#8221;<\/p>\n<p style=\"text-align: justify;\"><strong>Saniyeler i\u00e7inde suya g\u00f6m\u00fcld\u00fc<\/strong><\/p>\n<p style=\"text-align: justify;\">Anadolu Kava\u011f\u0131 a\u00e7\u0131klar\u0131nda polis helikopterinin denize d\u00fc\u015fme an\u0131n\u0131 g\u00f6ren g\u00f6rg\u00fc tan\u0131klar\u0131, helikopterin saniyeler i\u00e7inde suya g\u00f6m\u00fcld\u00fc\u011f\u00fcn\u00fc s\u00f6yledi.<\/p>\n<p style=\"text-align: justify;\">Olay\u0131n bire bir g\u00f6rg\u00fc tan\u0131\u011f\u0131 olan Barbaros Demirci, saat 16.32 s\u0131ralar\u0131nda helikopterin yava\u015f\u00e7a s\u00fcz\u00fclerek geldi\u011fini belirterek, o anlar\u0131 \u015f\u00f6yle anlatt\u0131: &#8220;Helikopter yava\u015f\u00e7a s\u00fcz\u00fclerek geldi, motoru durdu ve saniyeler i\u00e7inde suya g\u00f6m\u00fcld\u00fc. Hemen yard\u0131ma ko\u015ftuk. 155&#8217;i arad\u0131m. \u0130tfaiye ve ambulans ekiplerini y\u00f6nlendirdiler. 1 ki\u015finin denizden \u00e7\u0131kt\u0131\u011f\u0131n\u0131 g\u00f6rd\u00fck. O ara askeri bot gidip yaral\u0131y\u0131 karaya \u00e7\u0131kard\u0131. Yaral\u0131, belinden darbe ald\u0131\u011f\u0131n\u0131 s\u00f6yl\u00fcyordu. Revire g\u00f6t\u00fcrd\u00fcler.&#8221;<\/p>\n<p style=\"text-align: justify;\"><strong>Helikopter 100 metre dipte<\/strong><\/p>\n<p style=\"text-align: justify;\">Bu arada, helikopterin d\u00fc\u015f\u00fc\u015f nedeniyle ilgili olarak ara\u015ft\u0131rma ba\u015flat\u0131l\u0131rken enkaz\u0131n 100 metre derinlikte oldu\u011fu tespit edildi.<\/p>\n<p style=\"text-align: justify;\">Kaza \u00f6ncesinde helikopterin 1. Pilotu olan \u0130stanbul Havac\u0131l\u0131k \u015eube M\u00fcd\u00fcr\u00fc Kemal \u00d6zdemir&#8217;in herhangi bir acil durum \u00e7a\u011fr\u0131s\u0131 yapmad\u0131\u011f\u0131 \u00f6\u011frenildi.<\/p>\n<p style=\"text-align: justify;\"><strong>U\u00e7u\u015f emniyeti ihlal mi edildi?<\/strong><\/p>\n<p style=\"text-align: justify;\">Uzmanlar, Bilgi \u0130\u015flem \u015eube M\u00fcd\u00fcr\u00fc Rag\u0131p Ali Bilgin&#8217;in o\u011flu Deniz ile bir THY teknisyenin g\u00f6revli olmadan bu helikopterde u\u00e7mas\u0131 ile u\u00e7u\u015f emniyetinin ihlal edildi\u011fine dikkat \u00e7ekti.<\/p>\n<p style=\"text-align: justify;\">MD600N tipi helikopterin kuyruk rotoru yani pervanesi olmad\u0131\u011f\u0131n\u0131 belirten uzmanlar, &#8220;Helikopter havada d\u00f6n\u00fc\u015f\u00fcn\u00fc NOTAR olarak adland\u0131r\u0131lan ve hava \u00fcflemesi ile \u00e7al\u0131\u015fan sistemle sa\u011fl\u0131yor. Ancak helikopterin tasar\u0131m\u0131 gere\u011fi, sa\u011fa ani d\u00f6n\u00fc\u015flerde kumanda kayb\u0131 olu\u015fuyor. Helikopter viril olarak adland\u0131r\u0131lan anormal duruma girebiliyor. U\u00e7u\u015fu yapan Pilot Kemal \u00d6zdemir, ani kumanda vermesi ile helikopter anormal duruma girmi\u015f olabilir. Kazan\u0131n nedeni yap\u0131lacak incelemeler ve kaza raporuyla ortaya \u00e7\u0131kacak&#8221; diye konu\u015ftu.<\/p>\n<p style=\"text-align: justify;\"><a href=\"http:\/\/www.cnnturk.com\/2011\/turkiye\/05\/20\/polis.helikopteri.denize.dustu\/617402.0\/index.html\" target=\"_blank\">Kaynak : CNN T\u00dcRK<\/a><\/p>\n","protected":false},"excerpt":{"rendered":"<p style=\"text-align: justify;\">\n<p style=\"text-align: justify;\">\u0130stanbul&#8217;un Beykoz il\u00e7esinde bir polis helikopteri denize d\u00fc\u015ft\u00fc. Helikopteri kullanan \u0130stanbul Emniyet M\u00fcd\u00fcr Yard\u0131mc\u0131s\u0131 Kemal \u00d6zdemir kazadan sa\u011f kurtulurken, 2&#8217;si polis 4 ki\u015fi hayat\u0131n\u0131 kaybetti.<\/p>\n<p style=\"text-align: justify;\">Anadolu Kava\u011f\u0131, Umuryeri Mevkii&#8217;nde bir helikopter denize d\u00fc\u015ft\u00fc. 5 ki\u015finin i\u00e7inde bulundu\u011fu helikopterden 1 ki\u015fi yaral\u0131 olarak kurtuldu, 4 ki\u015fiyi hayat\u0131n\u0131 kaybetti. <\/p>\n","protected":false},"author":1,"featured_media":0,"comment_status":"open","ping_status":"closed","sticky":false,"template":"","format":"standard","meta":{"footnotes":""},"categories":[105],"tags":[],"class_list":["post-33225","post","type-post","status-publish","format-standard","hentry","category-gundem","odd"],"_links":{"self":[{"href":"http:\/\/www.korhanyilmaz.com\/index.php?rest_route=\/wp\/v2\/posts\/33225","targetHints":{"allow":["GET"]}}],"collection":[{"href":"http:\/\/www.korhanyilmaz.com\/index.php?rest_route=\/wp\/v2\/posts"}],"about":[{"href":"http:\/\/www.korhanyilmaz.com\/index.php?rest_route=\/wp\/v2\/types\/post"}],"author":[{"embeddable":true,"href":"http:\/\/www.korhanyilmaz.com\/index.php?rest_route=\/wp\/v2\/users\/1"}],"replies":[{"embeddable":true,"href":"http:\/\/www.korhanyilmaz.com\/index.php?rest_route=%2Fwp%2Fv2%2Fcomments&post=33225"}],"version-history":[{"count":0,"href":"http:\/\/www.korhanyilmaz.com\/index.php?rest_route=\/wp\/v2\/posts\/33225\/revisions"}],"wp:attachment":[{"href":"http:\/\/www.korhanyilmaz.com\/index.php?rest_route=%2Fwp%2Fv2%2Fmedia&parent=33225"}],"wp:term":[{"taxonomy":"category","embeddable":true,"href":"http:\/\/www.korhanyilmaz.com\/index.php?rest_route=%2Fwp%2Fv2%2Fcategories&post=33225"},{"taxonomy":"post_tag","embeddable":true,"href":"http:\/\/www.korhanyilmaz.com\/index.php?rest_route=%2Fwp%2Fv2%2Ftags&post=33225"}],"curies":[{"name":"wp","href":"https:\/\/api.w.org\/{rel}","templated":true}]}}