{"id":33221,"date":"2011-05-21T12:45:51","date_gmt":"2011-05-21T09:45:51","guid":{"rendered":"http:\/\/www.korhanyilmaz.com\/?p=33221"},"modified":"2011-05-21T12:45:51","modified_gmt":"2011-05-21T09:45:51","slug":"mhpde-kaset-istifalari","status":"publish","type":"post","link":"http:\/\/www.korhanyilmaz.com\/?p=33221","title":{"rendered":"MHP&#8217;de kaset istifalar\u0131"},"content":{"rendered":"<p style=\"text-align: justify;\"><a href=\"http:\/\/www.korhanyilmaz.com\/wp-content\/uploads\/2011\/05\/273.jpg\"  class=\"lightview\"><img loading=\"lazy\" decoding=\"async\" class=\"aligncenter size-full wp-image-33213\" src=\"http:\/\/www.korhanyilmaz.com\/wp-content\/uploads\/2011\/05\/273.jpg\" alt=\"\" width=\"362\" height=\"192\" \/><\/a><\/p>\n<p style=\"text-align: justify;\">&#8216;Farkl\u0131 \u00dclk\u00fcc\u00fcler&#8217; internet sitesinin &#8221;MHP Genel Ba\u015fkan Yard\u0131mc\u0131s\u0131 Mehmet Ekici&#8217;ye ait g\u00f6r\u00fcnt\u00fcleri yay\u0131nlamas\u0131 ve s\u0131radaki ismin Osman \u00c7ak\u0131r oldu\u011fu&#8221;nu duyurmas\u0131n\u0131n ard\u0131ndan MHP&#8217;den 5 istifa geldi. MHP Genel Ba\u015fkan Yard\u0131mc\u0131lar\u0131 Osman \u00c7ak\u0131r, \u00dcmit \u015eafak, Mehmet Ekici Genel Sekreter Cihan Pa\u00e7ac\u0131 ve Mehmet Taytak istifa etti. <!--more--><\/p>\n<p style=\"text-align: justify;\">&#8216;Farkl\u0131 \u00dclk\u00fcc\u00fcler&#8217; internet sitesinin &#8220;MHP Genel Ba\u015fkan Yard\u0131mc\u0131s\u0131 Mehmet Ekici&#8217;ye ait g\u00f6r\u00fcnt\u00fcleri yay\u0131nlamas\u0131 ve s\u0131radaki ismin Osman \u00c7ak\u0131r oldu\u011fu&#8221;nu duyurmas\u0131n\u0131n ard\u0131ndan ilk istifa geldi. MHP Genel Ba\u015fkan Yard\u0131mc\u0131s\u0131 Osman \u00c7ak\u0131r, hem g\u00f6revinden hem de milletvekili adayl\u0131\u011f\u0131ndan \u00e7ekildi.<\/p>\n<p style=\"text-align: justify;\">MHP Genel Ba\u015fkan Yard\u0131mc\u0131s\u0131 Mehmet Ekici&#8217;ye ait g\u00f6r\u00fcnt\u00fcleri yay\u0131nlayan &#8216;farkl\u0131\u00fclk\u00fcc\u00fcler&#8217; internet sitesinin MHP Genel Ba\u015fkan Yard\u0131mc\u0131s\u0131 ve Samsun milletvekili aday\u0131 Prof.Dr.Osman \u00c7ak\u0131r&#8217;a ait g\u00f6r\u00fcnt\u00fclerin de yay\u0131nlanaca\u011f\u0131n\u0131 a\u00e7\u0131klamas\u0131n\u0131n ard\u0131ndan Prof. Dr. \u00c7ak\u0131r yapt\u0131\u011f\u0131 yaz\u0131l\u0131 a\u00e7\u0131klamayla Genel Ba\u015fkan Yard\u0131mc\u0131l\u0131\u011f\u0131 ve milletvekilli\u011fi adayl\u0131\u011f\u0131ndan istifa etti\u011fini a\u00e7\u0131klad\u0131. DHA muhabirinin telefonla ula\u015ft\u0131\u011f\u0131 Prof. Dr. \u00c7ak\u0131r, istifas\u0131n\u0131n kaset iddialar\u0131yla ilgisi olup olmad\u0131\u011f\u0131 sorusuna &#8220;Ailevi durumlardan, i\u00e7inde bulundu\u011fum \u015fartlar, psikolojik \u015fartlar b\u00f6yle bir karar vermemi gerektirdi. Kendi karar\u0131m. Zaten daha \u00f6nce bu karar\u0131m\u0131 iki g\u00fcn \u00f6nce vermi\u015ftim, g\u00f6ndermi\u015ftim ama kabul edilmemi\u015fti. \u015eimdi tek tarafl\u0131 olarak yapt\u0131m&#8221; dedi.<\/p>\n<p style=\"text-align: justify;\">Prof.Dr.Osman \u00c7ak\u0131r, Samsun milletvekili adayl\u0131\u011f\u0131 ve genel ba\u015fkan yard\u0131mc\u0131l\u0131\u011f\u0131n\u0131n yan\u0131s\u0131ra parti \u00fcyeli\u011finden de istifa etti.<\/p>\n<p style=\"text-align: justify;\">Osman \u00c7ak\u0131r 18 May\u0131s&#8217;ta yapt\u0131\u011f\u0131 a\u00e7\u0131klamada, hakk\u0131ndaki iddialar\u0131n, &#8220;iftira&#8221; oldu\u011funu belirterek, &#8220;MHP&#8217;ye zarar vermek i\u00e7in bunlar g\u00fcndeme getiriliyor&#8221; demi\u015fti.<\/p>\n<p style=\"text-align: justify;\"><strong>\u00c7ak\u0131r&#8217;dan sonra Mehmet Ekici de istifa etti<\/strong><\/p>\n<p style=\"text-align: justify;\">MHP&#8217;deki kaset depreminde istifalar pe\u015f pe\u015fe gelmeye ba\u015flad\u0131.<\/p>\n<p style=\"text-align: justify;\">MHP Genel Ba\u015fkan Yard\u0131mc\u0131s\u0131 Mehmet Ekici de, partideki g\u00f6revlerinden, parti \u00fcyeli\u011finden ve Yozgat milletvekili adayl\u0131\u011f\u0131ndan istifa etti\u011fini a\u00e7\u0131klad\u0131.<\/p>\n<p style=\"text-align: justify;\">Ekici, yapt\u0131\u011f\u0131 yaz\u0131l\u0131 a\u00e7\u0131klamada, &#8220;Milliyet\u00e7i Hareket Partisi Genel Ba\u015fkan Yard\u0131mc\u0131l\u0131\u011f\u0131, Merkez Y\u00f6netim Kurulu \u00dcyeli\u011fi g\u00f6revlerinden ve Parti \u00fcyeli\u011finden, Yozgat Milletvekili Adayl\u0131\u011f\u0131ndan istifa ediyorum. Milletimden \u00f6z\u00fcr diliyorum. Sava\u015f\u0131m \u015fimdi ba\u015flad\u0131&#8221; ifadelerini kulland\u0131.<\/p>\n<p style=\"text-align: justify;\"><strong>Bir istifa daha: Cihan Pa\u00e7ac\u0131<\/strong><\/p>\n<p style=\"text-align: justify;\">&#8216;Farkl\u0131 \u00dclk\u00fcc\u00fcler&#8217; internet sitesinin hedefindeki Cihan Pa\u00e7ac\u0131&#8217;n\u0131n da istifa karar\u0131 ald\u0131\u011f\u0131 \u00f6\u011frenildi.<\/p>\n<p style=\"text-align: justify;\">Pa\u00e7ac\u0131, yapt\u0131\u011f\u0131 yaz\u0131l\u0131 a\u00e7\u0131klamada, &#8220;MHP Genel Sekreterli\u011fi, Merkez Y\u00f6netim Kurulu \u00dcyeli\u011fi g\u00f6revlerinden ve Parti \u00fcyeli\u011finden, Ankara Milletvekili adayl\u0131\u011f\u0131ndan istifa ediyorum&#8221; ifadelerini kulland\u0131.<\/p>\n<p style=\"text-align: justify;\"><strong>Bah\u00e7eli &#8216;gereken yap\u0131l\u0131r&#8217; demi\u015fti<\/strong><\/p>\n<p style=\"text-align: justify;\">D\u00fcn ak\u015fam CNN T\u00dcRK&#8217;teki Liderler Zirvesi&#8217;ne konu\u015fan MHP lideri Devlet Bah\u00e7eli, &#8220;yeni g\u00f6r\u00fcnt\u00fcler \u00e7\u0131kmas\u0131 halinde gereken yap\u0131l\u0131r&#8221; demi\u015fti.<\/p>\n<p style=\"text-align: justify;\"><a href=\"http:\/\/www.cnnturk.com\/2011\/turkiye\/05\/21\/mhpde.kaset.istifalari\/617430.0\/index.html\" target=\"_blank\">Kaynak : CNN T\u00dcRK<\/a><\/p>\n","protected":false},"excerpt":{"rendered":"<p style=\"text-align: justify;\">\n<p style=\"text-align: justify;\">&#8216;Farkl\u0131 \u00dclk\u00fcc\u00fcler&#8217; internet sitesinin &#8221;MHP Genel Ba\u015fkan Yard\u0131mc\u0131s\u0131 Mehmet Ekici&#8217;ye ait g\u00f6r\u00fcnt\u00fcleri yay\u0131nlamas\u0131 ve s\u0131radaki ismin Osman \u00c7ak\u0131r oldu\u011fu&#8221;nu duyurmas\u0131n\u0131n ard\u0131ndan MHP&#8217;den 5 istifa geldi. MHP Genel Ba\u015fkan Yard\u0131mc\u0131lar\u0131 Osman \u00c7ak\u0131r, \u00dcmit \u015eafak, Mehmet Ekici Genel Sekreter Cihan Pa\u00e7ac\u0131 ve Mehmet Taytak istifa etti. <\/p>\n","protected":false},"author":1,"featured_media":0,"comment_status":"open","ping_status":"closed","sticky":false,"template":"","format":"standard","meta":{"footnotes":""},"categories":[105],"tags":[],"class_list":["post-33221","post","type-post","status-publish","format-standard","hentry","category-gundem","odd"],"_links":{"self":[{"href":"http:\/\/www.korhanyilmaz.com\/index.php?rest_route=\/wp\/v2\/posts\/33221","targetHints":{"allow":["GET"]}}],"collection":[{"href":"http:\/\/www.korhanyilmaz.com\/index.php?rest_route=\/wp\/v2\/posts"}],"about":[{"href":"http:\/\/www.korhanyilmaz.com\/index.php?rest_route=\/wp\/v2\/types\/post"}],"author":[{"embeddable":true,"href":"http:\/\/www.korhanyilmaz.com\/index.php?rest_route=\/wp\/v2\/users\/1"}],"replies":[{"embeddable":true,"href":"http:\/\/www.korhanyilmaz.com\/index.php?rest_route=%2Fwp%2Fv2%2Fcomments&post=33221"}],"version-history":[{"count":0,"href":"http:\/\/www.korhanyilmaz.com\/index.php?rest_route=\/wp\/v2\/posts\/33221\/revisions"}],"wp:attachment":[{"href":"http:\/\/www.korhanyilmaz.com\/index.php?rest_route=%2Fwp%2Fv2%2Fmedia&parent=33221"}],"wp:term":[{"taxonomy":"category","embeddable":true,"href":"http:\/\/www.korhanyilmaz.com\/index.php?rest_route=%2Fwp%2Fv2%2Fcategories&post=33221"},{"taxonomy":"post_tag","embeddable":true,"href":"http:\/\/www.korhanyilmaz.com\/index.php?rest_route=%2Fwp%2Fv2%2Ftags&post=33221"}],"curies":[{"name":"wp","href":"https:\/\/api.w.org\/{rel}","templated":true}]}}