{"id":33212,"date":"2011-05-20T17:59:23","date_gmt":"2011-05-20T14:59:23","guid":{"rendered":"http:\/\/www.korhanyilmaz.com\/?p=33212"},"modified":"2011-05-20T17:59:23","modified_gmt":"2011-05-20T14:59:23","slug":"sehven-magduru-serbest","status":"publish","type":"post","link":"http:\/\/www.korhanyilmaz.com\/?p=33212","title":{"rendered":"Sehven Ma\u011fduru Serbest"},"content":{"rendered":"<p style=\"text-align: justify;\"><a href=\"http:\/\/www.korhanyilmaz.com\/wp-content\/uploads\/2011\/05\/274.jpg\"  class=\"lightview\"><img loading=\"lazy\" decoding=\"async\" class=\"aligncenter size-full wp-image-33215\" src=\"http:\/\/www.korhanyilmaz.com\/wp-content\/uploads\/2011\/05\/274.jpg\" alt=\"\" width=\"393\" height=\"174\" \/><\/a><\/p>\n<p style=\"text-align: justify;\">\u0130kinci &#8221;Ergenekon&#8221; davas\u0131n\u0131n tutuklu san\u0131\u011f\u0131 Mustafa Balbay, &#8220;Ba\u015fbakan &#8216;Silivri Kandil hatt\u0131n\u0131 \u00e7\u00f6kertece\u011fim&#8217; dedi\u011finde hi\u00e7 vicdan\u0131n\u0131z s\u0131zlam\u0131yor mu? Bizi ne yapacaks\u0131n\u0131z. Tutukluyuz, tutuklayacak m\u0131s\u0131n\u0131z? Ba\u015fbakan se\u00e7im s\u00fcrecini bizim \u00fczerimize kurdu. L\u00fctfen i\u00e7imizdeki iktidar mahkemesinde, yarg\u0131lanan muhalifler duygusunu peki\u015ftirmeyin&#8221; dedi. <!--more--><\/p>\n<p style=\"text-align: justify;\">\u00d6te yandan tutuklu san\u0131klar\u0131ndan Te\u011fmen Mehmet Ali \u00c7elebi&#8217;nin tahliyesine karar verildi. G\u00f6zalt\u0131ndayken telefon rehberine sehven ekleme yap\u0131lm\u0131\u015ft\u0131.<\/p>\n<p style=\"text-align: justify;\">\u0130STANBUL &#8211; \u0130stanbul 13. A\u011f\u0131r Ceza Mahkemesince Silivri Ceza ve \u0130nfaz Kurumlar\u0131 Yerle\u015fkesi&#8217;ndeki salonda yap\u0131lan duru\u015fmada s\u00f6z alan, y\u00fcr\u00fct\u00fclen bir soru\u015fturma kapsam\u0131nda tutuklu bulunan bu davan\u0131n tutuksuz san\u0131\u011f\u0131 Yal\u00e7\u0131n K\u00fc\u00e7\u00fck, d\u00fcnya ceza muhakemeleri tarihinde yalanc\u0131 ve bilinmeyen tan\u0131klar\u0131n ilk kez engizisyon mahkemelerinde dinlendi\u011fini ifade ederek, &#8221;Yani san\u0131klar\u0131n bilmedi\u011fi, tan\u0131mad\u0131\u011f\u0131 ve kabul etmedi\u011fi tan\u0131klar. Biz yalanc\u0131 tan\u0131k demeyelim, gizli tan\u0131k diyelim. Engizisyon mahkemeleri de o \u00e7a\u011f\u0131n \u00f6zel yetkili mahkemeleriydi&#8221; dedi.<\/p>\n<p style=\"text-align: justify;\">\u0130spanyol engizisyonundan da bahseden K\u00fc\u00e7\u00fck, &#8221;Bir kad\u0131n\u0131, yukar\u0131da kasna\u011fa ba\u011fl\u0131yorlarm\u0131\u015f. Kad\u0131n Hristiyan, ama onu Yahudi oldu\u011funu s\u00f6ylemesi i\u00e7in zorluyorlarm\u0131\u015f. Bir s\u00fcre sonra kad\u0131n ac\u0131 i\u00e7inde &#8216;Tamam ne derseniz ben yapt\u0131m. Dedi\u011finiz gibi ben Yahudi oldum&#8217; diye ba\u011f\u0131rm\u0131\u015f. Nas\u0131l Yahudi oldu\u011funu sorduklar\u0131nda da &#8216;S\u00f6yleyin, nas\u0131l isterseniz \u00f6yle Yahudi oldum&#8217; diye su\u00e7lamalar\u0131 kabul etmek zorunda kalm\u0131\u015f&#8221; ifadesini kulland\u0131.<\/p>\n<p style=\"text-align: justify;\">Tutuklu san\u0131klardan Tuncay \u00d6zkan&#8217;a hitaben konu\u015fan Yal\u00e7\u0131n K\u00fc\u00e7\u00fck, &#8221;Tuncay, ne zaman bu bahsetti\u011fim kad\u0131n akl\u0131ma gelse seni hat\u0131rl\u0131yorum. Sen de onun gibi ba\u011f\u0131r\u0131yorsun ya, &#8216;Su\u00e7um nedir? Bana su\u00e7umu s\u00f6yleyin&#8217; diye ba\u011f\u0131r\u0131\u015f\u0131n akl\u0131ma geliyor&#8221; dedi.<\/p>\n<p style=\"text-align: justify;\">&#8221;Engin Alan Pa\u015fa&#8217;y\u0131 ben milletvekili aday\u0131 \u00e7\u0131kard\u0131m&#8221; diyen K\u00fc\u00e7\u00fck, &#8221;E\u011fer tutuklanmasam Hasan Atilla U\u011fur ile Tuncay \u00d6zkan&#8217;\u0131 da \u00e7ok sa\u011flam yerlerden milletvekili aday\u0131 \u00e7\u0131karacakt\u0131m&#8221; \u015feklinde konu\u015ftu. Tutuklu san\u0131k eski \u0130n\u00f6n\u00fc \u00dcniversitesi Rekt\u00f6r\u00fc Prof. Dr. Fatih Hilmio\u011flu, 25 ayd\u0131r tutuklu bulundu\u011funu, su\u00e7unu 4 ay sonra \u00e7\u0131kan iddianameden \u00f6\u011frendi\u011fini belirterek, &#8221;Ben hukuk\u00e7u de\u011filim, savunmalar\u0131m\u0131 ak\u0131l ve mant\u0131k do\u011frultusunda yap\u0131yorum&#8221; dedi.<\/p>\n<p style=\"text-align: justify;\">San\u0131k Hilmio\u011flu, varl\u0131\u011f\u0131 bile hen\u00fcz belli olmayan &#8221;Ergenekon&#8221; ter\u00f6r \u00f6rg\u00fct\u00fcne \u00fcye olmakla su\u00e7land\u0131\u011f\u0131n\u0131 ifade ederek, &#8221;Bu ak\u0131l ve mant\u0131kla nas\u0131l izah edilebilir? Kald\u0131 ki var oldu\u011fu iddia edilen \u00f6rg\u00fct\u00fcn y\u00f6neticileri tutuksuz yarg\u0131lan\u0131rken, s\u00f6z konusu \u00f6rg\u00fcte \u00fcye oldu\u011fum iddias\u0131yla 25 ayd\u0131r tutuklu bulunuyorum&#8221; dedi.<\/p>\n<p style=\"text-align: justify;\"><strong>&#8220;BEKLENT\u0130M YOK, MURADIMIN PE\u015e\u0130NDEY\u0130M&#8221;<\/strong><\/p>\n<p style=\"text-align: justify;\">Tutuklu san\u0131k gazeteci Tuncay \u00d6zkan, bu davan\u0131n art\u0131k bitti\u011fini ve sonucunun da de\u011fi\u015fmeyece\u011fini \u00f6ne s\u00fcrerek, &#8221;Burada ger\u00e7ekle ilgili art\u0131k bir beklentim yok, ben murad\u0131m\u0131n pe\u015findeyim&#8221; dedi.<\/p>\n<p style=\"text-align: justify;\">Bertolt Brecht&#8217;in &#8216;Halk\u0131n Ekme\u011fi&#8217; isimli \u015fiirini okuyan Tuncay \u00d6zkan, &#8221;Halk\u0131n ekme\u011fidir adalet. Benim karn\u0131m a\u00e7, ekmek istiyorum. Ancak iyi pi\u015fmi\u015f ekmek istiyorum&#8221; dedi.<\/p>\n<p style=\"text-align: justify;\">\u00d6zkan, &#8221;Se\u00e7im \u00e7al\u0131\u015fmalar\u0131na kat\u0131lmak arzusunday\u0131m. Se\u00e7im \u00e7evremde kendim \u00e7al\u0131\u015fmak istiyorum. Mahkemeden anayasal ve yasal haklar\u0131ma uygun olarak adli kontrol alt\u0131nda \u00f6rne\u011fin, \u0130stanbul il s\u0131n\u0131rlar\u0131 d\u0131\u015f\u0131na \u00e7\u0131kmamak ve ilgili karakola imza vermek ko\u015fuluyla tahliyemi istiyorum&#8221; diye konu\u015ftu.<\/p>\n<p style=\"text-align: justify;\"><strong>&#8220;SU\u00c7UM ATAT\u00dcRK\u00c7\u00dc OLMAK&#8221;<\/strong><\/p>\n<p style=\"text-align: justify;\">Emekli y\u00fczba\u015f\u0131 tutuklu san\u0131k Hasan Ataman Y\u0131ld\u0131r\u0131m, su\u00e7unun &#8216;Atat\u00fcrk\u00e7\u00fc olmak&#8217; oldu\u011funu belirterek, &#8221;PKK&#8217;n\u0131n Ergenekon \u00f6rg\u00fct\u00fc taraf\u0131ndan kuruldu\u011fu iddia ediliyor. Hatay&#8217;da \u00f6ld\u00fcr\u00fclen PKK&#8217;l\u0131lar\u0131n elinde Amerikan silahlar\u0131 ele ge\u00e7irilmi\u015ftir. PKK&#8217;n\u0131n Amerika&#8217;dan destek ald\u0131\u011f\u0131 ortadad\u0131r. Art\u0131k bu dava \u00e7\u00f6km\u00fc\u015ft\u00fcr. Nesi g\u00f6r\u00fcl\u00fcyor bu davan\u0131n art\u0131k anlam\u0131yorum&#8221; dedi.<\/p>\n<p style=\"text-align: justify;\">&#8221;Ergenekon&#8221; davas\u0131n\u0131n i\u00e7inden \u00e7\u0131k\u0131lamayacak \u015fekilde b\u00fcy\u00fcd\u00fc\u011f\u00fcn\u00fc anlatan Y\u0131ld\u0131r\u0131m, &#8221;Yarg\u0131tay\u0131 da son atamayla ele ge\u00e7irdiler. Sonsuza kadar cezaevinden \u00e7\u0131kamayaca\u011f\u0131z. Ben cezaevinden afla da \u00e7\u0131kmak istemiyorum. Beraat edip \u00e7\u0131kmak istiyorum&#8221; \u015feklinde konu\u015ftu.<\/p>\n<p style=\"text-align: justify;\">&#8221;K\u0131rk Sat\u0131r K\u0131rk Kat\u0131r&#8221; isimli kitapta aleyhinde yaz\u0131 yazd\u0131klar\u0131 i\u00e7in gazeteciler Ahmet \u015e\u0131k ve Ertu\u011frul Mavio\u011flu&#8217;ndan \u015fikayet\u00e7i oldu\u011funu anlatan Y\u0131ld\u0131r\u0131m, &#8221;\u015e\u0131k ve Mavio\u011flu ge\u00e7en hafta g\u00f6r\u00fclen karar duru\u015fmas\u0131nda beraat etti. \u0130mam\u0131n ordusuna laf etti diye \u015e\u0131k&#8217;\u0131 i\u00e7eri ald\u0131lar. Bu da davan\u0131n sahte oldu\u011funu g\u00f6steriyor&#8221; dedi.<\/p>\n<p style=\"text-align: justify;\">Tahliyesini isteyen Y\u0131ld\u0131r\u0131m, tahliyemin reddedilmesi halinde ise neden reddedildi\u011finin gerek\u00e7esiyle taraf\u0131na a\u00e7\u0131klamas\u0131n\u0131 talep etti.<\/p>\n<p style=\"text-align: justify;\"><strong>&#8220;BU \u0130DD\u0130ANAME B\u0130R \u0130\u015eKENCENAMED\u0130R&#8221;<\/strong><\/p>\n<p style=\"text-align: justify;\">Duru\u015fmada s\u00f6z alan tutuklu san\u0131k gazeteci Mustafa Balbay, &#8221;Bu iddianame bir i\u015fkencenamedir. \u0130\u015fkence nedir, san\u0131k su\u00e7u kabul etmez. Sonunda bask\u0131yla su\u00e7u i\u015fledi\u011fi kabul ettirilir. \u0130ddianamede &#8216;Sen bu su\u00e7u i\u015fledin, anlat&#8217; deniyor. Hayatta birbirleriyle hi\u00e7bir ilgileri olmayan insanlar burada bir araya getirildi. \u0130nsanlar hem kendi su\u00e7suzlu\u011funu anlatmaya \u00e7al\u0131\u015f\u0131rken hem de di\u011ferinin su\u00e7suzlu\u011funun ortaya \u00e7\u0131kmas\u0131n\u0131 bekliyor. \u00c7\u00fcnk\u00fc birbirlerine ba\u011flanm\u0131\u015flar&#8221; dedi.<\/p>\n<p style=\"text-align: justify;\">Ba\u015fbakan Recep Tayyip Erdo\u011fan&#8217;\u0131n, &#8221;Balyoz&#8221; davas\u0131n\u0131n tutuklu san\u0131\u011f\u0131 emekli Korgeneral MHP \u0130stanbul 1. B\u00f6lge milletvekili aday\u0131 Engin Alan hakk\u0131ndaki &#8221;O korgeneral aya\u011fa kalkmad\u0131, gidece\u011fi yeri buldu&#8221; s\u00f6zlerini hat\u0131rlatan Balbay, bu yakla\u015f\u0131m\u0131n benzeri ile Cumhuriyet gazetesi yazarlar\u0131n\u0131n da kar\u015f\u0131la\u015ft\u0131\u011f\u0131n\u0131 \u00f6ne s\u00fcrd\u00fc.<\/p>\n<p style=\"text-align: justify;\">Orta\u00e7a\u011f&#8217;daki mahkemelerde san\u0131klar\u0131n &#8221;Son zamanlarda meydana gelen k\u00f6t\u00fcl\u00fckleri yapan olarak su\u00e7land\u0131klar\u0131n\u0131&#8221; ifade eden Balbay \u015f\u00f6yle konu\u015ftu:<\/p>\n<p style=\"text-align: justify;\">&#8221;Bizi b\u00f6yle yarg\u0131l\u0131yorsunuz. Sorumlu\u011fu sadece yarg\u0131lanana de\u011fil, kurumlar\u0131na da y\u00fckl\u00fcyorsunuz. Bizi en kutsal sayd\u0131\u011f\u0131m\u0131z de\u011ferler \u00fczerinden yarg\u0131l\u0131yorsunuz. Ba\u015fbakan &#8216;Silivri Kandil hatt\u0131n\u0131 \u00e7\u00f6kertece\u011fim&#8217; dedi\u011finde hi\u00e7 vicdan\u0131n\u0131z s\u0131zlam\u0131yor mu? Bizi ne yapacaks\u0131n\u0131z. Tutukluyuz, tutuklayacak m\u0131s\u0131n\u0131z? Ba\u015fbakan se\u00e7im s\u00fcrecini bizim \u00fczerimize kurdu. L\u00fctfen i\u00e7imizdeki iktidar mahkemesinde, yarg\u0131lanan muhalifler duygusunu peki\u015ftirmeyin.&#8221;<\/p>\n<p style=\"text-align: justify;\">\u00d6SYM Ba\u015fkan\u0131na Devlet Bakan\u0131 Hayati Yaz\u0131c\u0131&#8217;n\u0131n ad\u0131n\u0131n kullan\u0131larak e-mail g\u00f6nderilmesi olay\u0131na de\u011finen Balbay, &#8221;Allah&#8217;\u0131n sopas\u0131 yok. Hayati Yaz\u0131c\u0131 bir e-mail nedeniyle zan alt\u0131nda kald\u0131. E-maili g\u00f6nderen yakaland\u0131, daha sonra serbest b\u0131rak\u0131ld\u0131. Bize &#8216;H\u00fck\u00fcm a\u015famas\u0131nda karar verilmesine denirdi. Hayati Yaz\u0131c\u0131&#8217;ya \u00f6yle, bize b\u00f6yle&#8221; diye konu\u015ftu.<\/p>\n<p style=\"text-align: justify;\">Duru\u015fma, taleplerin al\u0131nmas\u0131yla devam ediyor.<\/p>\n<p style=\"text-align: justify;\"><strong>B\u0130LSEM B\u0130LE &#8216;EVET&#8217; DERD\u0130M<\/strong><\/p>\n<p style=\"text-align: justify;\">\u0130kinci &#8221;Ergenekon&#8221; davas\u0131n\u0131n bir sonraki duru\u015fmas\u0131 6 Haziran 2011&#8217;de yap\u0131lacak.<\/p>\n<p style=\"text-align: justify;\">\u0130stanbul 13. A\u011f\u0131r Ceza Mahkemesince Silivri Ceza ve \u0130nfaz Kurumlar\u0131 Yerle\u015fkesindeki salonda yap\u0131lan duru\u015fmada, s\u00f6z alan tutuklu san\u0131k eski \u0130n\u00f6n\u00fc \u00dcniversitesi Rekt\u00f6r\u00fc Prof. Dr. Fatih Hilmio\u011flu, hakk\u0131ndaki, \u00fcniversitede \u00f6\u011frencilerin fi\u015flenmesiyle ilgili su\u00e7lamaya ili\u015fkin, &#8221;Bu benim bilgim haricinde, g\u00fcvenlik birimi taraf\u0131ndan yap\u0131l\u0131p bana getirilmi\u015f. Benden \u00f6nceki d\u00f6nemde \u00f6\u011frenciler birbirini b\u0131\u00e7akl\u0131yordu ve s\u00fcrekli kavga d\u00f6v\u00fc\u015f vard\u0131. Ben b\u00f6yle bir \u00fcniversite devrald\u0131m. E\u011fer g\u00fcvenlik birimleri g\u00f6revi devrald\u0131\u011f\u0131mda gelip bana b\u00f6yle bir \u00e7al\u0131\u015fma yapacaklar\u0131n\u0131 s\u00f6yleselerdi, yasa d\u0131\u015f\u0131 oldu\u011funu bilsem bile &#8216;evet&#8217; derdim&#8221; dedi.<\/p>\n<p style=\"text-align: justify;\">Tutuklu san\u0131k Hasan Atilla U\u011fur da daha \u00f6nce dinlenen gizli tan\u0131k &#8221;Aydost&#8221;un kendisine iftira att\u0131\u011f\u0131n\u0131 savunarak, &#8221;Bu gizli tan\u0131k hakk\u0131nda r\u00fc\u015fvet al\u0131p vermekten dava a\u00e7\u0131lm\u0131\u015ft\u0131r. Hakk\u0131mda s\u00f6ylediklerini tek tek delillerle \u00e7\u00fcr\u00fctt\u00fcm&#8221; diye konu\u015ftu.<\/p>\n<p style=\"text-align: justify;\">San\u0131k beyanlar\u0131n\u0131n al\u0131nmas\u0131n\u0131n ard\u0131ndan duru\u015fmaya ara verildi.<\/p>\n<p style=\"text-align: justify;\">Aran\u0131n ard\u0131ndan, san\u0131k ve avukatlar\u0131n taleplerine ili\u015fkin al\u0131nan ara kararlar, \u00fcye hakim Sedat Sami Ha\u015f\u0131lo\u011flu taraf\u0131ndan a\u00e7\u0131kland\u0131.<\/p>\n<p style=\"text-align: justify;\"><strong>AL\u0130 \u00c7ELEB\u0130&#8217;N\u0130N TAHL\u0130YES\u0130NE KARAR VER\u0130LD\u0130<\/strong><\/p>\n<p style=\"text-align: justify;\">Buna g\u00f6re mahkeme heyeti, delil durumu, su\u00e7 vasf\u0131n\u0131n de\u011fi\u015fme ihtimali ve tutuklu kald\u0131\u011f\u0131 s\u00fcreyi dikkate alarak, san\u0131k Te\u011fmen Mehmet Ali \u00c7elebi&#8217;nin tahliyesine karar verdi.<\/p>\n<p style=\"text-align: justify;\">\u00c7elebi hakk\u0131nda yurt d\u0131\u015f\u0131na \u00e7\u0131k\u0131\u015f yasa\u011f\u0131 da koyan mahkeme heyeti, di\u011fer tutuklu san\u0131klar\u0131n bu hallerinin devam\u0131n\u0131 kararla\u015ft\u0131rarak duru\u015fmay\u0131 6 Haziran 2011&#8217;e erteledi.<\/p>\n<p style=\"text-align: justify;\">Bu arada, Mahkeme Heyeti Ba\u015fkan\u0131 K\u00f6ksal \u015eeng\u00fcn&#8217;\u00fcn, Mustafa Balbay ve Tuncay \u00d6zkan&#8217;\u0131n da aralar\u0131nda bulundu\u011fu 19 tutuklu san\u0131\u011f\u0131n tahliye edilmesi y\u00f6n\u00fcnde oy kulland\u0131\u011f\u0131 g\u00f6r\u00fcld\u00fc.<\/p>\n<p style=\"text-align: justify;\">Mehmet Ali \u00c7elebi&#8217;nin tahliyesinin ard\u0131ndan, davada yarg\u0131lanan tutuklu san\u0131k say\u0131s\u0131 23&#8217;e d\u00fc\u015ft\u00fc.<\/p>\n<p style=\"text-align: justify;\"><a href=\"http:\/\/www.gazeteport.com.tr\/GUNCEL\/NEWS\/GP_908079\" target=\"_blank\">Kaynak : GAZETEPORT<\/a><\/p>\n","protected":false},"excerpt":{"rendered":"<p style=\"text-align: justify;\">\n<p style=\"text-align: justify;\">\u0130kinci &#8221;Ergenekon&#8221; davas\u0131n\u0131n tutuklu san\u0131\u011f\u0131 Mustafa Balbay, &#8220;Ba\u015fbakan &#8216;Silivri Kandil hatt\u0131n\u0131 \u00e7\u00f6kertece\u011fim&#8217; dedi\u011finde hi\u00e7 vicdan\u0131n\u0131z s\u0131zlam\u0131yor mu? Bizi ne yapacaks\u0131n\u0131z. Tutukluyuz, tutuklayacak m\u0131s\u0131n\u0131z? Ba\u015fbakan se\u00e7im s\u00fcrecini bizim \u00fczerimize kurdu. L\u00fctfen i\u00e7imizdeki iktidar mahkemesinde, yarg\u0131lanan muhalifler duygusunu peki\u015ftirmeyin&#8221; dedi. <\/p>\n","protected":false},"author":1,"featured_media":0,"comment_status":"open","ping_status":"closed","sticky":false,"template":"","format":"standard","meta":{"footnotes":""},"categories":[105],"tags":[],"class_list":["post-33212","post","type-post","status-publish","format-standard","hentry","category-gundem","odd"],"_links":{"self":[{"href":"http:\/\/www.korhanyilmaz.com\/index.php?rest_route=\/wp\/v2\/posts\/33212","targetHints":{"allow":["GET"]}}],"collection":[{"href":"http:\/\/www.korhanyilmaz.com\/index.php?rest_route=\/wp\/v2\/posts"}],"about":[{"href":"http:\/\/www.korhanyilmaz.com\/index.php?rest_route=\/wp\/v2\/types\/post"}],"author":[{"embeddable":true,"href":"http:\/\/www.korhanyilmaz.com\/index.php?rest_route=\/wp\/v2\/users\/1"}],"replies":[{"embeddable":true,"href":"http:\/\/www.korhanyilmaz.com\/index.php?rest_route=%2Fwp%2Fv2%2Fcomments&post=33212"}],"version-history":[{"count":0,"href":"http:\/\/www.korhanyilmaz.com\/index.php?rest_route=\/wp\/v2\/posts\/33212\/revisions"}],"wp:attachment":[{"href":"http:\/\/www.korhanyilmaz.com\/index.php?rest_route=%2Fwp%2Fv2%2Fmedia&parent=33212"}],"wp:term":[{"taxonomy":"category","embeddable":true,"href":"http:\/\/www.korhanyilmaz.com\/index.php?rest_route=%2Fwp%2Fv2%2Fcategories&post=33212"},{"taxonomy":"post_tag","embeddable":true,"href":"http:\/\/www.korhanyilmaz.com\/index.php?rest_route=%2Fwp%2Fv2%2Ftags&post=33212"}],"curies":[{"name":"wp","href":"https:\/\/api.w.org\/{rel}","templated":true}]}}