{"id":3319,"date":"2009-02-17T17:40:55","date_gmt":"2009-02-17T15:40:55","guid":{"rendered":"http:\/\/www.korhanyilmaz.com\/?p=3319"},"modified":"2009-02-17T17:40:55","modified_gmt":"2009-02-17T15:40:55","slug":"fark-9a-cikti","status":"publish","type":"post","link":"http:\/\/www.korhanyilmaz.com\/?p=3319","title":{"rendered":"Fark 9&#039;a \u00e7\u0131kt\u0131"},"content":{"rendered":"<p style=\"text-align: center;\"><img loading=\"lazy\" decoding=\"async\" class=\"size-full wp-image-3320 aligncenter\" title=\"Erdo\u011fan, Baykal'a \u00e7ok a\u011f\u0131r ifadelerle y\u00fcklendi: &quot;Al\u00e7akl\u0131k bile bir seviye ifade ediyor!&quot;\" src=\"http:\/\/www.korhanyilmaz.com\/wp-content\/uploads\/2009\/02\/170220091737568975878.jpg\" alt=\"Erdo\u011fan, Baykal'a \u00e7ok a\u011f\u0131r ifadelerle y\u00fcklendi: &quot;Al\u00e7akl\u0131k bile bir seviye ifade ediyor!&quot;\" width=\"320\" height=\"100\" \/><\/p>\n<p style=\"text-align: justify;\"><strong>Erdo\u011fan, Baykal&#8217;a \u00e7ok a\u011f\u0131r ifadelerle y\u00fcklendi: &#8220;Al\u00e7akl\u0131k bile bir seviye ifade ediyor!&#8221;<\/strong><\/p>\n<p style=\"text-align: justify;\">Erdo\u011fan 9&#8217;uncu mitingini d\u00fcn K\u0131r\u0131kkale&#8217;de yapt\u0131. Her zamanki gibi CHP ve medyay\u0131 hedef ald\u0131. Yolsuzluk iddialar\u0131 nedeniyle \u00e7ok daha sert bir ton kulland\u0131: &#8220;Bunlar medya yalanlar\u0131 ile oy toplamaya al\u0131\u015fm\u0131\u015flar. Bunlar Ankara&#8217;dan bol keseden atarak aldatmaya al\u0131\u015fm\u0131\u015flar. Gelin milletin \u00f6n\u00fcne \u00e7\u0131k\u0131n. Yalan\u0131n, iftiran\u0131n, \u00e7amurun \u00fczerine siyaset in\u015fa edilmiyor. Elinde bilgi, belge varsa yarg\u0131ya gidersin. Ve diyorum ki AKP&#8217;ye leke s\u00fcrmeye \u00e7al\u0131\u015fma. Kim AKP&#8217;ye leke s\u00fcrmeye \u00e7al\u0131\u015f\u0131rsa namerttir. Al\u00e7akl\u0131k bile bir seviye ifade ediyor. Ancak g\u00fcne\u015f bal\u00e7\u0131kla s\u0131vanmaz. \u0130ftira atanlar att\u0131klar\u0131 iftiran\u0131n i\u00e7inde bo\u011fulurlar&#8230;&#8221; <!--more--><br \/>\n<strong>\u0130\u015eTE ERDO\u011eAN&#8217;IN KONU\u015eMASININ SATIRBA\u015eLARI<\/strong>\n<\/p>\n<p style=\"text-align: justify;\">22 Temmuz&#8217;da milleti a\u015fa\u011f\u0131layanlara en anlaml\u0131 cevab\u0131 verdiniz, elinizin tersi ile ittiniz. Bu millete &#8216;g\u00f6be\u011fini ka\u015f\u0131yanlar&#8217; diyenlere &#8216;As\u0131l siz g\u00f6be\u011finizi ka\u015f\u0131yorsunuz&#8217; diyerek onlar\u0131 \u00f6telediniz. Cevab\u0131 demokratik bir \u015fekilde sand\u0131kta siz verdiniz.<\/p>\n<p style=\"text-align: justify;\">Se\u00e7ime 39 g\u00fcn kald\u0131. Hala bu liderler meydanlarda yok. Milletin aras\u0131na \u00e7\u0131k\u0131n. \u00d6yle art\u0131k medya k\u0131lavuzlu\u011fu ile se\u00e7im kazan\u0131lm\u0131yor. Medyadan k\u0131lavuz olmaz. \u00c7amur siyasetiyle abad olunmaz.<\/p>\n<p style=\"text-align: justify;\">Baykal \u00e7\u0131k\u0131p bize iftira atmaya \u00e7al\u0131\u015f\u0131yor. Baykal, e\u011fer d\u00fcr\u00fcstsen, e\u011fer Tayyip Erdo\u011fan hakk\u0131nda bir yolsuzluk varsa yarg\u0131ya gidersin. Senin adamlar\u0131n, e\u011fer ellerinde benim belediye ba\u015fkanlar\u0131mla ilgili belgeleri varsa, onlar\u0131n dokunulmazl\u0131klar\u0131 yok. Buyursunlar yarg\u0131ya gitsinler. B\u00f6yle iftira kampanyalar\u0131 ile bir yere varamazs\u0131n. Bu t\u00fcr siyasetle puan alamayacaks\u0131n. Meydanlara bile \u00e7\u0131kamayacaks\u0131n. Sivas&#8217;tan \u00f6teye gidemeyeceksin. Sadece kapal\u0131 salonlarda \u015fov yapars\u0131n. CHP, Anayasa Mahkemesi taraf\u0131ndan Hazine yard\u0131mlar\u0131n\u0131 suiistimalden mahkum edilmi\u015ftir biliyorsunuz. Ve para da tahsil edilmi\u015ftir. Sen \u00f6nce bunun hesab\u0131n\u0131 ver.<\/p>\n<p style=\"text-align: justify;\">\u0130nsanlar\u0131n \u015ferefleriyle, haysiyetleriyle, onurlar\u0131yla oynamak, \u00e7amur atmak, ancak bunlardan nasibini almayanlar\u0131n i\u015fidir. T\u00fcm bu hezeyanlara kar\u015f\u0131 b\u00fct\u00fcn hukuki haklar\u0131m\u0131z\u0131 kullanaca\u011f\u0131z.<\/p>\n<p style=\"text-align: justify;\"><span style=\"color: #888888;\">Kaynak : Vatan Gazetesi<\/span><\/p>\n","protected":false},"excerpt":{"rendered":"<p style=\"text-align: center;\">\n<p style=\"text-align: justify;\">Erdo\u011fan, Baykal&#8217;a \u00e7ok a\u011f\u0131r ifadelerle y\u00fcklendi: &#8220;Al\u00e7akl\u0131k bile bir seviye ifade ediyor!&#8221;<\/p>\n<p style=\"text-align: justify;\">Erdo\u011fan 9&#8217;uncu mitingini d\u00fcn K\u0131r\u0131kkale&#8217;de yapt\u0131. Her zamanki gibi CHP ve medyay\u0131 hedef ald\u0131. Yolsuzluk iddialar\u0131 nedeniyle \u00e7ok daha sert bir ton kulland\u0131: &#8220;Bunlar medya yalanlar\u0131 ile oy toplamaya al\u0131\u015fm\u0131\u015flar. Bunlar Ankara&#8217;dan bol keseden atarak aldatmaya <\/p>\n","protected":false},"author":1,"featured_media":0,"comment_status":"open","ping_status":"closed","sticky":false,"template":"","format":"standard","meta":{"footnotes":""},"categories":[105],"tags":[],"class_list":["post-3319","post","type-post","status-publish","format-standard","hentry","category-gundem","odd"],"_links":{"self":[{"href":"http:\/\/www.korhanyilmaz.com\/index.php?rest_route=\/wp\/v2\/posts\/3319","targetHints":{"allow":["GET"]}}],"collection":[{"href":"http:\/\/www.korhanyilmaz.com\/index.php?rest_route=\/wp\/v2\/posts"}],"about":[{"href":"http:\/\/www.korhanyilmaz.com\/index.php?rest_route=\/wp\/v2\/types\/post"}],"author":[{"embeddable":true,"href":"http:\/\/www.korhanyilmaz.com\/index.php?rest_route=\/wp\/v2\/users\/1"}],"replies":[{"embeddable":true,"href":"http:\/\/www.korhanyilmaz.com\/index.php?rest_route=%2Fwp%2Fv2%2Fcomments&post=3319"}],"version-history":[{"count":0,"href":"http:\/\/www.korhanyilmaz.com\/index.php?rest_route=\/wp\/v2\/posts\/3319\/revisions"}],"wp:attachment":[{"href":"http:\/\/www.korhanyilmaz.com\/index.php?rest_route=%2Fwp%2Fv2%2Fmedia&parent=3319"}],"wp:term":[{"taxonomy":"category","embeddable":true,"href":"http:\/\/www.korhanyilmaz.com\/index.php?rest_route=%2Fwp%2Fv2%2Fcategories&post=3319"},{"taxonomy":"post_tag","embeddable":true,"href":"http:\/\/www.korhanyilmaz.com\/index.php?rest_route=%2Fwp%2Fv2%2Ftags&post=3319"}],"curies":[{"name":"wp","href":"https:\/\/api.w.org\/{rel}","templated":true}]}}