{"id":33175,"date":"2011-05-20T08:44:58","date_gmt":"2011-05-20T05:44:58","guid":{"rendered":"http:\/\/www.korhanyilmaz.com\/?p=33175"},"modified":"2011-05-20T08:44:58","modified_gmt":"2011-05-20T05:44:58","slug":"caglayan-7-yolsuzluk-var-dedi","status":"publish","type":"post","link":"http:\/\/www.korhanyilmaz.com\/?p=33175","title":{"rendered":"\u00c7a\u011flayan &#8220;7 yolsuzluk var&#8221; dedi"},"content":{"rendered":"<p style=\"text-align: justify;\"><a href=\"http:\/\/www.korhanyilmaz.com\/wp-content\/uploads\/2011\/05\/268.jpg\"  class=\"lightview\"><img loading=\"lazy\" decoding=\"async\" class=\"aligncenter size-full wp-image-33176\" src=\"http:\/\/www.korhanyilmaz.com\/wp-content\/uploads\/2011\/05\/268.jpg\" alt=\"\" width=\"426\" height=\"240\" \/><\/a><\/p>\n<p style=\"text-align: justify;\">Devlet Bakan\u0131 Zafer \u00c7a\u011flayan, CHP lideri ile yolsuzluk polemi\u011fi ya\u015fayan K\u00fcr\u015fad T\u00fczmen\u2019in bakanl\u0131\u011f\u0131 d\u00f6neminde, 7 ayr\u0131 yolsuzluk olay\u0131 ya\u015fand\u0131\u011f\u0131n\u0131 a\u00e7\u0131klad\u0131.<\/p>\n<p style=\"text-align: justify;\">ANKARA- CHP Genel Ba\u015fkan\u0131 Kemal K\u0131l\u0131\u00e7daro\u011flu ile \u2018\u2019Yolsuzluk polemi\u011fi\u2019\u2019 ya\u015fayan K\u00fcr\u015fat T\u00fczmen\u2019den sonra ayn\u0131 bakanl\u0131k koltu\u011funa oturan Zafer \u00c7a\u011flayan, T\u00fczmen\u2019in g\u00f6rev yapt\u0131\u011f\u0131 d\u00f6nemde 7 ayr\u0131 yolsuzluk olay\u0131 ya\u015fand\u0131\u011f\u0131n\u0131 a\u00e7\u0131klad\u0131. <!--more--><\/p>\n<p style=\"text-align: justify;\">D\u0131\u015f Ticaretten Sorumlu Devlet Bakan\u0131 \u00c7a\u011flayan, MHP\u2019li Alim I\u015f\u0131k\u2019\u0131n bu konudaki soru \u00f6nergesini cevaplad\u0131. \u201c2002-2011 y\u0131llar\u0131 aras\u0131nda bakanl\u0131\u011f\u0131n\u0131za ba\u011fl\u0131 kurum ve kurulu\u015flarda herhangi bir yolsuzluk ortaya \u00e7\u0131km\u0131\u015f m\u0131d\u0131r?&#8221; sorusuna \u015fu cevab\u0131 verdi:<\/p>\n<p style=\"text-align: justify;\">\u2018\u20192002-2011 y\u0131llar\u0131 aras\u0131nda M\u00fcste\u015farl\u0131\u011f\u0131m\u0131zda zimmet, g\u00f6revi k\u00f6t\u00fcye kullanma, r\u00fc\u015fvet hususlar\u0131na ili\u015fkin soru\u015fturmalar yap\u0131lm\u0131\u015ft\u0131r. Bunlardan alt\u0131s\u0131, m\u00fcste\u015farl\u0131\u011f\u0131m\u0131z ilgili birimlerinin talebi \u00fczerine D\u0131\u015f Ticaret Kontrol\u00f6rleri Kurulu\u2019nca yap\u0131lan incelemeler neticesinde, bir olay ise yarg\u0131 makamlar\u0131nca tespit edilmi\u015f olup toplam yedi tanedir. Ayn\u0131 d\u00f6nemde DTM\u2019nin merkez ve ta\u015fra te\u015fkilatlar\u0131nda g\u00f6revli 12 personel i\u00e7in soru\u015fturma izni istenmi\u015f, bunlardan 6\u2019s\u0131 i\u00e7in soru\u015fturma izni verilmi\u015ftir. DTM D\u0131\u015f Ticaret Kontrol\u00f6rleri Kurulu Ba\u015fkanl\u0131\u011f\u0131\u2019nca 11, Ba\u015fbakanl\u0131k Tefti\u015f Kurulu\u2019nca ise bir personel hakk\u0131nda inceleme raporlar\u0131 haz\u0131rlanm\u0131\u015f, raporlar do\u011frultusunda ilgili personel hakk\u0131nda \u00e7e\u015fitli disiplin cezalar\u0131n\u0131n uygulanm\u0131\u015ft\u0131r. Y\u00fcr\u00fct\u00fclen soru\u015fturmalar nedeniyle de 19 Aral\u0131k 2005 tarihinde bir personel de g\u00f6revden al\u0131nm\u0131\u015ft\u0131r\u2019\u2019<\/p>\n<p style=\"text-align: justify;\"><a href=\"http:\/\/www.gazeteport.com.tr\/SIYASET\/NEWS\/GP_907351\" target=\"_blank\">Kaynak : GAZETEPORT<\/a><\/p>\n","protected":false},"excerpt":{"rendered":"<p style=\"text-align: justify;\">\n<p style=\"text-align: justify;\">Devlet Bakan\u0131 Zafer \u00c7a\u011flayan, CHP lideri ile yolsuzluk polemi\u011fi ya\u015fayan K\u00fcr\u015fad T\u00fczmen\u2019in bakanl\u0131\u011f\u0131 d\u00f6neminde, 7 ayr\u0131 yolsuzluk olay\u0131 ya\u015fand\u0131\u011f\u0131n\u0131 a\u00e7\u0131klad\u0131.<\/p>\n<p style=\"text-align: justify;\">ANKARA- CHP Genel Ba\u015fkan\u0131 Kemal K\u0131l\u0131\u00e7daro\u011flu ile \u2018\u2019Yolsuzluk polemi\u011fi\u2019\u2019 ya\u015fayan K\u00fcr\u015fat T\u00fczmen\u2019den sonra ayn\u0131 bakanl\u0131k koltu\u011funa oturan Zafer \u00c7a\u011flayan, T\u00fczmen\u2019in g\u00f6rev yapt\u0131\u011f\u0131 d\u00f6nemde 7 ayr\u0131 yolsuzluk olay\u0131 ya\u015fand\u0131\u011f\u0131n\u0131 <\/p>\n","protected":false},"author":1,"featured_media":0,"comment_status":"open","ping_status":"closed","sticky":false,"template":"","format":"standard","meta":{"footnotes":""},"categories":[105],"tags":[],"class_list":["post-33175","post","type-post","status-publish","format-standard","hentry","category-gundem","odd"],"_links":{"self":[{"href":"http:\/\/www.korhanyilmaz.com\/index.php?rest_route=\/wp\/v2\/posts\/33175","targetHints":{"allow":["GET"]}}],"collection":[{"href":"http:\/\/www.korhanyilmaz.com\/index.php?rest_route=\/wp\/v2\/posts"}],"about":[{"href":"http:\/\/www.korhanyilmaz.com\/index.php?rest_route=\/wp\/v2\/types\/post"}],"author":[{"embeddable":true,"href":"http:\/\/www.korhanyilmaz.com\/index.php?rest_route=\/wp\/v2\/users\/1"}],"replies":[{"embeddable":true,"href":"http:\/\/www.korhanyilmaz.com\/index.php?rest_route=%2Fwp%2Fv2%2Fcomments&post=33175"}],"version-history":[{"count":0,"href":"http:\/\/www.korhanyilmaz.com\/index.php?rest_route=\/wp\/v2\/posts\/33175\/revisions"}],"wp:attachment":[{"href":"http:\/\/www.korhanyilmaz.com\/index.php?rest_route=%2Fwp%2Fv2%2Fmedia&parent=33175"}],"wp:term":[{"taxonomy":"category","embeddable":true,"href":"http:\/\/www.korhanyilmaz.com\/index.php?rest_route=%2Fwp%2Fv2%2Fcategories&post=33175"},{"taxonomy":"post_tag","embeddable":true,"href":"http:\/\/www.korhanyilmaz.com\/index.php?rest_route=%2Fwp%2Fv2%2Ftags&post=33175"}],"curies":[{"name":"wp","href":"https:\/\/api.w.org\/{rel}","templated":true}]}}