{"id":33165,"date":"2011-05-19T21:23:24","date_gmt":"2011-05-19T18:23:24","guid":{"rendered":"http:\/\/www.korhanyilmaz.com\/?p=33165"},"modified":"2011-05-19T21:23:24","modified_gmt":"2011-05-19T18:23:24","slug":"dedikleri-dogru-mu","status":"publish","type":"post","link":"http:\/\/www.korhanyilmaz.com\/?p=33165","title":{"rendered":"&#8216;Dedikleri do\u011fru mu?&#8217;"},"content":{"rendered":"<p style=\"text-align: justify;\"><a href=\"http:\/\/www.korhanyilmaz.com\/wp-content\/uploads\/2011\/05\/266.jpg\"  class=\"lightview\"><img loading=\"lazy\" decoding=\"async\" class=\"aligncenter size-full wp-image-33166\" src=\"http:\/\/www.korhanyilmaz.com\/wp-content\/uploads\/2011\/05\/266.jpg\" alt=\"\" width=\"420\" height=\"210\" \/><\/a><\/p>\n<p style=\"text-align: justify;\">CIA ve M\u0130T ajanl\u0131\u011f\u0131 yapt\u0131\u011f\u0131n\u0131 iddia eden Berkan Ya\u015far adl\u0131 T\u00fcrk, Rus devlet televizyonuna Ladin\u2019in 2006\u2019da \u00f6ld\u00fc\u011f\u00fcn\u00fc, cesedinin CIA ajanlar\u0131 taraf\u0131ndan mezar\u0131ndan \u00e7\u0131kar\u0131ld\u0131\u011f\u0131n\u0131 iddia etti. Rusya Devlet Ba\u015fkan\u0131 Medvedev\u2019in iddiaya tepkisi yukar\u0131daki gibi oldu.<\/p>\n<p style=\"text-align: justify;\">&#8216;Dedikleri do\u011fru mu?&#8217; \u00c7e\u00e7enistan\u2019\u0131n Rusya\u2019ya kar\u015f\u0131 verdi\u011fi m\u00fccadelenin bir CIA plan\u0131 oldu\u011funu ve kendisinin de bu plan kapsam\u0131nda Londra\u2019da e\u011fitildi\u011fini s\u00f6yleyen Berkan Ya\u015far, y\u0131llardan beri Rusya\u2019da televizyonlar\u0131n vazge\u00e7ilmez konuklar\u0131ndan biri. <!--more--><\/p>\n<p style=\"text-align: justify;\">\u00c7e\u00e7en direni\u015f\u00e7ilerin M\u0130T hastanelerinde tedavi edildi\u011fini, \u00c7e\u00e7enler\u2019in \u0130stanbul\u2019da yapt\u0131\u011f\u0131 eylemlerin de T\u00fcrk istihbarat\u0131n\u0131n bilgisi dahilinde ger\u00e7ekle\u015fti\u011fini ileri s\u00fcrd\u00fc\u011f\u00fc a\u00e7\u0131klamalar\u0131yla ge\u00e7mi\u015f d\u00f6nemde Ankara\u2019n\u0131n da tepkisini \u00e7eken Ya\u015far \u015fimdi de ABD\u2019nin Ladin operasyonunu sorgulayan a\u00e7\u0131klamalar\u0131yla g\u00fcndeme geldi. Rus devlet televizyonunun birinci kanal\u0131na r\u00f6portaj veren Ya\u015far, El Kaide liderinin 5 y\u0131l \u00f6nce do\u011fal sebeplerden hayat\u0131n\u0131 kaybetti\u011fini ve iki \u00c7e\u00e7en militan taraf\u0131ndan g\u00f6m\u00fcld\u00fc\u011f\u00fcn\u00fc s\u00f6yledi. 1992\u2019de Ladin ile Grozni\u2019de biraraya geldi\u011fini ileri s\u00fcren \u201cistihbarat\u00e7\u0131\u201d, CIA\u2019n\u0131n \u00c7e\u00e7en direni\u015f\u00e7ilerden mezar\u0131n yerini \u00f6\u011frenerek cesedi \u00e7\u0131kard\u0131\u011f\u0131n\u0131, ard\u0131ndan bu operasyon senaryosunu yazd\u0131\u011f\u0131n\u0131 iddia etti. Bu s\u00f6zler, Rusya devletinin en tepesinde yank\u0131 buldu. D\u00fcn Rus gazetecilerin \u00f6n\u00fcne \u00e7\u0131kan Medvedev, r\u00f6portaj\u0131 yapan gazetecinin de salonda oldu\u011funu fark edince, \u201cSiz bana soru sormadan ben sana soray\u0131m. Sabah interneti kar\u0131\u015ft\u0131r\u0131rken sana r\u00f6portaj veren T\u00fcrk\u2019\u00fcn s\u00f6ylediklerini okudum. Ladin ile ilgili \u00e7ok ilgin\u00e7 bir hikaye anlatm\u0131\u015f. Sence do\u011fru mu s\u00f6yl\u00fcyor?\u201d dedi. Gazetecinin, \u201cKendisi do\u011fru oldu\u011funu d\u00fc\u015f\u00fcn\u00fcyor\u201d yan\u0131t\u0131 \u00fczerine de, \u201cE\u011fer do\u011fruysa Amerikal\u0131lar oturduklar\u0131 yerden havaya f\u0131rlayacakt\u0131r\u201d diye konu\u015ftu.<\/p>\n<p style=\"text-align: justify;\"><a href=\"http:\/\/haber.gazetevatan.com\/dedikleri-dogru-mu\/378419\/30\/Dunya\" target=\"_blank\">Kaynak : VATAN Gazetesi<\/a><\/p>\n","protected":false},"excerpt":{"rendered":"<p style=\"text-align: justify;\">\n<p style=\"text-align: justify;\">CIA ve M\u0130T ajanl\u0131\u011f\u0131 yapt\u0131\u011f\u0131n\u0131 iddia eden Berkan Ya\u015far adl\u0131 T\u00fcrk, Rus devlet televizyonuna Ladin\u2019in 2006\u2019da \u00f6ld\u00fc\u011f\u00fcn\u00fc, cesedinin CIA ajanlar\u0131 taraf\u0131ndan mezar\u0131ndan \u00e7\u0131kar\u0131ld\u0131\u011f\u0131n\u0131 iddia etti. Rusya Devlet Ba\u015fkan\u0131 Medvedev\u2019in iddiaya tepkisi yukar\u0131daki gibi oldu.<\/p>\n<p style=\"text-align: justify;\">&#8216;Dedikleri do\u011fru mu?&#8217; \u00c7e\u00e7enistan\u2019\u0131n Rusya\u2019ya kar\u015f\u0131 verdi\u011fi m\u00fccadelenin bir CIA plan\u0131 oldu\u011funu ve kendisinin <\/p>\n","protected":false},"author":1,"featured_media":0,"comment_status":"open","ping_status":"closed","sticky":false,"template":"","format":"standard","meta":{"footnotes":""},"categories":[105],"tags":[],"class_list":["post-33165","post","type-post","status-publish","format-standard","hentry","category-gundem","odd"],"_links":{"self":[{"href":"http:\/\/www.korhanyilmaz.com\/index.php?rest_route=\/wp\/v2\/posts\/33165","targetHints":{"allow":["GET"]}}],"collection":[{"href":"http:\/\/www.korhanyilmaz.com\/index.php?rest_route=\/wp\/v2\/posts"}],"about":[{"href":"http:\/\/www.korhanyilmaz.com\/index.php?rest_route=\/wp\/v2\/types\/post"}],"author":[{"embeddable":true,"href":"http:\/\/www.korhanyilmaz.com\/index.php?rest_route=\/wp\/v2\/users\/1"}],"replies":[{"embeddable":true,"href":"http:\/\/www.korhanyilmaz.com\/index.php?rest_route=%2Fwp%2Fv2%2Fcomments&post=33165"}],"version-history":[{"count":0,"href":"http:\/\/www.korhanyilmaz.com\/index.php?rest_route=\/wp\/v2\/posts\/33165\/revisions"}],"wp:attachment":[{"href":"http:\/\/www.korhanyilmaz.com\/index.php?rest_route=%2Fwp%2Fv2%2Fmedia&parent=33165"}],"wp:term":[{"taxonomy":"category","embeddable":true,"href":"http:\/\/www.korhanyilmaz.com\/index.php?rest_route=%2Fwp%2Fv2%2Fcategories&post=33165"},{"taxonomy":"post_tag","embeddable":true,"href":"http:\/\/www.korhanyilmaz.com\/index.php?rest_route=%2Fwp%2Fv2%2Ftags&post=33165"}],"curies":[{"name":"wp","href":"https:\/\/api.w.org\/{rel}","templated":true}]}}