{"id":33161,"date":"2011-05-20T11:16:11","date_gmt":"2011-05-20T08:16:11","guid":{"rendered":"http:\/\/www.korhanyilmaz.com\/?p=33161"},"modified":"2011-05-20T11:16:11","modified_gmt":"2011-05-20T08:16:11","slug":"kilicdaroglu-erdogani-mahkemeye-veriyor","status":"publish","type":"post","link":"http:\/\/www.korhanyilmaz.com\/?p=33161","title":{"rendered":"K\u0131l\u0131\u00e7daro\u011flu Erdo\u011fan&#8217;\u0131 mahkemeye veriyor"},"content":{"rendered":"<p style=\"text-align: center;\"><a href=\"http:\/\/www.korhanyilmaz.com\/wp-content\/uploads\/2011\/05\/265.jpg\"  class=\"lightview\"><img loading=\"lazy\" decoding=\"async\" class=\"aligncenter size-full wp-image-33162\" src=\"http:\/\/www.korhanyilmaz.com\/wp-content\/uploads\/2011\/05\/265.jpg\" alt=\"\" width=\"420\" height=\"210\" \/><\/a><\/p>\n<p style=\"text-align: justify;\">CHP Genel Ba\u015fkan\u0131 Kemal K\u0131l\u0131\u00e7daro\u011flu, partisi ile Ergenekon\u2019u ili\u015fkilendirerek \u2019\u00e7ete\u2019 dedi\u011fini \u00f6ne s\u00fcrd\u00fc\u011f\u00fc Ba\u015fbakan Erdo\u011fan hakk\u0131nda dava a\u00e7acaklar\u0131n\u0131 s\u00f6yledi.<\/p>\n<p style=\"text-align: justify;\">K\u0131l\u0131\u00e7daro\u011flu, &#8220;Dava a\u00e7\u0131yoruz. Bizi, CHP\u2019yi \u00e7ete diye niteleyen ba\u015fbakan gelsin mahkemede bunu ispat etsin&#8221; dedi. K\u0131l\u0131\u00e7daro\u011flu, Ba\u015fbakan\u2019\u0131n kendisine y\u00f6nelik &#8220;Y\u00fcr\u00fcyen de\u011fil, u\u00e7an yalanc\u0131&#8221; s\u00f6zlerini de yarg\u0131ya ta\u015f\u0131yacaklar\u0131n\u0131 bildirdi. <!--more--><\/p>\n<p style=\"text-align: justify;\">K\u0131l\u0131\u00e7daro\u011flu, partisince d\u00fczenlenen mitinge kat\u0131lmak \u00fczere geldi\u011fi Bal\u0131kesir\u2019in Edremit il\u00e7esine ba\u011fl\u0131 G\u00fcre beldesinde konaklad\u0131\u011f\u0131 otelde gazetecilerin sorular\u0131n\u0131 yan\u0131tlad\u0131.<\/p>\n<p style=\"text-align: justify;\">Bir gazetecinin &#8220;K\u00fcr\u015fad T\u00fczmen\u2019le d\u00fcr\u00fcstl\u00fckle ilgili s\u00f6yleminiz olmu\u015ftu. Bununla ilgili neler s\u00f6yleyeceksiniz&#8221; sorusu \u00fczerine K\u0131l\u0131\u00e7daro\u011flu, \u015f\u00f6yle konu\u015ftu:<\/p>\n<p style=\"text-align: justify;\">&#8220;Listeye konulmayan bakanlar\u0131n yolsuzlukluk yapt\u0131klar\u0131 i\u00e7in konulmad\u0131\u011f\u0131n\u0131 s\u00f6yleyen kim? Ba\u015fbakan. Niye cesaretleri varsa Ba\u015fbakan\u2019a sormuyorlar? Onurlar\u0131 varsa gidip Ba\u015fbakan\u2019\u0131n yakas\u0131na yap\u0131\u015f\u0131rlar. \u2019Sen beni listeye koymad\u0131n, yolsuzluk yapt\u0131\u011f\u0131m gerek\u00e7esiyle. Ya sen yolsuzluk yap\u0131yorsun, ya ben yapm\u0131yorum\u2019 demeleri laz\u0131m. Bunu s\u00f6ylemeye cesaret edemiyorlar. Gelip bana diyorlar, \u2019benim d\u00fcr\u00fcst oldu\u011fumu s\u00f6yle.\u2019 Ben ni\u00e7in senin d\u00fcr\u00fcst oldu\u011funu s\u00f6yleyeyim?&#8221;<\/p>\n<p style=\"text-align: justify;\">CHP lideri, bir gazetecinin &#8220;Ba\u015fbakan\u2019\u0131n sizinle ilgili \u2019SSK\u2019y\u0131 y\u00f6netemedi, T\u00fcrkiye\u2019yi nas\u0131l y\u00f6netecek\u2019 ifadesi var. Bunu nas\u0131l de\u011ferlendiriyorsunuz&#8221; sorusunu, &#8220;Gelsin kar\u015f\u0131ma, otural\u0131m konu\u015fal\u0131m. Sadece SSK\u2019y\u0131 konu\u015fal\u0131m. Gelebilir mi? Gelemez. \u00c7\u00fcnk\u00fc bilgi fukaras\u0131, bilgisi yok. 1976\u2019da ilk kez Sosyal Sigortalar Kurumu\u2019nun a\u00e7\u0131k verdi\u011fini say\u0131n Ba\u015fbakan biliyor mu? Bilemez. Cahil adamlar bilemezler. Bunlar sadece iftira atarlar&#8221; diyerek yan\u0131tlad\u0131.<\/p>\n<p style=\"text-align: justify;\">Bir bas\u0131n mensubunun, &#8220;Ba\u015fbakan Erdo\u011fan\u2019\u0131n \u2019Ergenekon ile ayn\u0131 kefedeler\u2019 manas\u0131nda s\u00f6zleri vard\u0131 CHP i\u00e7in. Bunun i\u00e7in neler s\u00f6yleyeceksiniz&#8221; sorusuna kar\u015f\u0131l\u0131k K\u0131l\u0131\u00e7daro\u011flu, &#8220;O konuda dava a\u00e7\u0131yoruz arkada\u015flar. Bizi \u00e7ete diye tan\u0131mlayan, Cumhuriyet Halk Partisi\u2019ni \u00e7ete diye tan\u0131mlayan Ba\u015fbakan hakk\u0131nda dava a\u00e7aca\u011f\u0131z. Gelsin mahkemede ispat etsin. Beraber g\u00f6rece\u011fiz&#8221; dedi.<\/p>\n<p style=\"text-align: justify;\">K\u0131l\u0131\u00e7daro\u011flu, &#8220;Ba\u015fbakan Erdo\u011fan\u2019\u0131n daha \u00f6nce sizinle ilgili y\u00fcr\u00fcyen yalanc\u0131, sonra da u\u00e7an yalanc\u0131 s\u00f6zleri var. Bununla ilgili bir \u015fey yapacak m\u0131s\u0131n\u0131z&#8221; \u015feklindeki soru \u00fczerine de &#8220;Dava a\u00e7aca\u011f\u0131z. \u0130spat etsin bakal\u0131m&#8221; diye konu\u015ftu.<\/p>\n<p style=\"text-align: justify;\">Kemal K\u0131l\u0131\u00e7daro\u011flu daha sonra, otelden ayr\u0131l\u0131rken otel personeli ve vatanda\u015flarla hat\u0131ra foto\u011fraf\u0131 \u00e7ektirdi. Bir vatanda\u015f\u0131n, &#8220;Biz, Do\u011fru Yol Partili olarak oyumuzu CHP\u2019ye verece\u011fiz&#8221; s\u00f6z\u00fcn\u00fc K\u0131l\u0131\u00e7daro\u011flu, g\u00fcl\u00fcmseyerek kar\u015f\u0131lad\u0131.<\/p>\n<p style=\"text-align: justify;\"><a href=\"http:\/\/haber.gazetevatan.com\/kilicdaroglu-erdogani-mahkemeye-veriyor\/378512\/1\/Gundem\" target=\"_blank\">Kaynak : VATAN Gazetesi<\/a><\/p>\n","protected":false},"excerpt":{"rendered":"<p style=\"text-align: center;\">\n<p style=\"text-align: justify;\">CHP Genel Ba\u015fkan\u0131 Kemal K\u0131l\u0131\u00e7daro\u011flu, partisi ile Ergenekon\u2019u ili\u015fkilendirerek \u2019\u00e7ete\u2019 dedi\u011fini \u00f6ne s\u00fcrd\u00fc\u011f\u00fc Ba\u015fbakan Erdo\u011fan hakk\u0131nda dava a\u00e7acaklar\u0131n\u0131 s\u00f6yledi.<\/p>\n<p style=\"text-align: justify;\">K\u0131l\u0131\u00e7daro\u011flu, &#8220;Dava a\u00e7\u0131yoruz. Bizi, CHP\u2019yi \u00e7ete diye niteleyen ba\u015fbakan gelsin mahkemede bunu ispat etsin&#8221; dedi. K\u0131l\u0131\u00e7daro\u011flu, Ba\u015fbakan\u2019\u0131n kendisine y\u00f6nelik &#8220;Y\u00fcr\u00fcyen de\u011fil, u\u00e7an yalanc\u0131&#8221; s\u00f6zlerini de yarg\u0131ya ta\u015f\u0131yacaklar\u0131n\u0131 bildirdi. <\/p>\n","protected":false},"author":1,"featured_media":0,"comment_status":"open","ping_status":"closed","sticky":false,"template":"","format":"standard","meta":{"footnotes":""},"categories":[105],"tags":[],"class_list":["post-33161","post","type-post","status-publish","format-standard","hentry","category-gundem","odd"],"_links":{"self":[{"href":"http:\/\/www.korhanyilmaz.com\/index.php?rest_route=\/wp\/v2\/posts\/33161","targetHints":{"allow":["GET"]}}],"collection":[{"href":"http:\/\/www.korhanyilmaz.com\/index.php?rest_route=\/wp\/v2\/posts"}],"about":[{"href":"http:\/\/www.korhanyilmaz.com\/index.php?rest_route=\/wp\/v2\/types\/post"}],"author":[{"embeddable":true,"href":"http:\/\/www.korhanyilmaz.com\/index.php?rest_route=\/wp\/v2\/users\/1"}],"replies":[{"embeddable":true,"href":"http:\/\/www.korhanyilmaz.com\/index.php?rest_route=%2Fwp%2Fv2%2Fcomments&post=33161"}],"version-history":[{"count":0,"href":"http:\/\/www.korhanyilmaz.com\/index.php?rest_route=\/wp\/v2\/posts\/33161\/revisions"}],"wp:attachment":[{"href":"http:\/\/www.korhanyilmaz.com\/index.php?rest_route=%2Fwp%2Fv2%2Fmedia&parent=33161"}],"wp:term":[{"taxonomy":"category","embeddable":true,"href":"http:\/\/www.korhanyilmaz.com\/index.php?rest_route=%2Fwp%2Fv2%2Fcategories&post=33161"},{"taxonomy":"post_tag","embeddable":true,"href":"http:\/\/www.korhanyilmaz.com\/index.php?rest_route=%2Fwp%2Fv2%2Ftags&post=33161"}],"curies":[{"name":"wp","href":"https:\/\/api.w.org\/{rel}","templated":true}]}}