{"id":33155,"date":"2011-05-19T21:55:57","date_gmt":"2011-05-19T18:55:57","guid":{"rendered":"http:\/\/www.korhanyilmaz.com\/?p=33155"},"modified":"2011-05-19T21:55:57","modified_gmt":"2011-05-19T18:55:57","slug":"%e2%80%98dinleme-yapanlari-savci-aciklamazsa-biz-aciklariz%e2%80%99","status":"publish","type":"post","link":"http:\/\/www.korhanyilmaz.com\/?p=33155","title":{"rendered":"\u2018Dinleme yapanlar\u0131 savc\u0131 a\u00e7\u0131klamazsa biz a\u00e7\u0131klar\u0131z\u2019"},"content":{"rendered":"<p style=\"text-align: justify;\"><a href=\"http:\/\/www.korhanyilmaz.com\/wp-content\/uploads\/2011\/05\/264.jpg\"  class=\"lightview\"><img loading=\"lazy\" decoding=\"async\" class=\"aligncenter size-full wp-image-33156\" src=\"http:\/\/www.korhanyilmaz.com\/wp-content\/uploads\/2011\/05\/264.jpg\" alt=\"\" width=\"420\" height=\"210\" \/><\/a><\/p>\n<p style=\"text-align: justify;\">MHP\u2019nin avukat\u0131 Kocabey \u0130srail\u2019den al\u0131nan dinleme ara\u00e7lar\u0131ndan ikisinin kay\u0131p oldu\u011funu ve MHP\u2019de ortam dinlemesinin bu ara\u00e7larla yap\u0131ld\u0131\u011f\u0131n\u0131 iddia etti. Kocabey ara\u00e7lar\u0131n kime ait oldu\u011funu bildiklerini de a\u00e7\u0131klad\u0131.<\/p>\n<p style=\"text-align: justify;\">MHP\u2019nin savc\u0131l\u0131\u011fa su\u00e7 duyurusunda bulundu\u011fu siyah chyrsler marka ara\u00e7la ilgili ilgin\u00e7 bir iddia daha g\u00fcndeme geldi. MHP\u2019nin avukat\u0131 Hamdi Kocabey, MHP\u2019nin \u00f6n\u00fcnde tespit edilen siyah arac\u0131n \u0130srail\u2019den al\u0131nan ve ortam dinlemede kullan\u0131lan donan\u0131ml\u0131 ara\u00e7lardan oldu\u011funu \u00f6ne s\u00fcrd\u00fc. MHP\u2019ye b\u00f6cek yerle\u015ftirilmedi\u011fini, ortam dinlemesi yap\u0131ld\u0131\u011f\u0131n\u0131 savunan Kocabey, ara\u00e7larla ve dinlemeyle ilgili \u00f6ne s\u00fcr\u00fclen \u00e7eli\u015fkilere y\u00f6nelik VATAN\u2019\u0131n sorular\u0131n\u0131 yan\u0131tlad\u0131: <!--more--><\/p>\n<p style=\"text-align: justify;\"><strong>Baz\u0131 bas\u0131n kurulu\u015flar\u0131 \u00f6nce siyah, sonra metalik sar\u0131 bir arabadan s\u00f6z etti\u011finizi belirterek bunun \u00e7eli\u015fkili oldu\u011funu \u00f6ne s\u00fcrd\u00fcler&#8230;<\/strong><\/p>\n<p style=\"text-align: justify;\">Onlar\u0131n yalan\u0131. Biz en ba\u015f\u0131ndan beri \u00f6yle bir \u015fey s\u00f6ylemedik. Biliyorsunuz \u00f6nce bir arabadan s\u00f6z etmi\u015ftik, siyah olan. 17 May\u0131s\u2019ta bir bas\u0131n a\u00e7\u0131klamas\u0131 yapt\u0131k ama sar\u0131 Ford Connect\u2019ten s\u00f6z etmedik. Asl\u0131nda o arac\u0131 da biliyorduk. Say\u0131n Bah\u00e7eli\u2019nin siyah ara\u00e7la ilgili a\u00e7\u0131klamas\u0131n\u0131n hemen ertesinde malum gazeteler Yeni \u015eafak, Sabah gibi \u2018Bah\u00e7eli yan\u0131lt\u0131ld\u0131, araba Almanya\u2019da bir galeriden al\u0131nd\u0131. Bu kamera \u015fakas\u0131\u2019 gibi olay\u0131 siyasi bir y\u00f6ne \u00e7evirmeye \u00e7al\u0131\u015ft\u0131lar. 18 May\u0131s g\u00fcn\u00fc tekrar bir haz\u0131rl\u0131k yaparak bir bas\u0131n a\u00e7\u0131klamas\u0131 yapt\u0131k ve iki ara\u00e7la ilgili yani hem sar\u0131 hem de siyahla ilgili iki CD haz\u0131rlatt\u0131k ve bas\u0131na da\u011f\u0131tt\u0131k.<\/p>\n<p style=\"text-align: justify;\"><strong>Sar\u0131 bir minib\u00fcs var ama sonu\u00e7 olarak ortada?<\/strong><\/p>\n<p style=\"text-align: justify;\">Biliyorsunuz MHP\u2019nin kar\u015f\u0131s\u0131ndaki alan 500 ara\u00e7 alabilen bir park yeridir. Biz sar\u0131 minib\u00fcs\u00fcn Emniyet arac\u0131 oldu\u011funu d\u00fc\u015f\u00fcnd\u00fck. O nedenle \u00f6ncelikle bunu g\u00fcndeme getirmedik. Di\u011fer ara\u00e7la ilgili ise bizim g\u00f6r\u00fcnt\u00fclerle birlikte ilk kaseti \u00e7\u0131kanlar\u0131n bulundu\u011fu evin etraf\u0131nda dola\u015ft\u0131\u011f\u0131 y\u00f6n\u00fcnde bize esnaftan, \u015fof\u00f6rlerden ihbar geldi. Ama biz profesyonel bir i\u015f oldu\u011funu anlam\u0131\u015ft\u0131k, ortadayd\u0131.<\/p>\n<p style=\"text-align: justify;\"><strong>Ama kasetler yay\u0131nland\u0131ktan sonra bu ihbar\u0131 ald\u0131n\u0131z de\u011fil mi?<\/strong><\/p>\n<p style=\"text-align: justify;\">Evet. Bu partiye g\u00f6n\u00fcl veren insanlar var. Onlar bu arac\u0131n o evin \u00f6n\u00fcnde g\u00f6r\u00fcld\u00fc\u011f\u00fcn\u00fc bildirdiler. Tam olarak semti bilmiyorum ama \u00e7evreden bu arac\u0131n \u015f\u00fcpheli bir bi\u00e7imde o b\u00f6lgede pek\u00e7ok kez gezdi\u011fi g\u00f6r\u00fclm\u00fc\u015f. MHP\u2019nin geriye d\u00f6n\u00fck 6 ayl\u0131k \u00e7ok iyi bir g\u00f6r\u00fcnt\u00fc sistemi var. Asl\u0131nda vakit bulamad\u0131k. \u0130zlesek o arac\u0131n o b\u00f6lgede pek \u00e7ok defa bulundu\u011funu da g\u00f6rebiliriz. 13 May\u0131s\u2019ta o siyah arac\u0131n partinin \u00f6n\u00fcnde oldu\u011funu tespit ettik. Say\u0131n Bah\u00e7eli\u2019nin Siyaset Meydan\u0131\u2019na \u00e7\u0131kaca\u011f\u0131 g\u00fcn de ilgin\u00e7 bir olay ya\u015fand\u0131. 15 May\u0131s\u2019ta 13.30 civar\u0131nda Genel Ba\u015fkan partiye giriyor. Ama o girmeden hemen \u00f6nce, 13.20 sular\u0131nda bu siyah araba o noktaya yerle\u015fiyor. Ard\u0131ndan sar\u0131 connect ge\u00e7iyor. Sonra genel ba\u015fkan partiye giriyor. Sonra ben bizzat kay\u0131tlar\u0131 inceledim. O siyah ara\u00e7 sabah saat 5.29\u2019da geliyor. Kar\u015f\u0131daki dire\u011fin hemen yan\u0131na park ediyor. Hepsi kamera g\u00f6r\u00fcnt\u00fclerinde var.<\/p>\n<p style=\"text-align: justify;\"><strong>Sar\u0131 araba burada devreye giriyor galiba&#8230;<\/strong><\/p>\n<p style=\"text-align: justify;\">Sar\u0131 arac\u0131n Emniyet\u2019e ait oldu\u011funu da zaten o malum kurulu\u015flar hemen g\u00fcndeme getirdi. Nereden biliyorsun? Bak\u0131n siz bunu bilmiyordunuz, \u2018Bu sar\u0131 ara\u00e7 nedir\u2019 diye bana soruyorsunuz. Ama onlar biliyor ve \u2018Emniyet\u2019in oto h\u0131rs\u0131zl\u0131k \u015fubesine ait, kar\u0131\u015ft\u0131rd\u0131lar\u2019 diye biz daha g\u00fcndeme getirmeden haber yap\u0131yorlar. Demek ki polisle ortak \u00e7al\u0131\u015f\u0131yorlar. Mesela foto\u011fraf\u0131 g\u00f6steriyoruz hemen \u2018Almanya\u2019da galeride\u2019 diye haber yap\u0131l\u0131yor. Demek ki polis o arac\u0131 buluyor, \u2018\u0130\u015fte o araba, bu de\u011fil. G\u00f6sterilen Almanya\u2019da bir galeride\u2019 diye haber servis ediyor. Nereden biliyorsun yoksa?<\/p>\n<p style=\"text-align: justify;\"><strong>Bu ara\u00e7lar\u0131n plakalar\u0131 nedir?<\/strong><\/p>\n<p style=\"text-align: justify;\">Sar\u0131 arac\u0131n plakas\u0131 06 LNP 34, siyah arac\u0131n 34 TS 6558.<\/p>\n<p style=\"text-align: justify;\"><strong>Sar\u0131 minib\u00fcs neden daha \u00f6nce g\u00fcndeme gelmedi?<\/strong><\/p>\n<p style=\"text-align: justify;\">Biz biliyorduk ama kamuoyuna s\u00f6ylemedik. \u2018Savc\u0131l\u0131\u011fa verelim, kime aitmi\u015f sorsunlar\u2019 dedik. Burada \u015f\u00fcphemiz \u015fuydu: 15 May\u0131s g\u00fcn\u00fc genel ba\u015fkandan 5 dakika \u00f6nce bu siyah ara\u00e7 ve sar\u0131 connenct ayn\u0131 y\u00f6nden, 1.5 dakika arayla ge\u00e7iyordu. \u201cBu ge\u00e7i\u015fi nas\u0131l a\u00e7\u0131klayacaklar\u201d diye sorduk, \u015f\u00fcphelerimizi savc\u0131ya ilettik.<\/p>\n<p style=\"text-align: justify;\"><strong>Peki, \u201cOrada g\u00f6revli polislerdi, partiye u\u011frad\u0131lar\u201d meselesi nas\u0131l ortaya \u00e7\u0131kt\u0131?<\/strong><\/p>\n<p style=\"text-align: justify;\">Yine o belirli gazeteler \u2018Emniyet h\u0131rs\u0131zl\u0131k masas\u0131na ait. Yok tesad\u00fcfen orada, daha \u00f6nce 4 kere geldik, yok h\u0131rs\u0131zl\u0131k var diye geldik, yok yemek yemeye merkeze gittiler\u2019 diye yazd\u0131lar. Bunlar\u0131n hi\u00e7birini biz s\u00f6ylemedik. Kendileri s\u00f6yl\u00fcyorlar. Bunun \u00fczerine zaten \u00f6nce siyah arac\u0131n ge\u00e7i\u015fini arkas\u0131ndan sar\u0131 connectin ge\u00e7i\u015f kay\u0131tlar\u0131n\u0131 verdik. Bu polisler MHP\u2019nin i\u00e7inde ne ar\u0131yor dedik. Ama dikkat edin biz s\u00f6ylemiyoruz, kendileri s\u00f6yl\u00fcyorlar.<\/p>\n<p style=\"text-align: justify;\"><strong>CHP\u2019li Ersin ara\u00e7lar i\u00e7in soru \u00f6nergesi vermi\u015fti<\/strong><\/p>\n<p style=\"text-align: justify;\">MHP\u2019liler parti genel merkezi \u00f6n\u00fcndeki arac\u0131n g\u00f6r\u00fcnt\u00fcs\u00fcn\u00fc \u00f6nceki g\u00fcn bas\u0131na da da\u011f\u0131tm\u0131\u015ft\u0131. \u0130srail\u2019den al\u0131nan ve yasad\u0131\u015f\u0131 dinleme yap\u0131lan ara\u00e7larla ilgili iddia ilk olarak CHP\u2019li Ahmet Ersin taraf\u0131ndan g\u00fcndeme getirilmi\u015fti. Ersin, MHP\u2019nin iddias\u0131n\u0131n do\u011fru olabilece\u011fini s\u00f6yleyerek \u201cBunlar\u0131n kimler taraf\u0131ndan ithal edildi\u011fini en az 4-5 y\u0131ldan beri soru\u015fturuyorum. Her seferinde gizli oldu\u011fu i\u00e7in bilgi verilemeyece\u011fi bana s\u00f6ylendi\u201d dedi.<\/p>\n<p style=\"text-align: justify;\"><strong>\u0130SRA\u0130L\u2019DEN ALINAN KAYIP ARA\u00c7LARLA D\u0130NLEME YAPILDI<\/strong><\/p>\n<p style=\"text-align: justify;\"><strong>Kasetleri yay\u0131nlayan siteleri kimlerin kurdu\u011funa, arkas\u0131nda kimlerin oldu\u011funa ula\u015fmak bu kadar zor mu?<\/strong><\/p>\n<p style=\"text-align: justify;\">Bak\u0131n ka\u00e7 g\u00fcnd\u00fcr alenen \u00e7\u0131k\u0131p su\u00e7lamalarda bulunuyorum. Bas\u0131na s\u00f6yl\u00fcyorum. Biz o arabalar\u0131n kime ait oldu\u011funu da biliyoruz. Ama Genel Ba\u015fkan\u0131m\u0131z \u2018Kamu g\u00f6revlileri, g\u00f6revlerini yaps\u0131nlar. Bunu ortaya \u00e7\u0131kars\u0131nlar\u2019 dedi. Savc\u0131l\u0131\u011fa verdik, ara\u015ft\u0131r\u0131yorlar. Savc\u0131l\u0131kta do\u011fru bilgileri ortaya \u00e7\u0131karmazsa biz gerekli a\u00e7\u0131klamay\u0131 yapar\u0131z.<\/p>\n<p style=\"text-align: justify;\"><strong>Ge\u00e7en y\u0131l partide bir b\u00f6cek aramas\u0131 olmu\u015ftu?<\/strong><\/p>\n<p style=\"text-align: justify;\">MHP\u2019ye b\u00f6cek yerle\u015ftirilmemi\u015f. Ortam dinlemesi yap\u0131lm\u0131\u015f. Bu siyah arac\u0131n \u0130srail\u2019den gelip yok olan 2 dinleme arac\u0131ndan biri oldu\u011funu d\u00fc\u015f\u00fcn\u00fcyoruz.<\/p>\n<p style=\"text-align: justify;\"><strong>\u0130srail\u2019den al\u0131nan hangi ara\u00e7lar? Polis mi dinleme i\u00e7in 12 ara\u00e7 ald\u0131?<\/strong><\/p>\n<p style=\"text-align: justify;\">Kamuoyuna yans\u0131m\u0131\u015ft\u0131. T\u00fcrkiye\u2019de hangi kurum ald\u0131, Genelkurmay m\u0131 polis mi ald\u0131 bilmiyorum. Ama 12 adet ara\u00e7 al\u0131n\u0131yor, 10 tanesi envanterde g\u00f6z\u00fck\u00fcyor. 2 tanesi ortada yok. Onlardan biri oldu\u011funu, \u0130srail yap\u0131m\u0131 bu 2 ara\u00e7tan birinin MHP\u2019de gelip ortam dinlemesi yapt\u0131\u011f\u0131n\u0131 d\u00fc\u015f\u00fcn\u00fcyoruz. O hadise yani 8 kaset hadidesi de bunlarla yap\u0131lm\u0131\u015ft\u0131r kanaatindeyiz: Ama dedi\u011fim gibi savc\u0131l\u0131\u011fa bilgileri verdik. Hemen sonu\u00e7land\u0131r\u0131lmas\u0131n\u0131 istiyoruz.<\/p>\n<p style=\"text-align: justify;\"><strong>Envanterden kast\u0131n\u0131z nedir?<\/strong><\/p>\n<p style=\"text-align: justify;\">Bir kamu kurumu ad\u0131na mesela ithalat yap\u0131lm\u0131\u015fsa o kamu kurumunun zimmetine bunlar kay\u0131t ediliyor. Burada da iddialara g\u00f6re 12 bu \u00f6zellikte ara\u00e7 T\u00fcrkiye\u2019ye giriyor. O kurumun kay\u0131tlar\u0131nda bulunmas\u0131 gerekiyor ama 2 tanesi yok. Biz kamuoyuna yans\u0131yan bu bilgiler \u0131\u015f\u0131\u011f\u0131nda bir ihtimal olarak bunun de\u011ferlendirilmesini istiyoruz. \u2018Kesin budur\u2019 demek elbette b\u00fcy\u00fck hata olur. Ama bu da soru\u015fturulmal\u0131.<\/p>\n<p style=\"text-align: justify;\"><a href=\"http:\/\/haber.gazetevatan.com\/dinleme-yapanlari-savci-aciklamazsa-biz-aciklariz\/378428\/1\/Gundem\" target=\"_blank\">Kaynak : Deniz G\u00fc\u00e7er &#8211; VATAN Gazetesi<\/a><\/p>\n","protected":false},"excerpt":{"rendered":"<p style=\"text-align: justify;\">\n<p style=\"text-align: justify;\">MHP\u2019nin avukat\u0131 Kocabey \u0130srail\u2019den al\u0131nan dinleme ara\u00e7lar\u0131ndan ikisinin kay\u0131p oldu\u011funu ve MHP\u2019de ortam dinlemesinin bu ara\u00e7larla yap\u0131ld\u0131\u011f\u0131n\u0131 iddia etti. Kocabey ara\u00e7lar\u0131n kime ait oldu\u011funu bildiklerini de a\u00e7\u0131klad\u0131.<\/p>\n<p style=\"text-align: justify;\">MHP\u2019nin savc\u0131l\u0131\u011fa su\u00e7 duyurusunda bulundu\u011fu siyah chyrsler marka ara\u00e7la ilgili ilgin\u00e7 bir iddia daha g\u00fcndeme geldi. MHP\u2019nin avukat\u0131 Hamdi Kocabey, MHP\u2019nin <\/p>\n","protected":false},"author":1,"featured_media":0,"comment_status":"open","ping_status":"closed","sticky":false,"template":"","format":"standard","meta":{"footnotes":""},"categories":[105],"tags":[],"class_list":["post-33155","post","type-post","status-publish","format-standard","hentry","category-gundem","odd"],"_links":{"self":[{"href":"http:\/\/www.korhanyilmaz.com\/index.php?rest_route=\/wp\/v2\/posts\/33155","targetHints":{"allow":["GET"]}}],"collection":[{"href":"http:\/\/www.korhanyilmaz.com\/index.php?rest_route=\/wp\/v2\/posts"}],"about":[{"href":"http:\/\/www.korhanyilmaz.com\/index.php?rest_route=\/wp\/v2\/types\/post"}],"author":[{"embeddable":true,"href":"http:\/\/www.korhanyilmaz.com\/index.php?rest_route=\/wp\/v2\/users\/1"}],"replies":[{"embeddable":true,"href":"http:\/\/www.korhanyilmaz.com\/index.php?rest_route=%2Fwp%2Fv2%2Fcomments&post=33155"}],"version-history":[{"count":0,"href":"http:\/\/www.korhanyilmaz.com\/index.php?rest_route=\/wp\/v2\/posts\/33155\/revisions"}],"wp:attachment":[{"href":"http:\/\/www.korhanyilmaz.com\/index.php?rest_route=%2Fwp%2Fv2%2Fmedia&parent=33155"}],"wp:term":[{"taxonomy":"category","embeddable":true,"href":"http:\/\/www.korhanyilmaz.com\/index.php?rest_route=%2Fwp%2Fv2%2Fcategories&post=33155"},{"taxonomy":"post_tag","embeddable":true,"href":"http:\/\/www.korhanyilmaz.com\/index.php?rest_route=%2Fwp%2Fv2%2Ftags&post=33155"}],"curies":[{"name":"wp","href":"https:\/\/api.w.org\/{rel}","templated":true}]}}