{"id":3315,"date":"2009-02-18T10:55:44","date_gmt":"2009-02-18T08:55:44","guid":{"rendered":"http:\/\/www.korhanyilmaz.com\/?p=3315"},"modified":"2009-02-18T10:55:44","modified_gmt":"2009-02-18T08:55:44","slug":"dosya-geldi-geregini-yap","status":"publish","type":"post","link":"http:\/\/www.korhanyilmaz.com\/?p=3315","title":{"rendered":"&#039;Dosya geldi gere\u011fini yap!&#039;"},"content":{"rendered":"<p style=\"text-align: center;\"><img loading=\"lazy\" decoding=\"async\" class=\"size-full wp-image-3316 alignnone\" title=\"CHP Genel Ba\u015fkan\u0131 Deniz Baykal\" src=\"http:\/\/www.korhanyilmaz.com\/wp-content\/uploads\/2009\/02\/170220091413255542964_2.jpg\" alt=\"CHP Genel Ba\u015fkan\u0131 Deniz Baykal\" width=\"193\" height=\"102\" \/><\/p>\n<p style=\"text-align: justify;\"><strong>Fener dosyas\u0131n\u0131 g\u00f6steren Baykal&#8217;dan Erdo\u011fan&#8217;a&#8230; <\/strong><\/p>\n<p style=\"text-align: justify;\">CHP Genel Ba\u015fkan\u0131 Deniz Baykal, d\u00fcn partisinin grup toplant\u0131s\u0131nda Ba\u015fbakan Erdo\u011fan&#8217;a y\u00fcklenerek \u015f\u00f6yle konu\u015ftu:<\/p>\n<p style=\"text-align: justify;\"><strong>Laubali: <\/strong>T\u00fcrkiye b\u00fcy\u00fck s\u0131k\u0131nt\u0131 i\u00e7indeyken bundan birinci derecede sorumlu olmas\u0131 gereken Ba\u015fbakan, T\u00fcrkiye&#8217;de bug\u00fcne kadar hi\u00e7bir ba\u015fbakanda g\u00f6r\u00fclmeyen laubali bir \u00fcslup ve ne yapaca\u011f\u0131n\u0131 \u015fa\u015f\u0131rm\u0131\u015f \u015fekilde, ona, buna sald\u0131r\u0131yor. Bir ba\u015fbakana hi\u00e7bir \u015fekilde yak\u0131\u015fmayacak \u00fcslubun i\u00e7inde; medyaya k\u0131z\u0131yor, yazarlar\u0131n hayvan sevgisiyle, yak\u0131\u015f\u0131ks\u0131z bir \u00fcslupla alay etmeye \u00e7al\u0131\u015f\u0131yor. <!--more-->Ziya Pa\u015fa&#8217;dan at\u0131flar yapmaya \u00e7al\u0131\u015f\u0131yor, y\u00fcz\u00fcne g\u00f6z\u00fcne bula\u015ft\u0131r\u0131yor. Diyojenleri kar\u0131\u015ft\u0131r\u0131yor. Bu tablo kar\u015f\u0131s\u0131nda b\u00f6yle bir laubali ba\u015fbakanl\u0131k \u00fcslubu, T\u00fcrkiye&#8217;ye yak\u0131\u015fm\u0131yor.<\/p>\n<p style=\"text-align: justify;\"><strong>\u0130\u015fte sana dosya:<\/strong> Deniz Feneri yolsuzlu\u011fu konusunda d\u00fcnya ve T\u00fcrkiye bekleyi\u015f i\u00e7inde. Alman mahkemeleri konuyu inceledi, sonu\u00e7lar\u0131 \u00e7\u0131kt\u0131, \u015fimdi T\u00fcrk yarg\u0131n\u0131n konuya el atmas\u0131 laz\u0131m. Bir \u015fey bekleniyor: &#8216;Alman mahkemesi dosyay\u0131 g\u00f6ndersin biz de bakal\u0131m.&#8217; G\u00f6ndermese de bir \u015fey yapman gerekmiyor mu, sen Alman mahkemesine mecbur musun, senin yarg\u0131n, emniyetin, savc\u0131n, hakimin yok mu? T\u00fcrkiye, aylard\u0131r Godot&#8217;yu, hac\u0131 bekler gibi, dosyay\u0131 bekliyor. Almanya bu konuda karar al\u0131rken, birisinden dosya m\u0131 bekledi? Hukukunu i\u015fletti, emniyeti, savc\u0131s\u0131, hakimi \u00e7al\u0131\u015ft\u0131, \u00f6rnek \u015fekilde, h\u0131zla karar \u00e7\u0131kt\u0131. Dosya bekliyorlarm\u0131\u015f, al bekliyorsan, i\u015fte sana dosya&#8230; Koca T\u00fcrkiye, ap\u0131\u015fm\u0131\u015f kalm\u0131\u015f, dosya bekliyor. Devletin g\u00fcc\u00fc bu dosyay\u0131 getirmeye yetmiyor, CHP getiriyor. \u0130\u015fte dosya burada duruyor, yap gere\u011fini.<\/p>\n<p style=\"text-align: justify;\"><strong>Ahirete havale:<\/strong> Bir eve h\u0131rs\u0131z girmi\u015f, 3 tane kasa bulmu\u015f. \u0130ki b\u00fcy\u00fck kasay\u0131 \u00e7\u0131karamam\u0131\u015flar. K\u00fc\u00e7\u00fc kasay\u0131 a\u00e7m\u0131\u015flar. 2.2 trilyon \u00e7\u0131km\u0131\u015f. H\u0131rs\u0131zlar\u0131 tan\u0131yan birisi, &#8216;Bu kime ait&#8217; diye merak etmi\u015f, soru\u015fturmu\u015f ve \u00f6\u011frenmi\u015f ki \u0130stanbul B\u00fcy\u00fck\u015fehir Belediyesi&#8217;nin imar dan\u0131\u015fman\u0131na ait bir evden \u00e7al\u0131nm\u0131\u015f. Kasas\u0131 al\u0131nan, &#8216;Bu i\u015fi kurcalamamaya karar verdik. Allah&#8217;\u0131ndan bulsun. Ahirette bunun hesab\u0131n\u0131 verecektir&#8217; demi\u015f. Hangi \u00fclkede ya\u015f\u0131yoruz? 2.2 trilyonu ahirete havale eden bir zenginlik.<\/p>\n<h4 style=\"text-align: justify;\">Fener dosyas\u0131 neden gelmiyor?<\/h4>\n<p style=\"text-align: justify;\"><strong>Baykal&#8217;\u0131n &#8220;Al sana dosya&#8221; s\u00f6zlerine h\u00fck\u00fcmeten yan\u0131t geldi<\/strong><\/p>\n<p style=\"text-align: justify;\">Adalet Bakan\u0131 Mehmet Ali \u015eahin, CHP&#8217;nin Deniz Feneri davas\u0131n\u0131n dosyas\u0131n\u0131 Alman makamlar\u0131n\u0131n T\u00fcrkiye&#8217;ye g\u00f6nderdi\u011fi yolundaki iddialar\u0131na yan\u0131t verdi ve &#8220;Alman makamlar\u0131, dosyay\u0131 T\u00fcrkiye&#8217;ye g\u00f6ndermeden \u00f6nce, eski bir gazeteci arkada\u015fa vermi\u015fse, D\u0131\u015fi\u015fleri Bakanl\u0131\u011f\u0131 da bu konuda Alman makamlar\u0131ndan a\u00e7\u0131klama beklemektedir. Alman Adalet Bakan\u0131 misafirimiz olacak bu konuyu da kendisiyle g\u00f6r\u00fc\u015fece\u011fim ve bu konuda bilgi alaca\u011f\u0131m&#8221; dedi.<\/p>\n<p style=\"text-align: justify;\">Adalet Bakan\u0131 \u015eahin, Etik \u00dcst Kurulu&#8217;nun TBMM ve Adalet Bakanl\u0131\u011f\u0131&#8217;n\u0131n katk\u0131lar\u0131yla d\u00fczenledi\u011fi, &#8220;Yasama ve Yarg\u0131 Eti\u011fi Alan\u0131ndaki Geli\u015fmeler&#8221; konusu uluslar aras\u0131 konferans\u0131 gazetecilerin sorular\u0131n\u0131 yan\u0131tlad\u0131. CHP&#8217;nin \u00f6nceki g\u00fcn g\u00fcndeme getirdi\u011fi Deniz Feneri Davas\u0131 ile ilgili iddialara ili\u015fkin Bakan \u015eahin, \u00fclkeler birbirlerinden, gazeteciler arac\u0131l\u0131\u011f\u0131 ile de\u011fil, aralar\u0131nda var olan ya da var olmas\u0131 gereken adli yard\u0131mla\u015fma \u00e7er\u00e7evesi i\u00e7inde dosya talebinde bulunabileceklerini s\u00f6yledi.<\/p>\n<p style=\"text-align: justify;\">\u015eahin,&#8221;Bunu en iyi bilmesi gereken ki\u015filerden bir tanesi de Meclisin en tecr\u00fcbeli siyaset\u00e7ilerinden biri olan ve bir d\u00f6nem D\u0131\u015fi\u015fleri Bakanl\u0131\u011f\u0131 da yapm\u0131\u015f olan Baykal&#8217;d\u0131r. Baykal, T\u00fcrkiye&#8217;nin bir ba\u015fka \u00fclkeden isteyece\u011fi bilgi ve belgeyi sadece diplomatik yolla isteyebilece\u011fimizi ve bunun da yolunun D\u0131\u015fi\u015fler Bakanl\u0131klar\u0131 ve diplomatik misyonlar oldu\u011funu \u00e7ok iyi bilir. Ancak, maalesef CHP ve onun Genel Ba\u015fkan\u0131 her \u015feyi siyaset malzemesi yapt\u0131\u011f\u0131 gibi b\u00f6ylesine bir konuyu da siyaset malzemesi yapmaktad\u0131r. E\u011fer Alman makamlar\u0131 T\u00fcrkiye Cumhuriyeti Devleti&#8217;nin istedi\u011fi dosyay\u0131, T\u00fcrkiye&#8217;ye g\u00f6ndermeden \u00f6nce CHP&#8217;nin Merkez Y\u00fcr\u00fctme Kurulu \u00fcyesi ve eski bir gazeteciye vermi\u015fse, D\u0131\u015fi\u015fleri Bakanl\u0131\u011f\u0131 kanal\u0131yla da Alman makamlar\u0131ndan bu konuda a\u00e7\u0131klama bekledi\u011fimizi ifade etmek istiyorum.&#8221;<\/p>\n<p style=\"text-align: justify;\">\n<p style=\"text-align: justify;\">Alman makamlar\u0131ndan bu konuda bilgi istenece\u011fini de ifade eden \u015eahin, &#8220;E\u011fer Alman makamlar\u0131, dosyay\u0131 T\u00fcrkiye&#8217;ye g\u00f6ndermeden \u00f6nce, eski bir gazeteci arkada\u015fa vermi\u015fse, D\u0131\u015fi\u015fleri Bakanl\u0131\u011f\u0131 da bu konuda alman makamlar\u0131ndan a\u00e7\u0131klama beklemektedir. Alman Adalet Bakan\u0131 misafirimiz olacak bu konuyu da kendisiyle g\u00f6r\u00fc\u015fece\u011fim ve bu konuda bilgi alaca\u011f\u0131m&#8221; dedi.<\/p>\n<p style=\"text-align: justify;\"><strong>-&#8220;AVUKATLAR SIZDIRIYOR&#8221;-<\/strong><\/p>\n<p style=\"text-align: justify;\">Bakan \u015eahin bir soru \u00fczerine de, Ergenekon davas\u0131ndaki bilgilerin avukatlar\u0131n s\u0131zd\u0131rd\u0131\u011f\u0131n\u0131 savundu ve \u00f6zetle \u015f\u00f6yle dedi:<\/p>\n<p style=\"text-align: justify;\">&#8220;Yarg\u0131 mensuplar\u0131ndan acaba b\u00f6yle bir s\u0131zma olmu\u015f mudur, bunun ara\u015ft\u0131rmas\u0131n\u0131 istemi\u015ftim. Hen\u00fcz bunun sonu\u00e7lar\u0131 gelmedi. Bir tanesi \u015fu anda Kanada&#8217;da bulunan bir ki\u015finin emniyetteki ifade kasetlerinin televizyonlarda ayn\u0131 anda yay\u0131nlanmas\u0131 ger\u00e7e\u011fi kar\u015f\u0131s\u0131nda \u015fa\u015fk\u0131na d\u00f6nd\u00fcm. Radikal Gazetesi&#8217;nde yay\u0131nlanan bir g\u00f6r\u00fc\u015fme tutana\u011f\u0131 ile ilgili bilgilerin nereden temin edildi\u011fi ile ilgili, bizim muhabirimiz \u0130stanbul&#8217;da bunun \u0130brahim \u015eahin&#8217;in avukat\u0131ndan ald\u0131 denildi. Demek ki bu bilgiler genellikle avukatlardan s\u0131zmaktad\u0131r. Baro ba\u015fkan\u0131 yarg\u0131y\u0131 ele\u015ftirece\u011fi yerde, bu su\u00e7u i\u015fleyen avukatlar i\u00e7in ne yap\u0131yor? Bu konuda kamuyu ayd\u0131nlat\u0131rlarsa sevinirim.&#8221;<\/p>\n<p style=\"text-align: justify;\"><strong>-\u00c7\u00d6MEZ T\u00dcRK\u0130YE&#8217;YE GELMEL\u0130-<\/strong><\/p>\n<p style=\"text-align: justify;\">Adalet Bakan\u0131 \u015eahin, Bal\u0131kesir eski milletvekili Turhan \u00c7\u00f6mez&#8217;in \u0130ngiltere&#8217;ye yerle\u015fmek i\u00e7in ba\u015fvuruda bulundu\u011funu hat\u0131rlatmas\u0131 \u00fczerine de, &#8220;Say\u0131n \u00c7\u00f6mez kendinden eminse, su\u00e7 i\u015flemedi\u011fi d\u00fc\u015f\u00fcncesindeyse T\u00fcrkiye&#8217;ye gelmelidir. Gelerek sorulacak sorulara cevap vermesini tavsiye ederim. B\u00f6yle ka\u00e7ak bir durumda eski bir milletvekilinin, ba\u015fka bir isimle \u0130ngiltere&#8217;den oturma izni talebinde bulunmas\u0131n\u0131 kendisine ve kariyerine yak\u0131\u015ft\u0131ramad\u0131m&#8221; diye konu\u015ftu.<\/p>\n<p style=\"text-align: justify;\"><span style=\"color: #888888;\">Kaynak : Vatan Gazetesi<\/span><\/p>\n","protected":false},"excerpt":{"rendered":"<p style=\"text-align: center;\">\n<p style=\"text-align: justify;\">Fener dosyas\u0131n\u0131 g\u00f6steren Baykal&#8217;dan Erdo\u011fan&#8217;a&#8230; <\/p>\n<p style=\"text-align: justify;\">CHP Genel Ba\u015fkan\u0131 Deniz Baykal, d\u00fcn partisinin grup toplant\u0131s\u0131nda Ba\u015fbakan Erdo\u011fan&#8217;a y\u00fcklenerek \u015f\u00f6yle konu\u015ftu:<\/p>\n<p style=\"text-align: justify;\">Laubali: T\u00fcrkiye b\u00fcy\u00fck s\u0131k\u0131nt\u0131 i\u00e7indeyken bundan birinci derecede sorumlu olmas\u0131 gereken Ba\u015fbakan, T\u00fcrkiye&#8217;de bug\u00fcne kadar hi\u00e7bir ba\u015fbakanda g\u00f6r\u00fclmeyen laubali bir \u00fcslup ve ne yapaca\u011f\u0131n\u0131 \u015fa\u015f\u0131rm\u0131\u015f \u015fekilde, <\/p>\n","protected":false},"author":1,"featured_media":0,"comment_status":"open","ping_status":"closed","sticky":false,"template":"","format":"standard","meta":{"footnotes":""},"categories":[105],"tags":[],"class_list":["post-3315","post","type-post","status-publish","format-standard","hentry","category-gundem","odd"],"_links":{"self":[{"href":"http:\/\/www.korhanyilmaz.com\/index.php?rest_route=\/wp\/v2\/posts\/3315","targetHints":{"allow":["GET"]}}],"collection":[{"href":"http:\/\/www.korhanyilmaz.com\/index.php?rest_route=\/wp\/v2\/posts"}],"about":[{"href":"http:\/\/www.korhanyilmaz.com\/index.php?rest_route=\/wp\/v2\/types\/post"}],"author":[{"embeddable":true,"href":"http:\/\/www.korhanyilmaz.com\/index.php?rest_route=\/wp\/v2\/users\/1"}],"replies":[{"embeddable":true,"href":"http:\/\/www.korhanyilmaz.com\/index.php?rest_route=%2Fwp%2Fv2%2Fcomments&post=3315"}],"version-history":[{"count":0,"href":"http:\/\/www.korhanyilmaz.com\/index.php?rest_route=\/wp\/v2\/posts\/3315\/revisions"}],"wp:attachment":[{"href":"http:\/\/www.korhanyilmaz.com\/index.php?rest_route=%2Fwp%2Fv2%2Fmedia&parent=3315"}],"wp:term":[{"taxonomy":"category","embeddable":true,"href":"http:\/\/www.korhanyilmaz.com\/index.php?rest_route=%2Fwp%2Fv2%2Fcategories&post=3315"},{"taxonomy":"post_tag","embeddable":true,"href":"http:\/\/www.korhanyilmaz.com\/index.php?rest_route=%2Fwp%2Fv2%2Ftags&post=3315"}],"curies":[{"name":"wp","href":"https:\/\/api.w.org\/{rel}","templated":true}]}}