{"id":33146,"date":"2011-05-20T10:58:06","date_gmt":"2011-05-20T07:58:06","guid":{"rendered":"http:\/\/www.korhanyilmaz.com\/?p=33146"},"modified":"2011-05-20T10:58:06","modified_gmt":"2011-05-20T07:58:06","slug":"thy-koln-mudurunun-sozleri-basina-is-acti","status":"publish","type":"post","link":"http:\/\/www.korhanyilmaz.com\/?p=33146","title":{"rendered":"THY K\u00f6ln M\u00fcd\u00fcr\u00fc&#8217;n\u00fcn s\u00f6zleri ba\u015f\u0131na i\u015f a\u00e7t\u0131"},"content":{"rendered":"<p style=\"text-align: justify;\"><a href=\"http:\/\/www.korhanyilmaz.com\/wp-content\/uploads\/2011\/05\/263.jpg\"  class=\"lightview\"><img loading=\"lazy\" decoding=\"async\" class=\"size-full wp-image-33152 aligncenter\" src=\"http:\/\/www.korhanyilmaz.com\/wp-content\/uploads\/2011\/05\/263.jpg\" alt=\"\" width=\"414\" height=\"221\" \/><\/a><\/p>\n<p style=\"text-align: justify;\">T\u00fcrk Hava Yollar\u0131 (THY) K\u00f6ln M\u00fcd\u00fcr\u00fc \u0130sa Al&#8217;\u0131n K\u00f6ln ve D\u00fcsseldorf Ba\u015fkonsoloslar\u0131 ile e\u015flerine y\u00f6nelik s\u00f6zler s\u00f6yledi\u011fi iddias\u0131yla kurum taraf\u0131ndan merkeze \u00e7ekildi.<\/p>\n<p style=\"text-align: justify;\">T\u00fcrk Hava Yollar\u0131 (THY) K\u00f6ln M\u00fcd\u00fcr\u00fc \u0130sa Al, video payla\u015f\u0131m sitesi Youtube\u2019da yer alan ses kayd\u0131nda, T\u00fcrkiye Cumhuriyeti Devleti\u2019nin D\u00fcsseldorf ve K\u00f6ln Ba\u015fkonsoloslar\u0131 ile e\u015flerini hedef alan a\u011f\u0131r s\u00f6zler s\u00f6yledi\u011fi iddias\u0131yla THY taraf\u0131ndan merkeze \u00e7ekildi. <!--more--><\/p>\n<p style=\"text-align: justify;\"><strong>BA\u015eKONSOLOS VE E\u015eLER\u0130N\u0130 HEDEF ALDI<\/strong><\/p>\n<p style=\"text-align: justify;\">DHA&#8217;n\u0131n haberine g\u00f6re THY K\u00f6ln M\u00fcd\u00fcr\u00fc \u0130sa Al, sosyal payla\u015f\u0131m sitesinde yer alan ve yakla\u015f\u0131k 3 dakika s\u00fcren videoda K\u00f6ln ve D\u00fcsseldorf Ba\u015fkonsoloslar\u0131 ile e\u015flerinin camiye ayakkab\u0131lar\u0131n\u0131 \u00e7\u0131karmadan galo\u015fla girmeye \u00e7al\u0131\u015ft\u0131klar\u0131n\u0131 ileri s\u00fcr\u00fcyor. Al ayr\u0131ca, camiye u\u011framayan konsoloslar\u0131n art\u0131k T\u00fcrkiye\u2019den \u00fcst d\u00fczey bir ziyaret oldu\u011fu zaman camilere ve Milli G\u00f6r\u00fc\u015f\u2019e ko\u015ftuklar\u0131n\u0131 s\u00f6yl\u00fcyor.<\/p>\n<p style=\"text-align: justify;\"><strong>CAM\u0130YE GALOSLA G\u0130R\u0130YORLAR, KIBLEY\u0130 B\u0130LM\u0130YORLAR<\/strong><\/p>\n<p style=\"text-align: justify;\">Ortaya \u00e7\u0131kan ses kayd\u0131nda \u0130sa Al\u2019a ait oldu\u011fu iddia edilen o s\u00f6zler, \u015f\u00f6yle:<\/p>\n<p style=\"text-align: justify;\">&#8220;Alman devleti bizi devaml\u0131 birbirimize d\u00fc\u015f\u00fcrmek ister ama bizim d\u00fc\u015fmememiz laz\u0131m, bir araya gelmemiz laz\u0131m, oyunu bozmam\u0131z laz\u0131m. Onu da ge\u00e7mi\u015fte yapmam\u0131z imkans\u0131zd\u0131. \u00c7\u00fcnk\u00fc T\u00fcrk devleti Alman devletinden k\u0131smen daha k\u00f6t\u00fcyd\u00fc \u0130slam d\u00fc\u015fmanl\u0131\u011f\u0131 bak\u0131m\u0131ndan. Ama \u015fimdi konsoloslar geliyor, ilk ziyaret ettikleri yerler AT\u0130, Milli G\u00f6r\u00fc\u015f, konsolos bir \u015fey oldu mu hemen orada. An\u0131nda orada. Ge\u00e7en B\u00fclent Ar\u0131n\u00e7 gelmi\u015fti. Bakt\u0131m Milli G\u00f6r\u00fc\u015f\u2019\u00fcn ba\u015fkan\u0131n\u0131 \u00e7a\u011f\u0131rm\u0131\u015f, \u0130slam K\u00fclt\u00fcr Merkezlerini hepsini \u00e7a\u011f\u0131rm\u0131\u015f. Orada namaz k\u0131lmak istedi. Demi\u015f \u2018 K\u0131ble ne tarafa? \u2018K\u0131ble bu tarafta\u2019 demi\u015f. Hemen din ate\u015fesini \u00e7a\u011f\u0131rd\u0131. \u2018Sen k\u0131bleyi tekrar g\u00f6ster\u2019 dedi. G\u00fcvenmiyor konsolosa \u00e7\u00fcnk\u00fc adam k\u0131blenin nerede oldu\u011funu bilmiyor, \u00f6yle bir \u015fey yok. &amp;lsquo;Ya Say\u0131n Ba\u015fbakan Yard\u0131mc\u0131m bu evde de namaz k\u0131l\u0131n\u0131yor\u2019 diyor. \u2018K\u0131l\u0131n\u0131yor ama kar\u0131n \u00e7\u0131r\u0131l \u00e7\u0131plak. Sen kar\u0131na bak, diyor\u2019. Sana bakan niye g\u00fcvensin? Ger\u00e7i ayn\u0131ym\u0131\u015f k\u0131ble. Bir devlet, Ba\u015fbakan Yard\u0131mc\u0131s\u0131 ba\u015fkonsolosuna g\u00fcvenemiyor. O diyor ki, \u2018k\u0131ble b\u00f6yle\u2019 \u2019yok\u2019 diyor illa teyid etmesi gerekiyor. Niye \u00e7\u00fcnk\u00fc g\u00fcven telkin etmiyor karde\u015fim. Bunlar\u0131n b\u00f6yle \u015feylerden hi\u00e7 nasipleri yok adamlar\u0131n. D\u0131\u015fi\u015flerinde bir tane o zamana kadar ben tan\u0131mad\u0131m. Daha d\u00fcn D\u00fcsseldorf Ba\u015fkonsolosu \u2018 Ya kad\u0131nlar ayaklar\u0131na galo\u015f giyip i\u00e7eriye girebilirler mi?\u2019 demi\u015f. Demi\u015f ki \u2018Ya b\u00f6yle \u015fey olur mu Sultanahmet\u2019e gelen turistler bile ayakkab\u0131lar\u0131n\u0131 \u00e7\u0131kar\u0131p \u00f6yle giriyorlar camiye. Bunu duymam\u0131\u015f olay\u0131m girmesinler o zaman camiye\u2019 demi\u015f. Bizim T\u00fcrk kad\u0131nlar\u0131 ayakkab\u0131lar ile girecekler camiye e\u015fekli\u011fe bak&#8221;<\/p>\n<p style=\"text-align: justify;\"><strong>THY MERKEZE \u00c7EKT\u0130<\/strong><\/p>\n<p style=\"text-align: justify;\">T\u00fcrk Hava Yollar\u0131, K\u00f6ln M\u00fcd\u00fcr\u00fc \u0130sa Al\u2019\u0131n s\u00f6yledi\u011fi iddia edilen bu konu\u015fmalar\u0131n\u0131n sosyal payla\u015f\u0131m sitelerinde yer almas\u0131n\u0131n ard\u0131ndan s\u00f6zlerin incelenmesi amac\u0131yla Al\u2019\u0131 merkeze \u00e7ekti. Al\u2019\u0131n \u00f6nceki g\u00fcn \u0130stanbul\u2019a geldi\u011fi \u00f6\u011frenildi.<\/p>\n<p style=\"text-align: justify;\"><a href=\"http:\/\/www.gazeteport.com.tr\/EKONOMI\/NEWS\/GP_907720\" target=\"_blank\">Kaynak : GAZETEPORT<\/a><\/p>\n<p style=\"text-align: center;\">&#8212;&#8212;&#8212;&#8212;&#8212;&#8212;&#8212;&#8212;&#8212;&#8212;&#8212;&#8212;&#8212;&#8212;&#8212;&#8212;&#8212;&#8212;&#8212;&#8212;&#8212;&#8212;&#8212;&#8212;&#8212;&#8212;&#8212;&#8212;&#8212;&#8212;&#8212;&#8212;-<\/p>\n<p style=\"text-align: center;\">[flv]http:\/\/video.beyazgazete.com\/video\/2011\/05\/19\/2011051913496.f4v[\/flv]<\/p>\n<p style=\"text-align: justify;\"><span style=\"color: #888888;\">Video Kayna\u011f\u0131 :<a href=\"http:\/\/www.beyazgazete.com\/video\/2011\/05\/19\/thy-muduru-nden-sok-sozler.html\" target=\"_blank\"><span style=\"color: #888888;\"> http:\/\/www.beyazgazete.com\/video\/2011\/05\/19\/thy-muduru-nden-sok-sozler.html<\/span><\/a><\/span><\/p>\n","protected":false},"excerpt":{"rendered":"<p style=\"text-align: justify;\">\n<p style=\"text-align: justify;\">T\u00fcrk Hava Yollar\u0131 (THY) K\u00f6ln M\u00fcd\u00fcr\u00fc \u0130sa Al&#8217;\u0131n K\u00f6ln ve D\u00fcsseldorf Ba\u015fkonsoloslar\u0131 ile e\u015flerine y\u00f6nelik s\u00f6zler s\u00f6yledi\u011fi iddias\u0131yla kurum taraf\u0131ndan merkeze \u00e7ekildi.<\/p>\n<p style=\"text-align: justify;\">T\u00fcrk Hava Yollar\u0131 (THY) K\u00f6ln M\u00fcd\u00fcr\u00fc \u0130sa Al, video payla\u015f\u0131m sitesi Youtube\u2019da yer alan ses kayd\u0131nda, T\u00fcrkiye Cumhuriyeti Devleti\u2019nin D\u00fcsseldorf ve K\u00f6ln Ba\u015fkonsoloslar\u0131 ile e\u015flerini hedef <\/p>\n","protected":false},"author":1,"featured_media":0,"comment_status":"open","ping_status":"closed","sticky":false,"template":"","format":"standard","meta":{"footnotes":""},"categories":[105],"tags":[],"class_list":["post-33146","post","type-post","status-publish","format-standard","hentry","category-gundem","odd"],"_links":{"self":[{"href":"http:\/\/www.korhanyilmaz.com\/index.php?rest_route=\/wp\/v2\/posts\/33146","targetHints":{"allow":["GET"]}}],"collection":[{"href":"http:\/\/www.korhanyilmaz.com\/index.php?rest_route=\/wp\/v2\/posts"}],"about":[{"href":"http:\/\/www.korhanyilmaz.com\/index.php?rest_route=\/wp\/v2\/types\/post"}],"author":[{"embeddable":true,"href":"http:\/\/www.korhanyilmaz.com\/index.php?rest_route=\/wp\/v2\/users\/1"}],"replies":[{"embeddable":true,"href":"http:\/\/www.korhanyilmaz.com\/index.php?rest_route=%2Fwp%2Fv2%2Fcomments&post=33146"}],"version-history":[{"count":0,"href":"http:\/\/www.korhanyilmaz.com\/index.php?rest_route=\/wp\/v2\/posts\/33146\/revisions"}],"wp:attachment":[{"href":"http:\/\/www.korhanyilmaz.com\/index.php?rest_route=%2Fwp%2Fv2%2Fmedia&parent=33146"}],"wp:term":[{"taxonomy":"category","embeddable":true,"href":"http:\/\/www.korhanyilmaz.com\/index.php?rest_route=%2Fwp%2Fv2%2Fcategories&post=33146"},{"taxonomy":"post_tag","embeddable":true,"href":"http:\/\/www.korhanyilmaz.com\/index.php?rest_route=%2Fwp%2Fv2%2Ftags&post=33146"}],"curies":[{"name":"wp","href":"https:\/\/api.w.org\/{rel}","templated":true}]}}