{"id":33108,"date":"2011-05-20T02:55:58","date_gmt":"2011-05-19T23:55:58","guid":{"rendered":"http:\/\/www.korhanyilmaz.com\/?p=33108"},"modified":"2011-05-20T02:55:58","modified_gmt":"2011-05-19T23:55:58","slug":"33108","status":"publish","type":"post","link":"http:\/\/www.korhanyilmaz.com\/?p=33108","title":{"rendered":"K\u0131l\u0131\u00e7daro\u011flu Erdo\u011fan&#8217;a neden b\u00f6yle seslendi&#8230;"},"content":{"rendered":"<p style=\"text-align: center;\"><a href=\"http:\/\/www.korhanyilmaz.com\/wp-content\/uploads\/2011\/05\/258.jpg\"  class=\"lightview\"><img loading=\"lazy\" decoding=\"async\" class=\"aligncenter size-full wp-image-33110\" src=\"http:\/\/www.korhanyilmaz.com\/wp-content\/uploads\/2011\/05\/258.jpg\" alt=\"\" width=\"419\" height=\"203\" \/><\/a><\/p>\n<p style=\"text-align: justify;\">CHP Genel Ba\u015fkan\u0131 Say\u0131n Kemal K\u0131l\u0131\u00e7daro\u011flu Mehmet Ali Birand\u2019\u0131n 32. G\u00fcn program\u0131n\u0131n konu\u011fuydu. Birand\u2019a \u00f6nemli a\u00e7\u0131klamalar yapt\u0131. Konu\u015fmadan baz\u0131 ba\u015fl\u0131klar \u015f\u00f6yle:<\/p>\n<p style=\"text-align: justify;\">\u201c\u2026Ba\u015fbakan komutan aya\u011fa kalkmad\u0131, onun i\u00e7in lay\u0131\u011f\u0131n\u0131 buldu diyor. Aya\u011fa kalksayd\u0131 demek ki komutan Silivri\u2019ye gitmeyecekti. Ba\u015fbakan bir zamanlar \u00fcst\u00fcnlerin hukuku de\u011fil hukukun \u00fcst\u00fcnl\u00fc\u011f\u00fcn\u00fc savunuyoruz derdi. Demek ki \u015fimdi ba\u015fbakan\u0131n \u00f6zel bir hukuku var. Kalkmad\u0131, at\u0131n i\u00e7eriye, diyebilece\u011fi bir polis \u00f6rg\u00fct\u00fc, hukuk sistemi kurmu\u015f. Remzi G\u00fcr\u2019den para istedi\u011fi i\u00e7in konu\u015fma band\u0131n\u0131 yay\u0131nlayanlar da bug\u00fcn Silivri\u2019de.<!--more--><\/p>\n<p style=\"text-align: justify;\">(\u2026)<\/p>\n<p style=\"text-align: justify;\">Bu \u00fclkenin Ba\u015fbakan\u2019\u0131 kendi kabinesindeki bakanlar\u0131 t\u00f6hmet alt\u0131nda b\u0131rakt\u0131. O bakanlar\u0131n \u00e7\u0131k\u0131p ey ba\u015fbakan \u00e7\u0131k benim hakk\u0131mda ne biliyorsan a\u00e7\u0131kla, demeleri gerekmez mi? K\u00fcr\u015fat T\u00fczmen bana de\u011fil Ba\u015fbakan\u2019a bu soruyu sormas\u0131 laz\u0131m. Sen benim bakan\u0131m de\u011filsin ki. Olaylar\u0131 ayr\u0131nt\u0131lar\u0131 bilen Ba\u015fbakan. Git ona sor, beni ni\u00e7in t\u00f6hmet alt\u0131nda b\u0131rakt\u0131n! Git onunla restle\u015f!\u201d<\/p>\n<p style=\"text-align: justify;\">K\u0131l\u0131\u00e7daro\u011flu Birand\u2019\u0131 da ele\u015ftirdi:<\/p>\n<p style=\"text-align: justify;\">\u201cKonu\u015fmalar\u0131m\u0131n t\u00fcm\u00fcnde projelerimi a\u00e7\u0131kl\u0131yorum. Bir ya da iki dakika bana yap\u0131lan sald\u0131r\u0131ya yan\u0131t veriyorum. Hemen o polemi\u011fi \u00f6n plana \u00e7\u0131kar\u0131yorsunuz!<\/p>\n<p style=\"text-align: justify;\">(\u2026)<\/p>\n<p style=\"text-align: justify;\">Gel TV program\u0131na \u00e7\u0131kal\u0131m diyorum. Sen sor ben soray\u0131m. Gelmiyor. Ba\u015fbakan korkuyor. \u00c7\u00fcnk\u00fc bilgi birikimi yetersiz. Yenilece\u011finden korkuyor!<\/p>\n<p style=\"text-align: justify;\">(\u2026)<\/p>\n<p style=\"text-align: justify;\">SSK Kurumu\u2019nun tarihinde ilk kez s\u0131navla eleman alan benim. Bir belge a\u00e7\u0131kl\u0131yor. Ni\u00e7in birinci sayfas\u0131n\u0131 a\u00e7\u0131klam\u0131yor. Onu da mahkemeye verece\u011fim. O belgeyi mahkemeye getirece\u011fim.<\/p>\n<p style=\"text-align: justify;\">M\u00fcthi\u015f karanl\u0131k bir tablo var. \u00d6nce t\u00fcm siyasal partilerin bilgilendirilmesi laz\u0131m. Ne oldu\u011funu bilmiyoruz. Ciddi bir gerginlik var o b\u00f6lgede. Bu Bat\u0131\u2019ya da yans\u0131yor. Oturaca\u011f\u0131z bu sorunu \u00e7\u00f6zece\u011fiz.<\/p>\n<p style=\"text-align: justify;\"><strong>ANAD\u0130L ve G\u00dcNEYDO\u011eU SORUNU<\/strong><\/p>\n<p style=\"text-align: justify;\">B\u00f6lge halk\u0131 ter\u00f6rden b\u0131km\u0131\u015f durumda. Bar\u0131\u015f istiyor. Ama bunun i\u00e7in siyaset kurumu g\u00f6revini yapm\u0131yor. Askere havale ediyor Ba\u015fbakan. Oturup d\u00fc\u015f\u00fcnm\u00fcyor. Bu sorun bir partinin tek ba\u015f\u0131na \u00e7\u00f6zece\u011fi bir sorun de\u011fil. Rahmetli Ecevit \u00e7ok yasay\u0131 uzla\u015fmayla \u00e7\u0131kard\u0131. Ben bu sorunu bedeli ne olursa olsun \u00e7\u00f6zece\u011fim.<\/p>\n<p style=\"text-align: justify;\">Herkes anadilini \u00f6\u011frenme hakk\u0131na sahip olmal\u0131. Ailem Dersimce denen \u00f6zel bir dil var onu biliyor. Resmi dil olarak kabul edilmez ama anadil olarak herkes \u00f6zg\u00fcrce \u00f6\u011frenebilmeli.<\/p>\n<p style=\"text-align: justify;\">PKK ko\u015fulsuz silah b\u0131rakmal\u0131. Ondan sonra genel af konu\u015fulur. BDP\u2019lilerin PKK\u2019yla organik ili\u015fkisi oldu\u011funu onlar da s\u00f6yl\u00fcyorlar. Demokrasiye inan\u0131yorsan\u0131z silah olmaz. K\u0131rmadan d\u00f6kmeden konu\u015fmal\u0131y\u0131z. Bir bar\u0131\u015f iklimi yarat\u0131rsak ancak bu sorunu \u00e7\u00f6zebiliriz. Bu sorunu \u00e7\u00f6zece\u011fime bedeli ne olursa olsun \u00e7\u00f6zmeye kararl\u0131y\u0131m.<\/p>\n<p style=\"text-align: justify;\">K\u00fcrt sorunu \u00fc\u00e7\u00fcnc\u00fc sorundur. 1. Yoksulluk, 2. \u0130\u015fsizlik, 3. G\u00fcneydo\u011fu.\u201d<\/p>\n<p style=\"text-align: justify;\"><a href=\"http:\/\/www.odatv.com\/n.php?n=kilicdaroglu-erdogana-neden-boyle-seslendi-2005111200\" target=\"_blank\">Kaynak : Odatv.com<\/a><\/p>\n","protected":false},"excerpt":{"rendered":"<p style=\"text-align: center;\">\n<p style=\"text-align: justify;\">CHP Genel Ba\u015fkan\u0131 Say\u0131n Kemal K\u0131l\u0131\u00e7daro\u011flu Mehmet Ali Birand\u2019\u0131n 32. G\u00fcn program\u0131n\u0131n konu\u011fuydu. Birand\u2019a \u00f6nemli a\u00e7\u0131klamalar yapt\u0131. Konu\u015fmadan baz\u0131 ba\u015fl\u0131klar \u015f\u00f6yle:<\/p>\n<p style=\"text-align: justify;\">\u201c\u2026Ba\u015fbakan komutan aya\u011fa kalkmad\u0131, onun i\u00e7in lay\u0131\u011f\u0131n\u0131 buldu diyor. Aya\u011fa kalksayd\u0131 demek ki komutan Silivri\u2019ye gitmeyecekti. Ba\u015fbakan bir zamanlar \u00fcst\u00fcnlerin hukuku de\u011fil hukukun \u00fcst\u00fcnl\u00fc\u011f\u00fcn\u00fc savunuyoruz derdi. Demek <\/p>\n","protected":false},"author":1,"featured_media":0,"comment_status":"open","ping_status":"closed","sticky":false,"template":"","format":"standard","meta":{"footnotes":""},"categories":[105],"tags":[],"class_list":["post-33108","post","type-post","status-publish","format-standard","hentry","category-gundem","odd"],"_links":{"self":[{"href":"http:\/\/www.korhanyilmaz.com\/index.php?rest_route=\/wp\/v2\/posts\/33108","targetHints":{"allow":["GET"]}}],"collection":[{"href":"http:\/\/www.korhanyilmaz.com\/index.php?rest_route=\/wp\/v2\/posts"}],"about":[{"href":"http:\/\/www.korhanyilmaz.com\/index.php?rest_route=\/wp\/v2\/types\/post"}],"author":[{"embeddable":true,"href":"http:\/\/www.korhanyilmaz.com\/index.php?rest_route=\/wp\/v2\/users\/1"}],"replies":[{"embeddable":true,"href":"http:\/\/www.korhanyilmaz.com\/index.php?rest_route=%2Fwp%2Fv2%2Fcomments&post=33108"}],"version-history":[{"count":0,"href":"http:\/\/www.korhanyilmaz.com\/index.php?rest_route=\/wp\/v2\/posts\/33108\/revisions"}],"wp:attachment":[{"href":"http:\/\/www.korhanyilmaz.com\/index.php?rest_route=%2Fwp%2Fv2%2Fmedia&parent=33108"}],"wp:term":[{"taxonomy":"category","embeddable":true,"href":"http:\/\/www.korhanyilmaz.com\/index.php?rest_route=%2Fwp%2Fv2%2Fcategories&post=33108"},{"taxonomy":"post_tag","embeddable":true,"href":"http:\/\/www.korhanyilmaz.com\/index.php?rest_route=%2Fwp%2Fv2%2Ftags&post=33108"}],"curies":[{"name":"wp","href":"https:\/\/api.w.org\/{rel}","templated":true}]}}