{"id":3310,"date":"2009-02-18T10:05:40","date_gmt":"2009-02-18T08:05:40","guid":{"rendered":"http:\/\/www.korhanyilmaz.com\/?p=3310"},"modified":"2009-02-18T10:05:40","modified_gmt":"2009-02-18T08:05:40","slug":"kutahya-depremi-istanbul%e2%80%99da-neden-hissedildi","status":"publish","type":"post","link":"http:\/\/www.korhanyilmaz.com\/?p=3310","title":{"rendered":"K\u00fctahya depremi \u0130stanbul\u2019da neden hissedildi?"},"content":{"rendered":"<p style=\"text-align: center;\"><img loading=\"lazy\" decoding=\"async\" class=\"aligncenter size-full wp-image-3311\" title=\"Deprem Dede Prof. Dr. Ahmet Mete I\u015f\u0131kara\" src=\"http:\/\/www.korhanyilmaz.com\/wp-content\/uploads\/2009\/02\/180220090403410912760.jpg\" alt=\"Deprem Dede Prof. Dr. Ahmet Mete I\u015f\u0131kara\" width=\"376\" height=\"240\" \/><br \/>\n<strong>Panik yaratan depremin \u0130stanbul ile bir ilgisi var m\u0131? Uzmanlar yorumlad\u0131<\/strong>\n<\/p>\n<p style=\"text-align: justify;\">K\u00fctahya&#8217;n\u0131n Simav il\u00e7esi d\u00fcn sabah 5.0 b\u00fcy\u00fckl\u00fc\u011f\u00fcndeki depremle sars\u0131ld\u0131. Depremin \u0130stanbul&#8217;da da hissedilmesi tela\u015f yaratt\u0131. Deprem uzmanlar\u0131 &#8216;\u0130stanbul depremini tetikler mi?&#8217;sorusunu \u015f\u00f6yle yan\u0131tlad\u0131: Bu b\u00f6lgede ya\u015fanan depremler derinli\u011fine ba\u011fl\u0131 olarak \u0130stanbul&#8217;da da hissedilir. Ancak \u0130stanbul i\u00e7in tehlike s\u00f6z konusu de\u011fil. \u00c7\u00fcnk\u00fc fay hatlar\u0131 ayr\u0131. Sadece sismik olarak etkiledi. Olas\u0131 \u0130stanbul depremiyle hi\u00e7bir ba\u011flant\u0131 ve ilgisi yok.<!--more--><\/p>\n<p style=\"text-align: justify;\"><strong>\u2018Simav depremi Marmara fay\u0131n\u0131 tetiklemez&#8217;<\/strong><\/p>\n<p style=\"text-align: justify;\">D\u00fcn sabah merkezi K\u00fctahya Simav olan 5.0 b\u00fcy\u00fckl\u00fc\u011f\u00fcnde bir depremle sars\u0131ld\u0131. Vatanda\u015flar depremin korkusuyla sokaklara f\u0131rlad\u0131. Ancak bu depremin ilgin\u00e7 bir \u00f6zelli\u011fi vard\u0131. K\u00fctahya&#8217;daki deprem \u0130stanbul&#8217;un baz\u0131 il\u00e7elerinde de hissedildi. Peki bu depremin \u0130stanbul&#8217;daki olas\u0131 bir depremle alakas\u0131 var m\u0131? Deprem uzmanlar\u0131, buradaki fay hatt\u0131n\u0131n Marmara&#8217;da herhangi bir fay\u0131 etkilemeyece\u011fini de vurguluyor. \u0130\u015fte uzmanlar\u0131n g\u00f6r\u00fc\u015fleri&#8230;<\/p>\n<p style=\"text-align: justify;\"><strong>&#8220;\u0130stanbul i\u00e7in tehlike s\u00f6z konusu de\u011fil&#8230;&#8221;<\/strong><\/p>\n<p style=\"text-align: justify;\">Prof. Dr. Ahmet Ercan (\u0130stanbul \u00dcniversitesi): &#8220;K\u00fctahya&#8217;daki deprem Simav k\u0131r\u0131\u011f\u0131nda oldu. Simav&#8217;daki bu deprem s\u0131\u011f bir sars\u0131nt\u0131. S\u0131\u011f depremler bazen uzaktan da hissedilebilir. Simav k\u0131r\u0131\u011f\u0131 diri bir hat buras\u0131. 7.3&#8217;e kadar deprem \u00fcretme kapasitesi var. Bu hatt\u0131n diri oldu\u011funun belirtisi b\u00f6lgedeki \u00e7ok fazla jeotermal kaynak. D\u00fcn b\u00fcy\u00fck ihtimalle o b\u00f6lgedeki jeotermal kaynaklar\u0131n \u0131s\u0131s\u0131nda 2 derecelik bir art\u0131\u015f oldu. Is\u0131 art\u0131\u015f\u0131n\u0131n yan\u0131nda buhar oranlar\u0131 da artt\u0131. Ege B\u00f6lgesi&#8217;nde iki bu\u00e7uk ayd\u0131r s\u00fcren depremlerle ili\u015fkili bu deprem. B\u00f6lgede ba\u015fka depremler de olabilir. Ege&#8217;deki Denizli, Fethiye, Marmaris gibi b\u00f6lgelerde de risk var. Bu bak\u0131mdan daha dikkatli olunmas\u0131 gerekiyor. Ancak \u0130stanbul i\u00e7in tehlikeli bir durum s\u00f6z konusu de\u011fil. \u00c7\u00fcnk\u00fc fay hatlar\u0131 ayr\u0131.&#8221;<\/p>\n<p style=\"text-align: justify;\"><strong>&#8220;B\u00f6lge i\u00e7in ciddi bir uyar\u0131 olabilir&#8230;&#8221;<\/strong><\/p>\n<p style=\"text-align: justify;\">Prof. Dr. \u015e\u00fckr\u00fc Ersoy (Y\u0131ld\u0131z Teknik): &#8220;\u0130statiksel olarak 1970 Denizli depreminden beri Bat\u0131&#8217;da \u00f6nemli bir sars\u0131nt\u0131 yok. K\u00fctahya&#8217;daki deprem yer kabu\u011funu k\u0131rmaya yak\u0131n ama k\u0131ramaz. S\u0131\u011f oldu\u011fu i\u00e7inde y\u00fczeyi daha fazla etkiler. 5 b\u00fcy\u00fckl\u00fc\u011f\u00fcndeki bir sans\u0131nt\u0131 rahatlat\u0131c\u0131 bir deprem de\u011fildir. Bu ciddi bir uyar\u0131 da olabilir. O y\u00fczden dikkat etmek gerekiyor. K\u00fctahya \u00e7evresi ve \u00f6zellikle Simav \u00e7\u00f6k\u00fcnt\u00fc alanlar\u0131ndan birisi. Tarihte de bu b\u00f6lgede depremler var ve can kayb\u0131 veren depremler mevcut bu da gelecekte b\u00f6yle bir depremin olaca\u011f\u0131n\u0131n a\u00e7\u0131k kan\u0131t\u0131d\u0131r. Bat\u0131 Anadolu&#8217;nun farkl\u0131 bir tektonik bir mekanizmas\u0131 var. Dolay\u0131s\u0131yla oradaki depremin \u0130stanbul&#8217;u etkilemesi zor. Zaten Marmara&#8217;n\u0131n kendi i\u00e7erisinde bekledi\u011fi depremler var.&#8221;<\/p>\n<p style=\"text-align: justify;\"><strong>&#8220;\u0130stanbul ile alakal\u0131 bir deprem de\u011fil&#8230;&#8221;<\/strong><\/p>\n<p style=\"text-align: justify;\">Prof. Dr. Okan T\u00fcys\u00fcz (\u0130T\u00dc): &#8220;K\u00fctahya ve civar\u0131n\u0131 Gediz \u00c7\u00f6k\u00fcnt\u00fcs\u00fc dedi\u011fimiz yer olarak adland\u0131r\u0131yoruz. Bu b\u00f6lge deprem a\u00e7\u0131s\u0131ndan aktif bir b\u00f6lgedir. B\u00f6lgede s\u0131k s\u0131k depremler g\u00f6r\u00fcl\u00fcr. Ge\u00e7mi\u015f y\u0131llarda \u015fiddeti 6-7&#8217;yi bulan depremler olmu\u015ftur. K\u00fctahya depremi ba\u011f\u0131ms\u0131z bir depremdir. Bu deprem i\u00e7in \u00f6nc\u00fc denemez. Ola\u011fan bir sismik hareket. Gediz \u00e7\u00f6k\u00fcnt\u00fcs\u00fc dedi\u011fimiz b\u00f6lgenin Kuzey Anadolu fay hatt\u0131yla alakas\u0131 yok. Olas\u0131 \u0130stanbul depremiyle hi\u00e7bir ba\u011flant\u0131 ve ilgisi yok.&#8221;<\/p>\n<p style=\"text-align: justify;\"><img loading=\"lazy\" decoding=\"async\" class=\"aligncenter size-full wp-image-3312\" src=\"http:\/\/www.korhanyilmaz.com\/wp-content\/uploads\/2009\/02\/170220091746527142206.jpg\" alt=\"\" width=\"470\" height=\"300\" \/><\/p>\n<h2 style=\"text-align: justify;\">Marmara&#8217;da iki ay i\u00e7inde 5&#8217;lik deprem bekliyorum.<\/h2>\n<p style=\"text-align: justify;\">Deprem Dede Prof. Dr. I\u015f\u0131kara b\u00fcy\u00fck Marmara depremi i\u00e7in de geri say\u0131m\u0131n ba\u015flad\u0131\u011f\u0131n\u0131 s\u00f6yledi. I\u015f\u0131kara, &#8220;2003&#8217;ten beri 6&#8217;n\u0131n \u00fcst\u00fcnde deprem yok. 17 A\u011fustos \u00f6ncesi de benzer \u015feyler s\u00f6ylemi\u015ftim&#8221; dedi.<\/p>\n<p style=\"text-align: justify;\">K\u0131z\u0131lay Genel Ba\u015fkan Ba\u015fdan\u0131\u015fman\u0131 Prof. Dr. Ahmet Mete I\u015f\u0131kara, T\u00fcrkiye&#8217;nin her yerinde b\u00fcy\u00fckl\u00fc\u011f\u00fc 6&#8217;n\u0131n \u00fczerinde deprem olabilece\u011fini s\u00f6yledi. Toplum Liderlerini Te\u015fkilatland\u0131rma Projesi kapsam\u0131nda geldi\u011fi Yalova&#8217;da belediye meclisi salonunda d\u00fczenlenen seminere kat\u0131lan I\u015f\u0131kara, iki ay i\u00e7inde 5 b\u00fcy\u00fckl\u00fc\u011f\u00fcnde bir deprem olabilece\u011fine de\u011finerek, \u015f\u00f6yle konu\u015ftu: &#8220;6 ila 6.9 aras\u0131nda b\u00fcy\u00fckl\u00fc\u011fe sahip deprem y\u0131lda bir kere olurken, 1 May\u0131s 2003&#8217;ten bu yana \u00fclkemizde 6&#8217;n\u0131n \u00fczerinde deprem yok. 17 A\u011fustos&#8217;tan \u00f6nce de benzer a\u00e7\u0131klamalarda bulundum. T\u00fcrkiye&#8217;nin her yerinde b\u00fcy\u00fckl\u00fc\u011f\u00fc 6&#8217;n\u0131n \u00fczerinde deprem olabilir. Olas\u0131l\u0131k fonksiyonunu Marmara depremlerine uygulad\u0131\u011f\u0131m\u0131zda ortaya \u015f\u00f6yle bir sonu\u00e7 \u00e7\u0131k\u0131yor, 2010 ile 2014 y\u0131llar\u0131 aras\u0131nda Marmara depreminin olma olas\u0131l\u0131\u011f\u0131 y\u00fcksek. Olmama olas\u0131l\u0131\u011f\u0131 da s\u00f6z konusu.&#8221; Prof. Dr. I\u015f\u0131kara, olas\u0131 depremin Adalar&#8217;\u0131n g\u00fcney bat\u0131s\u0131nda beklendi\u011fine i\u015faret ederek, \u015funlar\u0131 kaydetti:<\/p>\n<p style=\"text-align: justify;\">&#8220;Depremi bu kez \u0130stanbul ya\u015fayacak. \u0130stanbul&#8217;un Avrupa yakas\u0131n\u0131n k\u0131y\u0131 kesimleri bunu ya\u015fayacak. Yalova&#8217;dan da hissedilecek. K\u00fc\u00e7\u00fck k\u00fc\u00e7\u00fck depremlerin k\u00fcmele\u015fti\u011fi yerler b\u00fcy\u00fck depremlerin habercisi oluyor. 17 A\u011fustos depremi de bu k\u00fcmele\u015fen yerde oldu. Yalova&#8217;ya yak\u0131n olarak Kuzey Anadolu fay yolunun g\u00fcney kolu var. Bu kol \u0130znik G\u00f6l\u00fc&#8217;n\u00fcn g\u00fcneyinden Gemlik K\u00f6rfezi&#8217;nden Marmara&#8217;ya giriyor. Gemlik K\u00f6rfezi&#8217;nde de k\u00fcmele\u015fme var.&#8221;<\/p>\n<p style=\"text-align: justify;\"><span style=\"color: #888888;\">Kaynak : Vatan Gazetesi<\/span><\/p>\n","protected":false},"excerpt":{"rendered":"<p style=\"text-align: center;\"> Panik yaratan depremin \u0130stanbul ile bir ilgisi var m\u0131? Uzmanlar yorumlad\u0131 <\/p>\n<p style=\"text-align: justify;\">K\u00fctahya&#8217;n\u0131n Simav il\u00e7esi d\u00fcn sabah 5.0 b\u00fcy\u00fckl\u00fc\u011f\u00fcndeki depremle sars\u0131ld\u0131. Depremin \u0130stanbul&#8217;da da hissedilmesi tela\u015f yaratt\u0131. Deprem uzmanlar\u0131 &#8216;\u0130stanbul depremini tetikler mi?&#8217;sorusunu \u015f\u00f6yle yan\u0131tlad\u0131: Bu b\u00f6lgede ya\u015fanan depremler derinli\u011fine ba\u011fl\u0131 olarak \u0130stanbul&#8217;da da hissedilir. Ancak \u0130stanbul i\u00e7in tehlike s\u00f6z <\/p>\n","protected":false},"author":1,"featured_media":0,"comment_status":"open","ping_status":"closed","sticky":false,"template":"","format":"standard","meta":{"footnotes":""},"categories":[105],"tags":[],"class_list":["post-3310","post","type-post","status-publish","format-standard","hentry","category-gundem","odd"],"_links":{"self":[{"href":"http:\/\/www.korhanyilmaz.com\/index.php?rest_route=\/wp\/v2\/posts\/3310","targetHints":{"allow":["GET"]}}],"collection":[{"href":"http:\/\/www.korhanyilmaz.com\/index.php?rest_route=\/wp\/v2\/posts"}],"about":[{"href":"http:\/\/www.korhanyilmaz.com\/index.php?rest_route=\/wp\/v2\/types\/post"}],"author":[{"embeddable":true,"href":"http:\/\/www.korhanyilmaz.com\/index.php?rest_route=\/wp\/v2\/users\/1"}],"replies":[{"embeddable":true,"href":"http:\/\/www.korhanyilmaz.com\/index.php?rest_route=%2Fwp%2Fv2%2Fcomments&post=3310"}],"version-history":[{"count":0,"href":"http:\/\/www.korhanyilmaz.com\/index.php?rest_route=\/wp\/v2\/posts\/3310\/revisions"}],"wp:attachment":[{"href":"http:\/\/www.korhanyilmaz.com\/index.php?rest_route=%2Fwp%2Fv2%2Fmedia&parent=3310"}],"wp:term":[{"taxonomy":"category","embeddable":true,"href":"http:\/\/www.korhanyilmaz.com\/index.php?rest_route=%2Fwp%2Fv2%2Fcategories&post=3310"},{"taxonomy":"post_tag","embeddable":true,"href":"http:\/\/www.korhanyilmaz.com\/index.php?rest_route=%2Fwp%2Fv2%2Ftags&post=3310"}],"curies":[{"name":"wp","href":"https:\/\/api.w.org\/{rel}","templated":true}]}}