{"id":33098,"date":"2011-05-19T22:12:01","date_gmt":"2011-05-19T19:12:01","guid":{"rendered":"http:\/\/www.korhanyilmaz.com\/?p=33098"},"modified":"2011-05-19T22:12:01","modified_gmt":"2011-05-19T19:12:01","slug":"izmirdeki-operasyon-siyasi-ve-manipulatif","status":"publish","type":"post","link":"http:\/\/www.korhanyilmaz.com\/?p=33098","title":{"rendered":"&#8216;\u0130zmir&#8217;deki operasyon siyasi ve manip\u00fclatif&#8217;"},"content":{"rendered":"<div id=\"attachment_33099\" style=\"width: 370px\" class=\"wp-caption aligncenter\"><a title=\"CHP Denizli milletvekili aday\u0131 \u0130lhan Cihaner\" href=\"http:\/\/www.korhanyilmaz.com\/wp-content\/uploads\/2011\/05\/256.jpg\"  class=\"lightview\"><img loading=\"lazy\" decoding=\"async\" aria-describedby=\"caption-attachment-33099\" class=\"size-full wp-image-33099 \" title=\"CHP Denizli milletvekili aday\u0131 \u0130lhan Cihaner\" src=\"http:\/\/www.korhanyilmaz.com\/wp-content\/uploads\/2011\/05\/256.jpg\" alt=\"\" width=\"360\" height=\"239\" \/><\/a><p id=\"caption-attachment-33099\" class=\"wp-caption-text\">CHP Denizli milletvekili aday\u0131 \u0130lhan Cihaner<\/p><\/div>\n<p style=\"text-align: justify;\">CHP Denizli milletvekili aday\u0131 \u0130lhan Cihaner 2 May\u0131s&#8217;ta \u0130zmir B\u00fcy\u00fck\u015fehir Belediyesi&#8217;ne yap\u0131lan operasyonu de\u011ferlendirdi.<\/p>\n<p style=\"text-align: justify;\">\u0130ZM\u0130R- B\u00fcy\u00fck\u015fehir Belediyesi\u2019ndeki iddialarla ilgili soru\u015fturma izni verilmezken, CHP\u2019li belediyeye farkl\u0131 bir muamele uyguland\u0131\u011f\u0131n\u0131 \u00f6ne s\u00fcrd\u00fc. <!--more--><\/p>\n<p style=\"text-align: justify;\">\u0130lhan Cihaner ve e\u015fi Muhteber Cihaner \u0130zmir B\u00fcy\u00fck\u015fehir Belediye Ba\u015fkan\u0131 Aziz Kocao\u011flu\u2019nu makam\u0131nda ziyaret etti. Cihaner, Kocao\u011flu\u2019na yedi b\u00fcrokrat\u0131n tutukland\u0131\u011f\u0131 operasyonla ilgili ge\u00e7mi\u015f olsun dile\u011finde bulundu. Cihaner, gazetecilerin, \u2019\u0130zmir B\u00fcy\u00fck\u015fehir Belediyesi\u2019ne yap\u0131lan operasyonu hukuk\u00e7u olarak nas\u0131l de\u011ferlendirdi\u011fi\u2019 sorusuna, se\u00e7im s\u00fcrecinde bunun partisinin belediye ba\u015fkanl\u0131\u011f\u0131na y\u00f6nelik sald\u0131r\u0131 olarak nitelendirilmesi gerekti\u011fini s\u00f6yledi.<\/p>\n<p style=\"text-align: justify;\"><strong>B\u00dcY\u00dcK\u015eEH\u0130R B\u0130R AY DAHA D\u0130NLENEB\u0130L\u0130RD\u0130<\/strong><\/p>\n<p style=\"text-align: justify;\">T\u00fcrkiye\u2019de AK Parti iktidar\u0131n\u0131n hukuk ucubesi olan \u00f6zel yetkili mahkemeleri yaratt\u0131\u011f\u0131n\u0131 dile getiren Cihaner, DGM\u2019lerden miras\u0131 devralan bu mahkemeler oldu\u011fu s\u00fcrece hi\u00e7 kimsenin \u00f6zel ya\u015fam\u0131n\u0131n ve \u00f6zg\u00fcrl\u00fc\u011f\u00fcn\u00fcn g\u00fcvencesi olmad\u0131\u011f\u0131n\u0131 s\u00f6yledi. Cihaner,&#8221;\u00dclkemizin bundan mutlaka kurtulmas\u0131 gerekiyor. \u00c7\u00fcnk\u00fc adil yarg\u0131lama ilkelerinin neredeyse tamam\u0131n\u0131n g\u00f6zard\u0131 edildi\u011fi yarg\u0131lama s\u00fcre\u00e7leri, bu mahkemelerin pratiklerine egemen olmu\u015f durumdad\u0131r. Burada, \u0130zmir B\u00fcy\u00fck\u015fehir Belediyesi 13 ay dinlenmi\u015f. 13 ay devam eden soru\u015fturman\u0131n se\u00e7imin hemen \u00f6ncesinde bu tarz bir y\u00f6ntemle ele al\u0131nmas\u0131 yarg\u0131n\u0131n belki de siyasalla\u015ft\u0131\u011f\u0131n\u0131n, nas\u0131l manip\u00fclatif kullan\u0131ld\u0131\u011f\u0131n\u0131n bir g\u00f6stergesidir. 13 ay dinlenen telefonlar bir ay daha dinlenebilirdi. Burada siyasi bir hareket oldu\u011funu d\u00fc\u015f\u00fcn\u00fcyorum&#8221; dedi.<\/p>\n<p style=\"text-align: justify;\"><strong>BAKAN ARAYIP G\u00d6ZALTINDAK\u0130LER\u0130 SERBEST BIRAKMAMI \u0130STED\u0130<\/strong><\/p>\n<p style=\"text-align: justify;\">Cihaner kendi yapt\u0131\u011f\u0131 soru\u015fturman\u0131n siyasi iktidarla hi\u00e7bir ilgisi olmad\u0131\u011f\u0131 halde d\u00f6nemin Bakan\u0131\u2019n\u0131n kendisini arad\u0131\u011f\u0131n\u0131, siyaseten kendilerini zorda b\u0131rakaca\u011f\u0131 i\u00e7in g\u00f6zalt\u0131na al\u0131nanlar\u0131 sal\u0131vermesini istedi\u011fini s\u00f6yleyip, &#8220;Oysa burada siyasi bir kimli\u011fi olan belediyelere y\u00f6nelik yap\u0131lm\u0131\u015f bir hareket var. Bunun siyasi bir sonu\u00e7 do\u011furmaya y\u00f6nelik manip\u00fclatif bir hareket oldu\u011funu d\u00fc\u015f\u00fcn\u00fcyorum. \u0130zmir halk\u0131n\u0131n sa\u011fduyusunun birilerinin bekledi\u011fi amac\u0131 vermeyip, tam tersi bir sonu\u00e7 do\u011furaca\u011f\u0131na inan\u0131yorum&#8221; dedi.<\/p>\n<p style=\"text-align: justify;\"><strong>\u0130KT\u0130DAR PART\u0130S\u0130N\u0130N BELED\u0130YELER\u0130NE SORU\u015eTURMA \u0130ZN\u0130 VER\u0130LM\u0130YOR<\/strong><\/p>\n<p style=\"text-align: justify;\">Siyasi iktidara mensup belediyeler s\u00f6zkonusu oldu\u011funda idari bir s\u00fcre\u00e7 olarak de\u011ferlendirilip soru\u015fturma izni verilmedi\u011fini belirten Cihaner, &#8220;Kayseri\u2019de oldu\u011fu gibi iddia edenlerin, \u015fikayet\u00e7ilerin delil toplamas\u0131 bekleniyor. \u0130ddialar sanki idari bir prosed\u00fcrm\u00fc\u015f gibi \u0130\u00e7i\u015fleri Bakanl\u0131\u011f\u0131\u2019na g\u00f6nderiliyor. Etkin bir \u015fekilde soru\u015fturulmuyor. \u0130\u015f CHP\u2019li belediyelere gelince \u00e7ok farkl\u0131 \u015fekilde ele al\u0131n\u0131yor. Kayseri\u2019ye farkl\u0131 \u0130zmir\u2019e farkl\u0131 muamele var. \u00d6zel Yetkili Mahkemeler\u2019in gerekti\u011finde siyasetle nas\u0131l i\u00e7 i\u00e7e ge\u00e7ebilece\u011fini, do\u011frudan veya dolayl\u0131 olarak g\u00f6steriyor. \u00c7\u00fcnk\u00fc burada \u0130\u00e7i\u015flerine ba\u011fl\u0131 kolluk kuvvetlerinin de varl\u0131\u011f\u0131 s\u00f6z konusudur. Bunu da g\u00f6zard\u0131 etmemek gerekir&#8221; dedi.<\/p>\n<p style=\"text-align: justify;\">\u0130stifa ederek aday oldu\u011fu zaman, ge\u00e7mi\u015finde siyasi olarak nitelenecek hi\u00e7bir olay\u0131n olmamas\u0131na kar\u015f\u0131n ele\u015ftirildi\u011fini s\u00f6yleyen Cihaner, &#8220;Emniyet Genel M\u00fcd\u00fcr\u00fc istifa edip AKP saflar\u0131nda siyasete soyundu. Buna benzer i\u00e7 g\u00fcvenli\u011fe dahil \u00e7ok say\u0131da g\u00f6revli AKP saflar\u0131nda siyasete girdi. Yarg\u0131dan ayr\u0131l\u0131p CHP\u2019de siyaset yapmak isteyenler ele\u015ftirilirken, bu tarz soru\u015fturmalar\u0131n oda\u011f\u0131nda, soru\u015fturmalar\u0131 yapan, belki de ba\u015flatan birimlerden AKP\u2019de siyaset yapmaya soyunanlara hi\u00e7bir ele\u015ftiri getirilmemesi de ayr\u0131ca bir \u00e7ifte standartt\u0131r&#8221; diye konu\u015ftu.<\/p>\n<p style=\"text-align: justify;\">Cihaner, herkesin bir tak\u0131m su\u00e7 \u015f\u00fcphesi alt\u0131nda olabilece\u011fini, ideal olan\u0131n evrensel hukuk, ceza hukukunun evrensel ilkelerinin egemen oldu\u011fu bir soru\u015fturma s\u00fcreci olmas\u0131 gerekti\u011fini s\u00f6yledi. \u0130zmir\u2019deki operasyonda \u00d6zel Yetkili Mahkemenin gizlilik karar\u0131 oldu\u011funu, savunma hakk\u0131n\u0131n alabildi\u011fince k\u0131s\u0131tland\u0131\u011f\u0131n\u0131 avukatlar ve savunma kurumunun d\u0131\u015fland\u0131\u011f\u0131n\u0131 belirten Cihaner &#8220;Bence bu se\u00e7imi manip\u00fcle etmeye y\u00f6nelik bir giri\u015fimdir&#8221; dedi.<\/p>\n<p style=\"text-align: justify;\"><a href=\"http:\/\/www.radikal.com.tr\/Radikal.aspx?aType=RadikalDetayV3&amp;ArticleID=1049892&amp;Date=20.05.2011&amp;CategoryID=78\" target=\"_blank\">Kaynak : Radikal<\/a><\/p>\n","protected":false},"excerpt":{"rendered":"<p id=\"caption-attachment-33099\" class=\"wp-caption-text\">CHP Denizli milletvekili aday\u0131 \u0130lhan Cihaner<\/p>\n<p style=\"text-align: justify;\">CHP Denizli milletvekili aday\u0131 \u0130lhan Cihaner 2 May\u0131s&#8217;ta \u0130zmir B\u00fcy\u00fck\u015fehir Belediyesi&#8217;ne yap\u0131lan operasyonu de\u011ferlendirdi.<\/p>\n<p style=\"text-align: justify;\">\u0130ZM\u0130R- B\u00fcy\u00fck\u015fehir Belediyesi\u2019ndeki iddialarla ilgili soru\u015fturma izni verilmezken, CHP\u2019li belediyeye farkl\u0131 bir muamele uyguland\u0131\u011f\u0131n\u0131 \u00f6ne s\u00fcrd\u00fc. <\/p>\n","protected":false},"author":1,"featured_media":0,"comment_status":"open","ping_status":"closed","sticky":false,"template":"","format":"standard","meta":{"footnotes":""},"categories":[105],"tags":[],"class_list":["post-33098","post","type-post","status-publish","format-standard","hentry","category-gundem","odd"],"_links":{"self":[{"href":"http:\/\/www.korhanyilmaz.com\/index.php?rest_route=\/wp\/v2\/posts\/33098","targetHints":{"allow":["GET"]}}],"collection":[{"href":"http:\/\/www.korhanyilmaz.com\/index.php?rest_route=\/wp\/v2\/posts"}],"about":[{"href":"http:\/\/www.korhanyilmaz.com\/index.php?rest_route=\/wp\/v2\/types\/post"}],"author":[{"embeddable":true,"href":"http:\/\/www.korhanyilmaz.com\/index.php?rest_route=\/wp\/v2\/users\/1"}],"replies":[{"embeddable":true,"href":"http:\/\/www.korhanyilmaz.com\/index.php?rest_route=%2Fwp%2Fv2%2Fcomments&post=33098"}],"version-history":[{"count":0,"href":"http:\/\/www.korhanyilmaz.com\/index.php?rest_route=\/wp\/v2\/posts\/33098\/revisions"}],"wp:attachment":[{"href":"http:\/\/www.korhanyilmaz.com\/index.php?rest_route=%2Fwp%2Fv2%2Fmedia&parent=33098"}],"wp:term":[{"taxonomy":"category","embeddable":true,"href":"http:\/\/www.korhanyilmaz.com\/index.php?rest_route=%2Fwp%2Fv2%2Fcategories&post=33098"},{"taxonomy":"post_tag","embeddable":true,"href":"http:\/\/www.korhanyilmaz.com\/index.php?rest_route=%2Fwp%2Fv2%2Ftags&post=33098"}],"curies":[{"name":"wp","href":"https:\/\/api.w.org\/{rel}","templated":true}]}}