{"id":33094,"date":"2011-05-19T15:15:55","date_gmt":"2011-05-19T12:15:55","guid":{"rendered":"http:\/\/www.korhanyilmaz.com\/?p=33094"},"modified":"2011-05-19T15:15:55","modified_gmt":"2011-05-19T12:15:55","slug":"sarap-uzmanlarinin-yolunu-kestiler","status":"publish","type":"post","link":"http:\/\/www.korhanyilmaz.com\/?p=33094","title":{"rendered":"\u015earap uzmanlar\u0131n\u0131n yolunu kestiler!"},"content":{"rendered":"<p style=\"text-align: justify;\"><a href=\"http:\/\/www.korhanyilmaz.com\/wp-content\/uploads\/2011\/05\/255.jpg\"  class=\"lightview\"><img loading=\"lazy\" decoding=\"async\" class=\"aligncenter size-full wp-image-33095\" src=\"http:\/\/www.korhanyilmaz.com\/wp-content\/uploads\/2011\/05\/255.jpg\" alt=\"\" width=\"384\" height=\"254\" \/><\/a><\/p>\n<p style=\"text-align: justify;\">Elaz\u0131\u011f&#8217;da Butik \u015earap\u00e7\u0131l\u0131k Kursu&#8217;nu tamamlayan 50 kursiyere, d\u00fczenlenen t\u00f6renle sertifikalar\u0131 verildi. Elaz\u0131\u011f \u00dcz\u00fcm \u00dcreticileri Birli\u011fi Ba\u015fkan\u0131 Do\u00e7. Dr. H\u00fcsamettin Kaya, uzman birer \u015farap\u00e7\u0131 olan k\u0131zlar i\u00e7in 6 milyon liraya kurulacak \u00dcz\u00fcm Entengre Tesisi&#8217;nin engellendi\u011fini s\u00f6yledi.<!--more--><\/p>\n<p style=\"text-align: justify;\">ELAZI\u011e &#8211; Elaz\u0131\u011f&#8217;a 35 kilometre uzakl\u0131kta bulunan ve \u00fcz\u00fcmleriyle \u00fcnl\u00fc Hal K\u00f6y&#8217;\u00fcnde, AB destekli proje kapsam\u0131nda, aralar\u0131nda ba\u015f\u00f6rt\u00fcl\u00fclerin de bulundu\u011fu 50 gen\u00e7 k\u0131z, 8 ay \u00f6nce ba\u015flad\u0131\u011f\u0131 butik \u015farap\u00e7\u0131l\u0131k kursunu tamamlad\u0131. \u00dcz\u00fcm toplamadan, ba\u011f budamas\u0131na, ba\u011f\u0131n ila\u00e7lanmas\u0131, \u00fcz\u00fcmlerin s\u0131k\u0131larak mayalanmas\u0131 ve dinlendirilmesi ile \u015fi\u015felenmesi konusunda uzman \u00fcreticilerden e\u011fitim alan gen\u00e7 k\u0131zlar\u0131n bu s\u00fcre i\u00e7erisinde \u00fcretti\u011fi \u015faraplar ise piyasaya s\u00fcr\u00fcld\u00fc.<\/p>\n<p style=\"text-align: justify;\"><strong>\u015eARAP FABR\u0130KASI PROJES\u0130 ENGELLEND\u0130<\/strong><\/p>\n<p style=\"text-align: justify;\">Kursiyer k\u0131zlar d\u00fcn ak\u015fam d\u00fczenlenen t\u00f6renle sertifikalar\u0131n\u0131 ald\u0131. T\u00f6rene Vali Muammer Erol, Belediye Ba\u015fkan\u0131 S\u00fcleyman Selmano\u011flu kat\u0131lmazken, F\u0131rat \u00dcniversitesi Rekt\u00f6r Yard\u0131mc\u0131s\u0131 Prof. Dr. B\u00fclent \u015een, Ticaret ve Sanayi Odas\u0131 Ba\u015fkan\u0131 Ali \u015eekerda\u011fl\u0131 ile \u00dcz\u00fcm \u00dcreticileri Birli\u011fi Ba\u015fkan\u0131 Do\u00e7. Dr. H\u00fcsamettin Kaya kat\u0131ld\u0131. Do\u00e7. Dr. Kaya, proje \u00f6ncesi k\u0131zlar\u0131n kurs sonunda bir araya gelerek fabrika a\u00e7abilecekleri y\u00f6n\u00fcnde haz\u0131rlad\u0131klar\u0131 6 milyon TL tutar\u0131ndaki projenin kabul edilmesine ra\u011fmen engellendi\u011fini s\u00f6yledi.<\/p>\n<p style=\"text-align: justify;\">Do\u00e7. Dr. Kaya, Ticaret ve Sanayi Odas\u0131 ile ortak haz\u0131rlad\u0131klar\u0131 projeye KOSGEB&#8217;den \u00dcz\u00fcm Entegre Tesisi kurmak i\u00e7in 6 milyon lira hibe alacaklar\u0131n\u0131 s\u00f6yledi. Do\u00e7. Dr. Kaya, 6 milyon liral\u0131k hibenin \u00e7\u0131kmas\u0131na ra\u011fmen tesisin kurulmas\u0131n\u0131 istemeyenler taraf\u0131ndan engellendi\u011fini belirterek, &#8220;130 bin ton \u00fcz\u00fcm rekoltesi bulunan Elaz\u0131\u011f&#8217;da yakla\u015f\u0131k 55 bin ton da \u015farapl\u0131k \u00fcz\u00fcm rekoltesi var. \u015eayet bu projemiz engellenmeseydi, Elaz\u0131\u011f&#8217;da \u00dcz\u00fcm Entegre Tesisi kurulacak ve y\u0131lda gayri safi milli has\u0131laya 450 milyon dolarl\u0131k katk\u0131 sa\u011flayacakt\u0131k&#8221; dedi.<\/p>\n<p style=\"text-align: justify;\">Projenin engellenmesi \u00fczerine kendisinin projenin desteklenmesi i\u00e7in Avrupa Birli\u011fi ile g\u00f6r\u00fc\u015fece\u011fini s\u00f6yleyen Do\u00e7. Dr. Kaya, projeyi engelleyenlere sitemde bulundu.<\/p>\n<p style=\"text-align: justify;\"><strong>&#8216;KIZLARA DESTEK OLACA\u011eIZ&#8217;<\/strong><\/p>\n<p style=\"text-align: justify;\">Elaz\u0131\u011f Ticaret ve Sanayi Odas\u0131 Ba\u015fkan\u0131 Ali \u015eekerda\u011f ise, \u015farap\u00e7\u0131l\u0131k kursunu tamamlayan k\u0131zlar\u0131n, \u015farap\u00e7\u0131l\u0131k de\u011fil de farkl\u0131 sekt\u00f6rlerde i\u015f kurmalar\u0131na yard\u0131mc\u0131 olaca\u011f\u0131n\u0131 s\u00f6yledi. K\u0131zlar\u0131n i\u015f kurabilmesi amac\u0131yla KOSGEB ile g\u00f6r\u00fc\u015fme yapaca\u011f\u0131n\u0131 anlatan \u015eekerda\u011f \u015funlar\u0131 s\u00f6yledi:<\/p>\n<p style=\"text-align: justify;\">&#8220;Hocam\u0131z, \u00f6\u011frenci han\u0131mlar\u0131m\u0131z\u0131 KOSGEB&#8217;le i\u015f hayat\u0131na girmeleri i\u00e7in Ticaret ve Sanayi Odas\u0131&#8217;na bir at\u0131fta bulundu. Hocam in\u015fallah ben KOSGEB ile g\u00f6r\u00fc\u015fece\u011fim. Bizim zaten 3 ki\u015filik bu al\u0131mlara y\u00f6nelik 30&#8217;ar ki\u015filik bir KOSGEB&#8217;le birlikte odan\u0131n finanse etti\u011fi 3 tane projemiz var. Bu han\u0131mlar e\u011fer bu projeyi bitirirlerse, KOSGEB&#8217;den diledi\u011finiz deste\u011fi arama i\u015flerine ba\u015flay\u0131p, farkl\u0131 farkl\u0131 sekt\u00f6rlerde i\u015flerini yapabilecekler. Elimizden gelen gayreti g\u00f6sterip, KOSGEB desteklerinden istifade etmelerini sa\u011flay\u0131p, i\u015flerini kurabilme noktas\u0131nda in\u015fallah TSO olarak o \u00e7al\u0131\u015fmay\u0131 \u015fimdiden ba\u015flataca\u011f\u0131m\u0131z\u0131n ben s\u00f6z\u00fcn\u00fc veriyorum. \u0130n\u015fallah sonucu da hay\u0131rl\u0131 olur.&#8221;<\/p>\n<p style=\"text-align: justify;\"><strong>REKT\u00d6R YARDIMCISI: PROJE DEVAM ETMEL\u0130<\/strong><\/p>\n<p style=\"text-align: justify;\">F\u0131rat \u00dcniversitesi Rekt\u00f6r Yard\u0131mc\u0131s\u0131 Prof. Dr. B\u00fclent \u015een, s\u00fcrd\u00fcr\u00fclebilir bir proje olmas\u0131 a\u00e7\u0131s\u0131ndan bunun devam ettirilmesi gerekti\u011fini savundu. Prof. Dr. \u015een \u015f\u00f6yle konu\u015ftu: &#8220;Bu proje ba\u015flam\u0131\u015f, y\u00fcr\u00fct\u00fclm\u00fc\u015f, tamamlanm\u0131\u015f. Ancak projenin bitmi\u015f olmas\u0131 proje ile ilgili geli\u015fmelerin bitece\u011fi anlam\u0131na gelmiyor. Geli\u015fmeler bundan sonra devam edecektir. \u00c7\u00fcnk\u00fc bu t\u00fcr projeleri iki a\u00e7\u0131dan de\u011ferlendirmek gerekiyor. Bunlardan birincisi kad\u0131n istihdam\u0131 ve i\u015f hayat\u0131na kad\u0131nlar\u0131n kat\u0131l\u0131m\u0131n\u0131n sa\u011flanmas\u0131 a\u00e7\u0131s\u0131ndan \u00e7ok \u00f6nemli bir projedir. Bunlar s\u00fcrd\u00fcr\u00fclebilir projelerdir. Projenin s\u00fcrd\u00fcr\u00fclebilir olmas\u0131 projenin asla bitmeyece\u011fi anlam\u0131na gelmektedir.&#8221;<\/p>\n<p style=\"text-align: justify;\">Yap\u0131lan konu\u015fmalar\u0131n ard\u0131ndan Butik \u015earap\u00e7\u0131l\u0131k Kursu&#8217;nu tamamlayan kursiyer 50 gen\u00e7 k\u0131za sertifikalar\u0131 verildi. Sertifikalar\u0131n\u0131 alan gen\u00e7 k\u0131zlar, kurs s\u00fcresince kendi elleriyle yapt\u0131klar\u0131 \u015faraplar\u0131 konuklara ikram etti.<\/p>\n<p style=\"text-align: justify;\"><a href=\"http:\/\/www.radikal.com.tr\/Radikal.aspx?aType=RadikalDetayV3&amp;ArticleID=1049841&amp;Date=20.05.2011&amp;CategoryID=80\" target=\"_blank\">Kaynak : Radikal<\/a><\/p>\n","protected":false},"excerpt":{"rendered":"<p style=\"text-align: justify;\">\n<p style=\"text-align: justify;\">Elaz\u0131\u011f&#8217;da Butik \u015earap\u00e7\u0131l\u0131k Kursu&#8217;nu tamamlayan 50 kursiyere, d\u00fczenlenen t\u00f6renle sertifikalar\u0131 verildi. Elaz\u0131\u011f \u00dcz\u00fcm \u00dcreticileri Birli\u011fi Ba\u015fkan\u0131 Do\u00e7. Dr. H\u00fcsamettin Kaya, uzman birer \u015farap\u00e7\u0131 olan k\u0131zlar i\u00e7in 6 milyon liraya kurulacak \u00dcz\u00fcm Entengre Tesisi&#8217;nin engellendi\u011fini s\u00f6yledi.<\/p>\n","protected":false},"author":1,"featured_media":0,"comment_status":"open","ping_status":"closed","sticky":false,"template":"","format":"standard","meta":{"footnotes":""},"categories":[105],"tags":[],"class_list":["post-33094","post","type-post","status-publish","format-standard","hentry","category-gundem","odd"],"_links":{"self":[{"href":"http:\/\/www.korhanyilmaz.com\/index.php?rest_route=\/wp\/v2\/posts\/33094","targetHints":{"allow":["GET"]}}],"collection":[{"href":"http:\/\/www.korhanyilmaz.com\/index.php?rest_route=\/wp\/v2\/posts"}],"about":[{"href":"http:\/\/www.korhanyilmaz.com\/index.php?rest_route=\/wp\/v2\/types\/post"}],"author":[{"embeddable":true,"href":"http:\/\/www.korhanyilmaz.com\/index.php?rest_route=\/wp\/v2\/users\/1"}],"replies":[{"embeddable":true,"href":"http:\/\/www.korhanyilmaz.com\/index.php?rest_route=%2Fwp%2Fv2%2Fcomments&post=33094"}],"version-history":[{"count":0,"href":"http:\/\/www.korhanyilmaz.com\/index.php?rest_route=\/wp\/v2\/posts\/33094\/revisions"}],"wp:attachment":[{"href":"http:\/\/www.korhanyilmaz.com\/index.php?rest_route=%2Fwp%2Fv2%2Fmedia&parent=33094"}],"wp:term":[{"taxonomy":"category","embeddable":true,"href":"http:\/\/www.korhanyilmaz.com\/index.php?rest_route=%2Fwp%2Fv2%2Fcategories&post=33094"},{"taxonomy":"post_tag","embeddable":true,"href":"http:\/\/www.korhanyilmaz.com\/index.php?rest_route=%2Fwp%2Fv2%2Ftags&post=33094"}],"curies":[{"name":"wp","href":"https:\/\/api.w.org\/{rel}","templated":true}]}}