{"id":33090,"date":"2011-05-20T07:47:31","date_gmt":"2011-05-20T04:47:31","guid":{"rendered":"http:\/\/www.korhanyilmaz.com\/?p=33090"},"modified":"2011-05-20T07:47:31","modified_gmt":"2011-05-20T04:47:31","slug":"kutahyada-deprem","status":"publish","type":"post","link":"http:\/\/www.korhanyilmaz.com\/?p=33090","title":{"rendered":"K\u00fctahya&#8217;da deprem!"},"content":{"rendered":"<p style=\"text-align: justify;\"><a href=\"http:\/\/www.korhanyilmaz.com\/wp-content\/uploads\/2011\/05\/254.jpg\"  class=\"lightview\"><img loading=\"lazy\" decoding=\"async\" class=\"aligncenter size-full wp-image-33091\" src=\"http:\/\/www.korhanyilmaz.com\/wp-content\/uploads\/2011\/05\/254.jpg\" alt=\"\" width=\"384\" height=\"254\" \/><\/a><\/p>\n<p style=\"text-align: justify;\">K\u00fctahya&#8217;n\u0131n Simav \u0130l\u00e7esi&#8217;nde d\u00fcn gece 5,9 b\u00fcy\u00fckl\u00fc\u011f\u00fcnde bir deprem meydana geldi. Depremde, 4 ki\u015fi hayat\u0131n\u0131 kaybetti.<\/p>\n<p style=\"text-align: justify;\">S\u0130MAV &#8211; Gece saat 23.15\u2019te merkez \u00fcss\u00fc Simav olan 5.9 b\u00fcy\u00fckl\u00fc\u011f\u00fcnde deprem, K\u00fctahya\u2019n\u0131n yan\u0131s\u0131ra T\u00fcrkiye\u2019nin Marmara, Ege \u0130\u00e7anadolu b\u00f6lgesindeki illerde de hissedildi. 10\u2019u a\u015fk\u0131n ilde insanlar\u0131 sokaklara d\u00f6ken depremde Cevre Bakan\u0131 Veysel Ero\u011flu&#8217;nun verdi\u011fi ilk bilgiye g\u00f6re 2 ki\u015fi hayat\u0131n\u0131 kaybetti, 1\u2019\u00fc a\u011f\u0131r 79 ki\u015fi de yaraland\u0131. Depremde en b\u00fcy\u00fck hasar, merkez \u00fcss\u00fc Simav\u2019da meydana geldi. Evlerin b\u00fcy\u00fck \u00e7o\u011funlu\u011funda, derin \u00e7atlaklar meydana geldi. \u00d6zellikle televizyon, buzdolab\u0131 gibi elektronik \u00fcr\u00fcnler ile mutfak ve vitrinlerdeki e\u015fyalar sars\u0131nt\u0131lar\u0131n etkisiyle devrildi. <!--more--><\/p>\n<p style=\"text-align: justify;\"><strong>5 KATLI B\u0130NADAN MUC\u0130ZE ESER\u0130 YIKILMADI<\/strong><\/p>\n<p style=\"text-align: justify;\">Sars\u0131nt\u0131da en fazla hasar, 4 Eyl\u00fcl Mahallesi Hamza \u00d6zcan Sokak\u2019daki 5 katl\u0131 apartmanda meydana geldi. Binan\u0131n alt kat\u0131ndaki i\u015fyerinin \u00e7\u00f6kmesiyle birlikte birinci kattaki daire, zemin kat seviyesine d\u00fc\u015ft\u00fckten sonra yandaki 4 katl\u0131 binan\u0131n \u00fczerine yan yatarak mucize eseri y\u0131k\u0131lmad\u0131. Bu s\u0131rada apartmandaki dairelerin baz\u0131lar\u0131nda \u0131s\u0131nmak i\u00e7in kullan\u0131lan sobalar\u0131n devrilmesiyle k\u00fc\u00e7\u00fck yang\u0131nlar \u00e7\u0131kt\u0131. Sars\u0131nt\u0131 s\u0131ras\u0131nda \u00fczerine dolap d\u00fc\u015ft\u00fc\u011f\u00fc i\u00e7in yaralanan Alpay \u00d6zen, e\u015fi Cansel \u00d6zen 14 ya\u015f\u0131ndaki k\u0131z\u0131 \u015eeyma \u00d6zen ile 3 ya\u015f\u0131ndaki o\u011flu Ali Mert \u00d6zen ve di\u011fer apartman sakinleri, itfaiye ekiplerinin yard\u0131m merdiveni ile kurtar\u0131ld\u0131.<\/p>\n<p style=\"text-align: justify;\">Hastanedeki tedavisinin ard\u0131ndan taburcu edilen Alpay \u00d6zen, &#8220;\u00c7ocuklar\u0131 uyutmaya \u00e7al\u0131\u015f\u0131rken \u00f6nce \u00f6nc\u00fc ard\u0131ndan da b\u00fcy\u00fck deprem meydana geldi. Sonra b\u00fcy\u00fck bir g\u00fcr\u00fclt\u00fcyle apartmanda y\u0131k\u0131lma oldu. Kendimizi g\u00fc\u00e7l\u00fckle kurtarabildik&#8221; dedi. \u0130l\u00e7edeki \u00e7ok say\u0131da i\u015fyeri ve evin camlar\u0131 k\u0131r\u0131ld\u0131, binalar\u0131n s\u0131valar\u0131 d\u00f6k\u00fcld\u00fc.<\/p>\n<p style=\"text-align: justify;\"><strong>10 \u00d6\u011eRENC\u0130 TAHL\u0130YE ED\u0130LD\u0130<\/strong><\/p>\n<p style=\"text-align: justify;\">\u0130l\u00e7ede Milli E\u011fitim M\u00fcd\u00fcrl\u00fc\u011f\u00fc\u2019ne ba\u011fl\u0131 yurtlardan Cumhuriyet Anadolu Lisesi\u2019nin yurdunda kalan 10 \u00f6\u011frenci daha yeni bina olan Anadolu \u00d6\u011fretmen Lisesi\u2019nin yurduna g\u00f6t\u00fcr\u00fcld\u00fc. Okullar\u0131n 19 May\u0131s nedeniyle tatil olmas\u0131ndan dolay\u0131 da yurtlarda \u00f6\u011frenci bulunmad\u0131\u011f\u0131 bildirildi. \u0130l\u00e7ede incelemelerde bulunan K\u00fctahya Milli E\u011fitim M\u00fcd\u00fcr\u00fc Muhammet \u015eahinkaya, 2009 depreminde zarar g\u00f6ren ve g\u00fc\u00e7lendirmeleri yap\u0131lan okullarda hasar\u0131n daha b\u00fcy\u00fck oldu\u011funu, ancak kullan\u0131lan okullarda e\u011fitimi aksatacak zarar\u0131n meydana gelmedi\u011fini, kesin incelemenin daha sonra yap\u0131laca\u011f\u0131n\u0131 bildirdi.<\/p>\n<p style=\"text-align: justify;\"><strong>TAKV\u0130YE POL\u0130S EK\u0130PLER\u0130 G\u00d6NDER\u0130LD\u0130<\/strong><\/p>\n<p style=\"text-align: justify;\">\u0130l\u00e7edeki deh\u015fet anlar\u0131n\u0131n ard\u0131ndan vatanda\u015flar\u0131n evlerine girmemeleri \u00fczerine K\u00fctahya ve \u00e7evre illerden \u00e7ok say\u0131da polis ekibi, b\u00f6lgeye kayd\u0131r\u0131ld\u0131. Ekipler iki\u015ferli, \u00fc\u00e7erli gruplar halinde sokak aralar\u0131nda dola\u015farak g\u00fcvenli\u011fi \u00f6zellikle de h\u0131rs\u0131zl\u0131k olaylar\u0131na kar\u015f\u0131 \u00f6nlem ald\u0131.<\/p>\n<p style=\"text-align: justify;\"><strong>\u0130NSANLAR SOKAKTA ATE\u015e ETRAFINDA SABAHLADI<\/strong><\/p>\n<p style=\"text-align: justify;\">\u00c7ok say\u0131da art\u00e7\u0131 sars\u0131nt\u0131n\u0131n da meydana geldi\u011fi il\u00e7ede yeni depremlerin olmas\u0131ndan endi\u015fe eden vatanda\u015flar, sokaklarda, parklarda ate\u015f yakarak topluca \u0131s\u0131nmayla \u00e7al\u0131\u015ft\u0131. Baz\u0131 vatanda\u015flarda geceyi ara\u00e7lar\u0131nda ge\u00e7irmeye tercih etti. \u0130l\u00e7e garaj\u0131nda evlerine gitmeyi bekleyen bir\u00e7ok \u00fcniversite \u00f6\u011frencisi, 2009 y\u0131l\u0131ndaki depremi de ya\u015fad\u0131klar\u0131n\u0131 dile getirdi. \u00d6\u011frencilerden Mehmet Akif Erol, 2009 y\u0131l\u0131ndaki depremde balkondan atlay\u0131nca kolunun k\u0131r\u0131ld\u0131\u011f\u0131n\u0131, bu kez de ka\u00e7maya \u00e7al\u0131\u015f\u0131rken dolaba \u00e7arparak ka\u015f\u0131n\u0131n yar\u0131ld\u0131\u011f\u0131n\u0131, burnunun k\u0131r\u0131ld\u0131\u011f\u0131n\u0131 s\u00f6yledi.<\/p>\n<p style=\"text-align: justify;\"><strong>T\u00dcM \u0130HT\u0130YA\u00c7LAR G\u0130DER\u0130LECEK<\/strong><\/p>\n<p style=\"text-align: justify;\">Simav Belediye Ba\u015fkan\u0131 Kas\u0131m Karahan ise, g\u00fcn\u00fcn a\u011farmas\u0131yla net tablonun ortaya \u00e7\u0131kaca\u011f\u0131n\u0131, insanlar\u0131n sa\u011fduyulu olmalar\u0131n\u0131, t\u00fcm ihtiya\u00e7lar\u0131n\u0131n giderilece\u011fini dile getirdi.<\/p>\n<p style=\"text-align: justify;\"><a href=\"http:\/\/www.radikal.com.tr\/Radikal.aspx?aType=RadikalDetayV3&amp;ArticleID=1049908&amp;Date=20.05.2011&amp;CategoryID=77\" target=\"_blank\">Kaynak : Radikal<\/a><\/p>\n","protected":false},"excerpt":{"rendered":"<p style=\"text-align: justify;\">\n<p style=\"text-align: justify;\">K\u00fctahya&#8217;n\u0131n Simav \u0130l\u00e7esi&#8217;nde d\u00fcn gece 5,9 b\u00fcy\u00fckl\u00fc\u011f\u00fcnde bir deprem meydana geldi. Depremde, 4 ki\u015fi hayat\u0131n\u0131 kaybetti.<\/p>\n<p style=\"text-align: justify;\">S\u0130MAV &#8211; Gece saat 23.15\u2019te merkez \u00fcss\u00fc Simav olan 5.9 b\u00fcy\u00fckl\u00fc\u011f\u00fcnde deprem, K\u00fctahya\u2019n\u0131n yan\u0131s\u0131ra T\u00fcrkiye\u2019nin Marmara, Ege \u0130\u00e7anadolu b\u00f6lgesindeki illerde de hissedildi. 10\u2019u a\u015fk\u0131n ilde insanlar\u0131 sokaklara d\u00f6ken depremde Cevre Bakan\u0131 Veysel <\/p>\n","protected":false},"author":1,"featured_media":0,"comment_status":"open","ping_status":"closed","sticky":false,"template":"","format":"standard","meta":{"footnotes":""},"categories":[105],"tags":[],"class_list":["post-33090","post","type-post","status-publish","format-standard","hentry","category-gundem","odd"],"_links":{"self":[{"href":"http:\/\/www.korhanyilmaz.com\/index.php?rest_route=\/wp\/v2\/posts\/33090","targetHints":{"allow":["GET"]}}],"collection":[{"href":"http:\/\/www.korhanyilmaz.com\/index.php?rest_route=\/wp\/v2\/posts"}],"about":[{"href":"http:\/\/www.korhanyilmaz.com\/index.php?rest_route=\/wp\/v2\/types\/post"}],"author":[{"embeddable":true,"href":"http:\/\/www.korhanyilmaz.com\/index.php?rest_route=\/wp\/v2\/users\/1"}],"replies":[{"embeddable":true,"href":"http:\/\/www.korhanyilmaz.com\/index.php?rest_route=%2Fwp%2Fv2%2Fcomments&post=33090"}],"version-history":[{"count":0,"href":"http:\/\/www.korhanyilmaz.com\/index.php?rest_route=\/wp\/v2\/posts\/33090\/revisions"}],"wp:attachment":[{"href":"http:\/\/www.korhanyilmaz.com\/index.php?rest_route=%2Fwp%2Fv2%2Fmedia&parent=33090"}],"wp:term":[{"taxonomy":"category","embeddable":true,"href":"http:\/\/www.korhanyilmaz.com\/index.php?rest_route=%2Fwp%2Fv2%2Fcategories&post=33090"},{"taxonomy":"post_tag","embeddable":true,"href":"http:\/\/www.korhanyilmaz.com\/index.php?rest_route=%2Fwp%2Fv2%2Ftags&post=33090"}],"curies":[{"name":"wp","href":"https:\/\/api.w.org\/{rel}","templated":true}]}}