{"id":33073,"date":"2011-05-19T20:01:20","date_gmt":"2011-05-19T17:01:20","guid":{"rendered":"http:\/\/www.korhanyilmaz.com\/?p=33073"},"modified":"2011-05-19T20:01:20","modified_gmt":"2011-05-19T17:01:20","slug":"batum-basbakan-%e2%80%99cam%e2%80%99siz-konusamiyor","status":"publish","type":"post","link":"http:\/\/www.korhanyilmaz.com\/?p=33073","title":{"rendered":"Batum: &#8220;Ba\u015fbakan \u2019cam\u2019s\u0131z konu\u015fam\u0131yor&#8221;"},"content":{"rendered":"<p style=\"text-align: justify;\"><span><a href=\"http:\/\/www.korhanyilmaz.com\/wp-content\/uploads\/2011\/05\/2522.jpg\"  class=\"lightview\"><img loading=\"lazy\" decoding=\"async\" class=\"aligncenter size-full wp-image-33076\" title=\"252\" src=\"http:\/\/www.korhanyilmaz.com\/wp-content\/uploads\/2011\/05\/2522.jpg\" alt=\"\" width=\"200\" height=\"146\" \/><\/a><\/span><\/p>\n<p style=\"text-align: justify;\">CHP Genel Ba\u015fkan Yard\u0131mc\u0131s\u0131 S\u00fcheyl Batum, Ba\u015fbakan Recep Erdo\u011fan i\u00e7in, &#8216;Amerikal\u0131lar\u0131n kendisine verdi\u011fi \u2019cam\u2019 (prompter) bozulunca 5 dakika susan Ba\u015fbakan ilk defa g\u00f6r\u00fcyorum&#8217; dedi.\u00a0<!--more--><\/p>\n<p style=\"text-align: justify;\">S\u00fcheyl Batum, CHP Genel Ba\u015fkan\u0131 Kemal K\u0131l\u0131\u00e7daro\u011flu\u2019nun yar\u0131n Afyonkarahisar\u2019da yapaca\u011f\u0131 mitingten \u00f6nce kente geldi. CHP \u0130l Ba\u015fkanl\u0131\u011f\u0131\u2019nda il y\u00f6neticileriyle toplant\u0131 yapan Batum, gazetecilerin sorular\u0131n\u0131 yan\u0131tlad\u0131. T\u00fcrkiye\u2019nin zor bir d\u00f6nemden ge\u00e7ti\u011fini, bunun da h\u00fck\u00fcmetin politikalar\u0131yla ilgili oldu\u011funu belirten Batum, &#8220;Zor bir d\u00f6nemde ya\u015f\u0131yoruz. Bug\u00fcne kadar \u00e7ok ba\u015fbakan g\u00f6rd\u00fck. Ama Amerikal\u0131lar\u0131n kendisine verdi\u011fi \u2019cam\u2019dan konu\u015fabilen, \u2019cam\u2019 bozuldu\u011funda da 5 dakika susan Ba\u015fbakan ilk defa g\u00f6rd\u00fcm&#8221; dedi.<\/p>\n<p style=\"text-align: justify;\">Ba\u015fkanl\u0131k sistemi tart\u0131\u015fmalar\u0131na da de\u011finen Genel Ba\u015fkan Yard\u0131mc\u0131s\u0131 Batum, \u015f\u00f6yle konu\u015ftu:<\/p>\n<p style=\"text-align: justify;\">&#8220;Bu Ba\u015fbakan, kendisine \u2019cam\u2019da yaz\u0131lmadan ba\u015fkanl\u0131k sistemini de anlamaz. Bir g\u00fcn cam\u0131 kald\u0131r\u0131n, ba\u015fkanl\u0131k sistemini sorun, cevap verirse gelir sizden \u00f6z\u00fcr dilerim. Burhan Kuzu benim arkada\u015f\u0131md\u0131r. 2007 y\u0131l\u0131nda bunlar Anayasa\u2019y\u0131 de\u011fi\u015ftirdi. Cumhurba\u015fkan\u0131\u2019n\u0131n g\u00f6rev s\u00fcresini k\u0131saltt\u0131, Meclis\u2019in g\u00f6rev s\u00fcresini 4 y\u0131la d\u00fc\u015f\u00fcrd\u00fc. Meclis\u2019in g\u00f6rev s\u00fcresini d\u00fc\u015f\u00fcren bu adamlar, bir maddeyi unuttu: Meclis Ba\u015fkan\u0131\u2019n\u0131n g\u00f6rev s\u00fcresini 5 y\u0131l olarak b\u0131rakt\u0131. Bunlar\u0131n Anayasas\u0131 bu kadar. Bunlar \u015faka gibi adamlar. Bunlar, T\u00fcrkiye\u2019ye gelmi\u015f \u015faka gibi. \u0130n\u015fallah Anayasa\u2019y\u0131 biz yapaca\u011f\u0131z. Burhan (Kuzu) da yapar. Burhan\u2019\u0131 da \u00e7a\u011f\u0131r\u0131r, \u2019O ekibin i\u00e7inde bildi\u011fini de unuttun, gel senle beraber Anayasa yapal\u0131m\u2019 deriz.&#8221;<\/p>\n<p style=\"text-align: justify;\">Ba\u015fbakan Erdo\u011fan\u2019\u0131n CHP\u2019nin 9\u2019uncu Cumhurba\u015fkan\u0131 S\u00fcleyman Demirel\u2019in g\u00f6lgesinde y\u00f6netildi\u011fi iddias\u0131na da yan\u0131t veren Batum, \u015funlar\u0131 s\u00f6yledi:<\/p>\n<p style=\"text-align: justify;\">&#8220;Say\u0131n Ba\u015fbakan g\u00f6lge i\u015fini \u00e7ok iyi bilir. O ilk \u00f6nce kendisine o \u2019cam\u2019\u0131 kim vermi\u015f, kimin g\u00f6lgesindeymi\u015f, o \u00e7\u0131kacak ortaya. Bizim kimsenin g\u00f6lgesine ihtiyac\u0131m\u0131z yok. Demirel, T\u00fcrkiye\u2019de Cumhurba\u015fkanl\u0131\u011f\u0131 yapm\u0131\u015f ve 87 ya\u015f\u0131nda T\u00fcrkiye\u2019de oturan bir ki\u015fidir. Acaba Say\u0131n Ba\u015fbakan 87 ya\u015f\u0131nda T\u00fcrkiye\u2019de olabilecek mi yoksa \u00e7ocuklar\u0131yla beraber ba\u015fka bir yerde mi olacak?&#8221;<\/p>\n<p style=\"text-align: justify;\"><span><a href=\"http:\/\/www.haber1.com\/batum-basbakan-camsiz-konusamiyor.html\" target=\"_blank\">Kaynak : Haber1.com<\/a><\/span><\/p>\n<p style=\"text-align: center;\">&#8212;&#8212;&#8212;&#8212;&#8212;&#8212;&#8212;&#8212;&#8212;&#8212;&#8212;&#8212;&#8212;&#8212;&#8212;&#8212;&#8212;&#8212;&#8212;&#8212;&#8212;&#8212;&#8212;&#8212;&#8212;&#8212;&#8212;&#8212;&#8212;&#8212;&#8212;&#8212;&#8212;&#8211;<\/p>\n<p style=\"text-align: justify;\">[youtube]http:\/\/www.youtube.com\/watch?v=CfXxo2vo348[\/youtube]<\/p>\n","protected":false},"excerpt":{"rendered":"<p style=\"text-align: justify;\">\n<p style=\"text-align: justify;\">CHP Genel Ba\u015fkan Yard\u0131mc\u0131s\u0131 S\u00fcheyl Batum, Ba\u015fbakan Recep Erdo\u011fan i\u00e7in, &#8216;Amerikal\u0131lar\u0131n kendisine verdi\u011fi \u2019cam\u2019 (prompter) bozulunca 5 dakika susan Ba\u015fbakan ilk defa g\u00f6r\u00fcyorum&#8217; dedi. <\/p>\n","protected":false},"author":1,"featured_media":0,"comment_status":"open","ping_status":"closed","sticky":false,"template":"","format":"standard","meta":{"footnotes":""},"categories":[105],"tags":[],"class_list":["post-33073","post","type-post","status-publish","format-standard","hentry","category-gundem","odd"],"_links":{"self":[{"href":"http:\/\/www.korhanyilmaz.com\/index.php?rest_route=\/wp\/v2\/posts\/33073","targetHints":{"allow":["GET"]}}],"collection":[{"href":"http:\/\/www.korhanyilmaz.com\/index.php?rest_route=\/wp\/v2\/posts"}],"about":[{"href":"http:\/\/www.korhanyilmaz.com\/index.php?rest_route=\/wp\/v2\/types\/post"}],"author":[{"embeddable":true,"href":"http:\/\/www.korhanyilmaz.com\/index.php?rest_route=\/wp\/v2\/users\/1"}],"replies":[{"embeddable":true,"href":"http:\/\/www.korhanyilmaz.com\/index.php?rest_route=%2Fwp%2Fv2%2Fcomments&post=33073"}],"version-history":[{"count":0,"href":"http:\/\/www.korhanyilmaz.com\/index.php?rest_route=\/wp\/v2\/posts\/33073\/revisions"}],"wp:attachment":[{"href":"http:\/\/www.korhanyilmaz.com\/index.php?rest_route=%2Fwp%2Fv2%2Fmedia&parent=33073"}],"wp:term":[{"taxonomy":"category","embeddable":true,"href":"http:\/\/www.korhanyilmaz.com\/index.php?rest_route=%2Fwp%2Fv2%2Fcategories&post=33073"},{"taxonomy":"post_tag","embeddable":true,"href":"http:\/\/www.korhanyilmaz.com\/index.php?rest_route=%2Fwp%2Fv2%2Ftags&post=33073"}],"curies":[{"name":"wp","href":"https:\/\/api.w.org\/{rel}","templated":true}]}}