{"id":33067,"date":"2011-05-19T17:52:35","date_gmt":"2011-05-19T14:52:35","guid":{"rendered":"http:\/\/www.korhanyilmaz.com\/?p=33067"},"modified":"2011-05-19T17:52:35","modified_gmt":"2011-05-19T14:52:35","slug":"ocalandan-daha-fazla-ceza-isteniyor","status":"publish","type":"post","link":"http:\/\/www.korhanyilmaz.com\/?p=33067","title":{"rendered":"\u00d6calan&#8217;dan daha fazla ceza isteniyor"},"content":{"rendered":"<p style=\"text-align: center;\"><a href=\"http:\/\/www.korhanyilmaz.com\/wp-content\/uploads\/2011\/05\/251.jpg\"  class=\"lightview\"><img loading=\"lazy\" decoding=\"async\" class=\"aligncenter size-full wp-image-33069\" src=\"http:\/\/www.korhanyilmaz.com\/wp-content\/uploads\/2011\/05\/251.jpg\" alt=\"\" width=\"414\" height=\"219\" \/><\/a><\/p>\n<p style=\"text-align: justify;\">Koramiral Kadir Sa\u011fd\u0131\u00e7&#8217;\u0131n avukat\u0131 &#8220;M\u00fcvekkilime istenen ceza b\u00f6l\u00fcc\u00fc ba\u015f\u0131na talep edilen cezadan dahi daha a\u011f\u0131r&#8221; dedi.<\/p>\n<p style=\"text-align: justify;\">\u0130STANBUL- Hasdal Cezaevi\u2019nde bug\u00fcn m\u00fcvekkili Koramiral Kadir Sa\u011fd\u0131\u00e7 ile g\u00f6r\u00fc\u015fen avukat\u0131 H\u00fcseyin Ers\u00f6z, \u00e7ok sert bir a\u00e7\u0131klama yapt\u0131. Avukat Ers\u00f6z, &#8220;Konunun en vahamet arz eden hassas noktas\u0131n\u0131n 50 kuru\u015f de\u011ferindeki bir CD i\u00e7inde yer alan dijital ter\u00f6r \u00fcr\u00fcn\u00fc sahte 2 dok\u00fcmana dayanarak Sa\u011fd\u0131\u00e7 hakk\u0131nda istenen iki kez a\u011f\u0131rla\u015ft\u0131r\u0131lm\u0131\u015f m\u00fcebbet hapis cezas\u0131n\u0131n, binlerce ki\u015finin katili olan ve su\u00e7unu inkar eden &#8216;b\u00f6l\u00fcc\u00fc ba\u015f\u0131na talep edilen cezadan&#8217; dahi daha a\u011f\u0131r olmas\u0131d\u0131r&#8221; dedi. <!--more--><\/p>\n<p style=\"text-align: justify;\">G\u00f6lc\u00fck Donanma Komutanl\u0131\u011f\u0131\u2019nda ele ge\u00e7irilen belgelere ili\u015fkin haz\u0131rlanan iddianamede hakk\u0131nda iki kez a\u011f\u0131rla\u015ft\u0131r\u0131lm\u0131\u015f m\u00fcebbet hapis cezas\u0131 istenen Koramira Kadir Sa\u011fd\u0131\u00e7\u2019\u0131n avukat\u0131 yaz\u0131l\u0131 bir a\u00e7\u0131klama yapt\u0131.<\/p>\n<p style=\"text-align: justify;\">Koramiral Kadir Sa\u011fd\u0131\u00e7\u2019\u0131n avukat\u0131 H\u00fcseyin Ers\u00f6z, yapt\u0131\u011f\u0131 a\u00e7\u0131klamada bug\u00fcn m\u00fcvekkili ile Hasdal Cezaevi\u2019nde g\u00f6r\u00fc\u015ft\u00fc\u011f\u00fcn\u00fc belirtti. Sa\u011fd\u0131\u00e7 hakk\u0131nda iki kez a\u011f\u0131rla\u015ft\u0131r\u0131lm\u0131\u015f m\u00fcebbet hapis cezas\u0131 talebi ile bir iddianame haz\u0131rland\u0131\u011f\u0131n\u0131 b\u00fcy\u00fck bir \u015fa\u015fk\u0131nl\u0131k i\u00e7inde bas\u0131n- yay\u0131n organlar\u0131ndan \u00f6\u011frendiklerini ifade eden Avukat Ers\u00f6z, \u201cM\u00fcvekkilimizin su\u00e7land\u0131\u011f\u0131 G\u00f6lc\u00fck Donanma Komutanl\u0131\u011f\u0131&#8217;ndan ele ge\u00e7irildi\u011fi iddia olunan dijital verilerin sahte, hi\u00e7 bir imza i\u00e7ermedi\u011fi ve belge niteli\u011fi ta\u015f\u0131mad\u0131\u011f\u0131 hususu Donanma Komutanl\u0131\u011f\u0131 Askeri Savc\u0131l\u0131\u011f\u0131 taraf\u0131ndan te\u015fkil edilen bilirki\u015fi heyetince a\u00e7\u0131k, kesin ve net bir \u015fekilde belirlenmi\u015f ve bu rapor \u0130stanbul 12. A\u011f\u0131r Ceza Mahkemesi de dahil ilgili makamlara sunulmu\u015ftur&#8221; ifadelerini kulland\u0131.<\/p>\n<p style=\"text-align: justify;\">\u0130mzas\u0131z, sahte dijital verilere dayanan ve hi\u00e7bir hukuki maddi olguya dayanmayan su\u00e7lamalar\u0131n Masumiyet Karinesi\u2019ni tamamen yok sayd\u0131\u011f\u0131na dikkat \u00e7eken Ers\u00f6z, \u201c\u0130ddianame daha taraf\u0131m\u0131za verilmemi\u015fken ve Mahkemenin kabul edip etmeyece\u011fi y\u00f6n\u00fcnde bir karar hen\u00fcz d\u00fczenlenmemi\u015fken, bir k\u0131s\u0131m yaz\u0131l\u0131 ve g\u00f6rsel bas\u0131nda yay\u0131nlanm\u0131\u015ft\u0131r. Bu noktadaki temel ele\u015ftiri oda\u011f\u0131m\u0131z\u0131 ise adli makamlar olu\u015fturmaktad\u0131r. Zira b\u00f6yle bilginin savunma makam\u0131ndan \u00f6nce kamuoyuna a\u00e7\u0131klanmas\u0131 bizi ancak yarg\u0131s\u0131z infaz olarak adland\u0131r\u0131labilecek bir sonuca g\u00f6t\u00fcrmektedir. \u0130ddia makam\u0131n\u0131n g\u00f6revinin ise bu olmad\u0131\u011f\u0131 gayet a\u00e7\u0131kt\u0131r&#8221; \u015feklinde konu\u015ftu.<\/p>\n<p style=\"text-align: justify;\"><strong>\u201cB\u00d6L\u00dcC\u00dc BA\u015eINA TALEP ED\u0130LEN CEZADAN DAH\u0130 DAHA A\u011eIR&#8221;<\/strong><\/p>\n<p style=\"text-align: justify;\">Avukat Ers\u00f6z, a\u00e7\u0131klamas\u0131na \u015f\u00f6yle devam etti:<\/p>\n<p style=\"text-align: justify;\">\u201cKonunun en vahamet arz eden hassas noktas\u0131, 50 kuru\u015f de\u011ferindeki bir CD i\u00e7inde yer alan dijital ter\u00f6r \u00fcr\u00fcn\u00fc sahte 2 dok\u00fcmana dayanarak Sa\u011fd\u0131\u00e7 hakk\u0131nda 2 kez a\u011f\u0131rla\u015ft\u0131r\u0131lm\u0131\u015f m\u00fcebbet hapis cezas\u0131 istenmesinin, binlerce ki\u015finin katili olan ve su\u00e7unu ikrar eden b\u00f6l\u00fcc\u00fc ba\u015f\u0131na talep edilen cezadan dahi daha a\u011f\u0131r olmas\u0131d\u0131r.<\/p>\n<p style=\"text-align: justify;\">Bu nas\u0131l bir ironidir ki bir tarafta devletin en \u00fcst mercileri taraf\u0131ndan koramiral r\u00fctbesine lay\u0131k g\u00f6r\u00fclen ve Balkan Harbi, 1. D\u00fcnya Sava\u015f\u0131 ve Kurtulu\u015f M\u00fccadelesinde gazileri olan bir aileden gelen m\u00fcvekkilimizin eli kanl\u0131 ter\u00f6ristlere \u00f6ng\u00f6r\u00fclen cezadan daha a\u011f\u0131r bir m\u00fceyyideye lay\u0131k g\u00f6r\u00fclebilmektedir. Bu durumun kamu vicdan\u0131nda a\u00e7aca\u011f\u0131 yaran\u0131n boyutlar\u0131n\u0131 takdirlerinize b\u0131rak\u0131yoruz.&#8221;<\/p>\n<p style=\"text-align: justify;\"><a href=\"http:\/\/www.gazeteport.com.tr\/GUNCEL\/NEWS\/GP_907512\" target=\"_blank\">Kaynak : GAZETEPORT<\/a><\/p>\n","protected":false},"excerpt":{"rendered":"<p style=\"text-align: center;\">\n<p style=\"text-align: justify;\">Koramiral Kadir Sa\u011fd\u0131\u00e7&#8217;\u0131n avukat\u0131 &#8220;M\u00fcvekkilime istenen ceza b\u00f6l\u00fcc\u00fc ba\u015f\u0131na talep edilen cezadan dahi daha a\u011f\u0131r&#8221; dedi.<\/p>\n<p style=\"text-align: justify;\">\u0130STANBUL- Hasdal Cezaevi\u2019nde bug\u00fcn m\u00fcvekkili Koramiral Kadir Sa\u011fd\u0131\u00e7 ile g\u00f6r\u00fc\u015fen avukat\u0131 H\u00fcseyin Ers\u00f6z, \u00e7ok sert bir a\u00e7\u0131klama yapt\u0131. Avukat Ers\u00f6z, &#8220;Konunun en vahamet arz eden hassas noktas\u0131n\u0131n 50 kuru\u015f de\u011ferindeki bir CD <\/p>\n","protected":false},"author":1,"featured_media":0,"comment_status":"open","ping_status":"closed","sticky":false,"template":"","format":"standard","meta":{"footnotes":""},"categories":[105],"tags":[],"class_list":["post-33067","post","type-post","status-publish","format-standard","hentry","category-gundem","odd"],"_links":{"self":[{"href":"http:\/\/www.korhanyilmaz.com\/index.php?rest_route=\/wp\/v2\/posts\/33067","targetHints":{"allow":["GET"]}}],"collection":[{"href":"http:\/\/www.korhanyilmaz.com\/index.php?rest_route=\/wp\/v2\/posts"}],"about":[{"href":"http:\/\/www.korhanyilmaz.com\/index.php?rest_route=\/wp\/v2\/types\/post"}],"author":[{"embeddable":true,"href":"http:\/\/www.korhanyilmaz.com\/index.php?rest_route=\/wp\/v2\/users\/1"}],"replies":[{"embeddable":true,"href":"http:\/\/www.korhanyilmaz.com\/index.php?rest_route=%2Fwp%2Fv2%2Fcomments&post=33067"}],"version-history":[{"count":0,"href":"http:\/\/www.korhanyilmaz.com\/index.php?rest_route=\/wp\/v2\/posts\/33067\/revisions"}],"wp:attachment":[{"href":"http:\/\/www.korhanyilmaz.com\/index.php?rest_route=%2Fwp%2Fv2%2Fmedia&parent=33067"}],"wp:term":[{"taxonomy":"category","embeddable":true,"href":"http:\/\/www.korhanyilmaz.com\/index.php?rest_route=%2Fwp%2Fv2%2Fcategories&post=33067"},{"taxonomy":"post_tag","embeddable":true,"href":"http:\/\/www.korhanyilmaz.com\/index.php?rest_route=%2Fwp%2Fv2%2Ftags&post=33067"}],"curies":[{"name":"wp","href":"https:\/\/api.w.org\/{rel}","templated":true}]}}