{"id":33064,"date":"2011-05-19T18:06:53","date_gmt":"2011-05-19T15:06:53","guid":{"rendered":"http:\/\/www.korhanyilmaz.com\/?p=33064"},"modified":"2011-05-19T18:06:53","modified_gmt":"2011-05-19T15:06:53","slug":"genclerin-yarisi-gitmek-istiyor","status":"publish","type":"post","link":"http:\/\/www.korhanyilmaz.com\/?p=33064","title":{"rendered":"Gen\u00e7lerin yar\u0131s\u0131 gitmek istiyor"},"content":{"rendered":"<p style=\"text-align: justify;\"><a href=\"http:\/\/www.korhanyilmaz.com\/wp-content\/uploads\/2011\/05\/250.jpg\"  class=\"lightview\"><img loading=\"lazy\" decoding=\"async\" class=\"aligncenter size-full wp-image-33065\" src=\"http:\/\/www.korhanyilmaz.com\/wp-content\/uploads\/2011\/05\/250.jpg\" alt=\"\" width=\"414\" height=\"220\" \/><\/a><\/p>\n<p style=\"text-align: justify;\">T\u00fcrkiye Kamu-Sen taraf\u0131ndan sonu\u00e7lar\u0131 bug\u00fcn a\u00e7\u0131klanan bir ankete kat\u0131lan 18-25 ya\u015f grubundan 2,359 gencin verdi\u011fi cevaplar, bu ya\u015f grubunun gelecek planlar\u0131 ve T\u00fcrkiye\u2019ye bak\u0131\u015flar\u0131yla ilgili \u00e7arp\u0131c\u0131 sonu\u00e7lar ortaya koydu.<!--more--><\/p>\n<p style=\"text-align: justify;\">ANKARA- \u00c7\u0131kan sonu\u00e7lara g\u00f6re ankete kat\u0131lanlar\u0131n:<\/p>\n<p style=\"text-align: justify;\">Y\u00fczde 56.8&#8217;i gelecekten umutsuz<\/p>\n<p style=\"text-align: justify;\">Y\u00fczde 56.2&#8217;si ba\u015fka bir \u00fclkede ya\u015famak istiyor<\/p>\n<p style=\"text-align: justify;\">Y\u00fczde 46&#8217;s\u0131 i\u015fsizlikten korkuyor<\/p>\n<p style=\"text-align: justify;\">Y\u00fczde 48.5&#8217;i iyi bir i\u015fin kap\u0131s\u0131n\u0131 etkili tan\u0131d\u0131klar\u0131n a\u00e7t\u0131\u011f\u0131na inan\u0131yor.<\/p>\n<p style=\"text-align: justify;\">Ankette, \u00f6zellikle gen\u00e7lerin yar\u0131s\u0131ndan fazlas\u0131n\u0131 yurtd\u0131\u015f\u0131nda ya\u015famak istedi\u011fi y\u00f6n\u00fcnde fikir beyan etmesi, T\u00fcrkiye&#8217;nin adayl\u0131k s\u00fcrecini uzatan Avrupa Birli\u011fi&#8217;nin (AB) tezlerini de g\u00fc\u00e7lendiriyor.<\/p>\n<p style=\"text-align: justify;\">AB, T\u00fcrkiye&#8217;nin gen\u00e7 n\u00fcfusunun gelecekte K\u0131ta&#8217;ya da\u011f\u0131larak, gen\u00e7 n\u00fcfusu fazla olmayan b\u00f6lge \u00fclkelerinde dengesiz bir yap\u0131 olu\u015fturaca\u011f\u0131 korkusunu ya\u015f\u0131yor.<\/p>\n<p style=\"text-align: justify;\"><strong>KEND\u0130LER\u0130NE G\u00dcVENLER\u0130 YOK<\/strong><\/p>\n<p style=\"text-align: justify;\">Sonu\u00e7lar\u0131n\u0131 de\u011ferlendiren T\u00fcrkiye Kamu-Sen Genel Ba\u015fkan\u0131 \u0130smail Koncuk, &#8220;\u00d6zellikle son iki y\u0131ld\u0131r hem \u00fcniversite giri\u015f s\u0131navlar\u0131nda hem de KPSS\u2019de ya\u015fanan YGS rezaleti bu oran\u0131 y\u00fckseltti. Bir zamanlar \u00fclkenin en g\u00fcvenilir kurumlar\u0131 aras\u0131nda g\u00f6sterilen \u00d6SYM\u2019de \u00fcst \u00fcste ya\u015fanan skandallar, gen\u00e7lerimizin gelece\u011fe ku\u015fkuyla bakmas\u0131na neden oldu. \u00d6yle ki geleceklerini belirlemek i\u00e7in bir meslek sahibi olmay\u0131 hayal eden gen\u00e7lerimiz, art\u0131k sadece s\u0131nav stresiyle ba\u015f etmiyorlar; bir de kar\u015f\u0131lar\u0131na engel olarak \u015fifre ve kopya skandallar\u0131 \u00e7\u0131kt\u0131.<\/p>\n<p style=\"text-align: justify;\">B\u00fct\u00fcn bunlar\u0131n yan\u0131 s\u0131ra T\u00fcrkiye\u2019nin her k\u00f6\u015fesinde hala kanayan bir yara olan i\u015fsizlik sorunu da gen\u00e7lerimizin kar\u015f\u0131s\u0131nda. B\u00fct\u00fcn engelleri a\u015f\u0131p da \u00fcniversiteye giren \u00f6\u011frencilerimiz bile mezun olduktan sonra i\u015f kayg\u0131s\u0131yla y\u0131llarca ya evlerinde beklemek zorunda kal\u0131yorlar ya da kendi meslekleri d\u0131\u015f\u0131nda \u201cne i\u015f olursa yapar\u0131m\u201d mant\u0131\u011f\u0131yla hareket etmek zorunda kal\u0131yorlar. G\u00fcn\u00fcm\u00fcz \u015fartlar\u0131nda \u00fcniversite mezunu olman\u0131n yan\u0131 s\u0131ra bir\u00e7ok alanda da kendini yeti\u015ftirmek gerekiyor. Bu ekonomik ko\u015fullarda gen\u00e7lerimiz kendini yeti\u015ftirmek i\u00e7in yeterli maddi imkanlar\u0131 bulam\u0131yor. Kendini g\u00fcveni olmayan, kendini yeterince yeti\u015ftirememi\u015f bir nesil kar\u015f\u0131m\u0131za \u00e7\u0131k\u0131yor.&#8221; dedi.<\/p>\n<p style=\"text-align: justify;\"><a href=\"http:\/\/www.gazeteport.com.tr\/GUNCEL\/NEWS\/GP_907519\" target=\"_blank\">Kaynak : GAZETEPORT<\/a><\/p>\n","protected":false},"excerpt":{"rendered":"<p style=\"text-align: justify;\">\n<p style=\"text-align: justify;\">T\u00fcrkiye Kamu-Sen taraf\u0131ndan sonu\u00e7lar\u0131 bug\u00fcn a\u00e7\u0131klanan bir ankete kat\u0131lan 18-25 ya\u015f grubundan 2,359 gencin verdi\u011fi cevaplar, bu ya\u015f grubunun gelecek planlar\u0131 ve T\u00fcrkiye\u2019ye bak\u0131\u015flar\u0131yla ilgili \u00e7arp\u0131c\u0131 sonu\u00e7lar ortaya koydu.<\/p>\n","protected":false},"author":1,"featured_media":0,"comment_status":"open","ping_status":"closed","sticky":false,"template":"","format":"standard","meta":{"footnotes":""},"categories":[105],"tags":[],"class_list":["post-33064","post","type-post","status-publish","format-standard","hentry","category-gundem","odd"],"_links":{"self":[{"href":"http:\/\/www.korhanyilmaz.com\/index.php?rest_route=\/wp\/v2\/posts\/33064","targetHints":{"allow":["GET"]}}],"collection":[{"href":"http:\/\/www.korhanyilmaz.com\/index.php?rest_route=\/wp\/v2\/posts"}],"about":[{"href":"http:\/\/www.korhanyilmaz.com\/index.php?rest_route=\/wp\/v2\/types\/post"}],"author":[{"embeddable":true,"href":"http:\/\/www.korhanyilmaz.com\/index.php?rest_route=\/wp\/v2\/users\/1"}],"replies":[{"embeddable":true,"href":"http:\/\/www.korhanyilmaz.com\/index.php?rest_route=%2Fwp%2Fv2%2Fcomments&post=33064"}],"version-history":[{"count":0,"href":"http:\/\/www.korhanyilmaz.com\/index.php?rest_route=\/wp\/v2\/posts\/33064\/revisions"}],"wp:attachment":[{"href":"http:\/\/www.korhanyilmaz.com\/index.php?rest_route=%2Fwp%2Fv2%2Fmedia&parent=33064"}],"wp:term":[{"taxonomy":"category","embeddable":true,"href":"http:\/\/www.korhanyilmaz.com\/index.php?rest_route=%2Fwp%2Fv2%2Fcategories&post=33064"},{"taxonomy":"post_tag","embeddable":true,"href":"http:\/\/www.korhanyilmaz.com\/index.php?rest_route=%2Fwp%2Fv2%2Ftags&post=33064"}],"curies":[{"name":"wp","href":"https:\/\/api.w.org\/{rel}","templated":true}]}}