{"id":33059,"date":"2011-05-19T16:31:04","date_gmt":"2011-05-19T13:31:04","guid":{"rendered":"http:\/\/www.korhanyilmaz.com\/?p=33059"},"modified":"2011-05-19T16:31:04","modified_gmt":"2011-05-19T13:31:04","slug":"kilicdaroglu-dersimliyim-gururluyum","status":"publish","type":"post","link":"http:\/\/www.korhanyilmaz.com\/?p=33059","title":{"rendered":"K\u0131l\u0131\u00e7daro\u011flu: &#8220;Dersimliyim gururluyum&#8221;"},"content":{"rendered":"<p style=\"text-align: justify;\"><a href=\"http:\/\/www.korhanyilmaz.com\/wp-content\/uploads\/2011\/05\/248.jpg\"  class=\"lightview\"><img loading=\"lazy\" decoding=\"async\" class=\"aligncenter size-full wp-image-33060\" src=\"http:\/\/www.korhanyilmaz.com\/wp-content\/uploads\/2011\/05\/248.jpg\" alt=\"\" width=\"414\" height=\"221\" \/><\/a><\/p>\n<p style=\"text-align: justify;\">CHP lideri K\u0131l\u0131\u00e7daro\u011flu&#8217;nu hem\u015fehrileri &#8220;Dersim seninle gurur duyuyor&#8221; diye alk\u0131\u015flad\u0131. K\u0131l\u0131\u00e7daro\u011flu da &#8220;Desimliyim, gururluyum&#8221; kar\u015f\u0131l\u0131\u011f\u0131n\u0131 verdi. K\u0131l\u0131\u00e7daro\u011flu, Ba\u015fbakan Erdo\u011fan&#8217;a da seslenerek &#8220;Y\u00fcre\u011fin varsa Dersim Belgelerini a\u00e7\u0131kla. A\u00e7\u0131klamazsan 13 Haziran&#8217;da ben a\u00e7\u0131klayaca\u011f\u0131m&#8221; dedi.<!--more--><\/p>\n<p style=\"text-align: justify;\"><a href=\"http:\/\/www.korhanyilmaz.com\/wp-content\/uploads\/2011\/05\/253.jpg\"  class=\"lightview\"><img loading=\"lazy\" decoding=\"async\" class=\"aligncenter size-full wp-image-33087\" title=\"\" src=\"http:\/\/www.korhanyilmaz.com\/wp-content\/uploads\/2011\/05\/253.jpg\" alt=\"\" width=\"300\" height=\"181\" \/><\/a><\/p>\n<p style=\"text-align: justify;\">TUNCEL\u0130- CHP Genel Ba\u015fkan\u0131 Kemal K\u0131l\u0131\u00e7daro\u011flu, Tunceli&#8217;de hem\u015ferileri taraf\u0131ndan co\u015fkulu bir \u015fekilde kar\u015f\u0131land\u0131.<\/p>\n<p style=\"text-align: justify;\">K\u0131l\u0131\u00e7daro\u011flu da bu co\u015fkuya &#8220;Dersimliyim ve Dersimli olmaktan gurur duyuyorum. Asl\u0131mla da gurur duyuyorum. Asl\u0131ndan korkmak da ay\u0131pt\u0131r&#8221; s\u00f6zleriyle kar\u015f\u0131l\u0131k verdi.<\/p>\n<p style=\"text-align: justify;\">Meydanda &#8220;Dersim seninle gurur duyuyor&#8221; slogan\u0131n\u0131n yank\u0131lanmas\u0131yla K\u0131l\u0131\u00e7daro\u011flu, hem\u015ferilerine &#8220;Ben yi\u011fitlerin harman oldu\u011fu yerde do\u011fdum. Burada b\u00fcy\u00fcd\u00fcm. Elbette Tunceliliyim elbette gurur duyuyorum&#8221; diye seslendi.<\/p>\n<p style=\"text-align: center;\"><a href=\"http:\/\/www.korhanyilmaz.com\/wp-content\/uploads\/2011\/05\/249.jpg\"  class=\"lightview\"><img loading=\"lazy\" decoding=\"async\" class=\"aligncenter size-full wp-image-33061\" src=\"http:\/\/www.korhanyilmaz.com\/wp-content\/uploads\/2011\/05\/249.jpg\" alt=\"\" width=\"448\" height=\"231\" \/><\/a><\/p>\n<p style=\"text-align: justify;\">K\u0131l\u0131\u00e7daro\u011flu daha sonra s\u00f6z\u00fc Ba\u015fbakan Erdo\u011fan&#8217;a getirdi:<\/p>\n<p style=\"text-align: justify;\">&#8220;T\u00fcrkiye\u2019yi bilmiyorlar. Oku, iyi oku, Anadolu\u2019yu, T\u00fcrkiye\u2019yi oku. Bu Anadolu\u2019yu nas\u0131l g\u00f6rmezlikten gelirsin? Hayat\u0131m boyunca kimsenin diniyle, diliyle u\u011fra\u015fmad\u0131m.<\/p>\n<p style=\"text-align: justify;\">Nas\u0131l olur da biz ayr\u0131l\u0131\u011f\u0131 gayr\u0131l\u0131\u011f\u0131 yapar\u0131z. Cumhuriyet\u2019i kurarken ad\u0131m\u0131z Kemal\u2019di, Kemal\u2019in kurdu\u011fu okullarda okuduk. Okulda bize k\u00f6yl\u00fc \u00e7ocu\u011fu, Anadolu \u00e7ocu\u011fu demediler. Okuduk devlette hizmet ettik, milletvekili olduk, bir partinin ba\u015f\u0131na geldim. Anadolu\u2019nun g\u00fczelli\u011fi budur.<\/p>\n<p style=\"text-align: justify;\">Ben ayr\u0131m yapmadan, yanda\u015f demeden sadece vatanda\u015f diyerek hizmet etmek istiyorum. Demokrasi ve \u00f6zg\u00fcrl\u00fck i\u00e7inde gelecek ve hizmet edilecek.<\/p>\n<p style=\"text-align: justify;\">D\u00fc\u015fman\u0131m\u0131z kimir bizim demi\u015f Yunus, biz kimseye kin tutmay\u0131z demi\u015f. Biz de kimseye kin tutmay\u0131z.<\/p>\n<p style=\"text-align: justify;\">Biz herkesin oldu\u011fu, herkesin \u00f6zg\u00fcr oldu\u011fu, demokrasinin geli\u015fti\u011fi \u00fclke i\u00e7in u\u011fra\u015f\u0131yoruz.&#8221;<\/p>\n<p style=\"text-align: justify;\"><strong>BDP&#8217;L\u0130 BELED\u0130YELERE SAH\u0130P \u00c7IKTI<\/strong><\/p>\n<p style=\"text-align: justify;\">Konu\u015fmas\u0131nda BDP&#8217;li b\u00f6lge belediyelerine destek veren K\u0131l\u0131\u00e7daro\u011flu, \u015f\u00f6yle devam etti:<\/p>\n<p style=\"text-align: justify;\">&#8220;Hi\u00e7bir vatanda\u015f\u0131m\u0131z aras\u0131nda ayr\u0131m yapmadan, halka hizmet i\u00e7in yola \u00e7\u0131kt\u0131m. \u00c7at\u0131k ka\u015fl\u0131 insanlar\u0131n de\u011fil g\u00fcler y\u00fczl\u00fc insanlar\u0131n memleketi olmak i\u00e7in yola \u00e7\u0131kt\u0131k.<\/p>\n<p style=\"text-align: justify;\">Biz kimseye kar\u015f\u0131 kin tutmay\u0131z. Halka hizmet etmek kadar kutsal bir g\u00f6rev bir olamaz. Siz yoksullu\u011fu, i\u015fsizli\u011fi \u00e7\u00f6z\u00fcyorsan\u0131z herkesi kucakl\u0131yorsan\u0131z en kutsal g\u00f6revi yerine getirmi\u015f olursunuz.<\/p>\n<p style=\"text-align: justify;\">Bunlar Tunceliyi tan\u0131m\u0131yorlar. Tunceliliye buzdolab\u0131, \u00e7ama\u015f\u0131r makinas\u0131 da\u011f\u0131tt\u0131lar. Sand\u0131lar ki Tuncelilileri kand\u0131rd\u0131k&#8230; Ama bilmiyorlar ki Dersim demek \u00f6zg\u00fcrl\u00fck demek&#8230;&#8221;<\/p>\n<p style=\"text-align: justify;\"><strong>KCK DAVASI<\/strong><\/p>\n<p style=\"text-align: justify;\">&#8220;\u00d6zel Yetkili Mahkemeler 12 Eyl\u00fcl&#8217;\u00fcn \u00fcr\u00fcn\u00fcd\u00fcr. DGM&#8217;lerin devam\u0131d\u0131r.<\/p>\n<p style=\"text-align: justify;\">Se\u00e7imle gelmi\u015f belediye ba\u015fkanlar\u0131na sayg\u0131 g\u00f6stermemiz laz\u0131m. A veya B partisi farketmez. Halk\u0131n oylar\u0131yla, se\u00e7imle g\u00f6reve gelmi\u015f belediyelere sayg\u0131 duyacaks\u0131n\u0131z. Demokrasi budur.<\/p>\n<p style=\"text-align: justify;\">Bu insanlar\u0131 aylarca hapiste tuttunuz, tutmaya devam ediyorsunuz. Bizim iktidar\u0131m\u0131zda bunlar olmayacak. \u00c7\u00fcnk\u00fc bizim iktidar\u0131m\u0131zda demokrasi olacak \u00f6zg\u00fcrl\u00fck olacak. Bizim gibi d\u00fc\u015f\u00fcnmeyenler i\u00e7in de demokrasi ve \u00f6zg\u00fcrl\u00fck olacak. \u0130lk \u00f6nce onlar i\u00e7in olacak.&#8221;<\/p>\n<p style=\"text-align: justify;\"><strong>&#8220;Y\u00dcRE\u011e\u0130N VARSA DERS\u0130M BELGELER\u0130N\u0130 A\u00c7IKLA&#8221;<\/strong><\/p>\n<p style=\"text-align: justify;\">&#8220;Ba\u015fbakan, &#8216;Dersim ger\u00e7e\u011finden ka\u00e7\u0131yor&#8217; diyor bana. &#8216;Dersim Belgelerini a\u00e7\u0131klarsak soka\u011fa \u00e7\u0131kamazlar&#8217; diyor. Ben de buradan sesleniyorum, y\u00fcre\u011fin varsa Dersim Belgelerini a\u00e7\u0131kla.<\/p>\n<p style=\"text-align: justify;\">Halktan gizli bir \u015fey olamaz, halka ger\u00e7ekleri anlatmam\u0131z laz\u0131m. Ger\u00e7eklerden korkmamak laz\u0131m. Halka her \u015feyi a\u00e7\u0131klamak laz\u0131m. O a\u00e7\u0131klamazsa, Ba\u015fbakan a\u00e7\u0131klamazsa ve bana yetki verirseniz 13 Haziran&#8217;da Dersim Belgelerini a\u00e7\u0131klayaca\u011f\u0131m.&#8221;<\/p>\n<p style=\"text-align: justify;\"><a href=\"http:\/\/www.gazeteport.com.tr\/SIYASET\/NEWS\/GP_907467\" target=\"_blank\">KAYNAK : GAZETEPORT<\/a><\/p>\n","protected":false},"excerpt":{"rendered":"<p style=\"text-align: justify;\">\n<p style=\"text-align: justify;\">CHP lideri K\u0131l\u0131\u00e7daro\u011flu&#8217;nu hem\u015fehrileri &#8220;Dersim seninle gurur duyuyor&#8221; diye alk\u0131\u015flad\u0131. K\u0131l\u0131\u00e7daro\u011flu da &#8220;Desimliyim, gururluyum&#8221; kar\u015f\u0131l\u0131\u011f\u0131n\u0131 verdi. K\u0131l\u0131\u00e7daro\u011flu, Ba\u015fbakan Erdo\u011fan&#8217;a da seslenerek &#8220;Y\u00fcre\u011fin varsa Dersim Belgelerini a\u00e7\u0131kla. A\u00e7\u0131klamazsan 13 Haziran&#8217;da ben a\u00e7\u0131klayaca\u011f\u0131m&#8221; dedi.<\/p>\n","protected":false},"author":1,"featured_media":0,"comment_status":"open","ping_status":"closed","sticky":false,"template":"","format":"standard","meta":{"footnotes":""},"categories":[105],"tags":[],"class_list":["post-33059","post","type-post","status-publish","format-standard","hentry","category-gundem","odd"],"_links":{"self":[{"href":"http:\/\/www.korhanyilmaz.com\/index.php?rest_route=\/wp\/v2\/posts\/33059","targetHints":{"allow":["GET"]}}],"collection":[{"href":"http:\/\/www.korhanyilmaz.com\/index.php?rest_route=\/wp\/v2\/posts"}],"about":[{"href":"http:\/\/www.korhanyilmaz.com\/index.php?rest_route=\/wp\/v2\/types\/post"}],"author":[{"embeddable":true,"href":"http:\/\/www.korhanyilmaz.com\/index.php?rest_route=\/wp\/v2\/users\/1"}],"replies":[{"embeddable":true,"href":"http:\/\/www.korhanyilmaz.com\/index.php?rest_route=%2Fwp%2Fv2%2Fcomments&post=33059"}],"version-history":[{"count":0,"href":"http:\/\/www.korhanyilmaz.com\/index.php?rest_route=\/wp\/v2\/posts\/33059\/revisions"}],"wp:attachment":[{"href":"http:\/\/www.korhanyilmaz.com\/index.php?rest_route=%2Fwp%2Fv2%2Fmedia&parent=33059"}],"wp:term":[{"taxonomy":"category","embeddable":true,"href":"http:\/\/www.korhanyilmaz.com\/index.php?rest_route=%2Fwp%2Fv2%2Fcategories&post=33059"},{"taxonomy":"post_tag","embeddable":true,"href":"http:\/\/www.korhanyilmaz.com\/index.php?rest_route=%2Fwp%2Fv2%2Ftags&post=33059"}],"curies":[{"name":"wp","href":"https:\/\/api.w.org\/{rel}","templated":true}]}}