{"id":33055,"date":"2011-05-19T17:06:28","date_gmt":"2011-05-19T14:06:28","guid":{"rendered":"http:\/\/www.korhanyilmaz.com\/?p=33055"},"modified":"2011-05-19T17:06:28","modified_gmt":"2011-05-19T14:06:28","slug":"once-begendi-sonra-kaldirtti","status":"publish","type":"post","link":"http:\/\/www.korhanyilmaz.com\/?p=33055","title":{"rendered":"\u00d6nce be\u011fendi sonra kald\u0131rtt\u0131!"},"content":{"rendered":"<p style=\"text-align: center;\"><a href=\"http:\/\/www.korhanyilmaz.com\/wp-content\/uploads\/2011\/05\/247.jpg\"  class=\"lightview\"><img loading=\"lazy\" decoding=\"async\" class=\"aligncenter size-full wp-image-33056\" src=\"http:\/\/www.korhanyilmaz.com\/wp-content\/uploads\/2011\/05\/247.jpg\" alt=\"\" width=\"360\" height=\"202\" \/><\/a><\/p>\n<p style=\"text-align: justify;\">Erdo\u011fan bug\u00fcn Meclis&#8217;e vekil olarak girmesini sa\u011flayan Siirt&#8217;te partisinin d\u00fczenledi\u011fi mitingde konu\u015ftu.<\/p>\n<p style=\"text-align: justify;\">&#8220;Ho\u015fgeldin eni\u015fte&#8221; pankartlar\u0131yla kar\u015f\u0131lanan Erdo\u011fan, mitingde, kalabal\u0131\u011f\u0131n aras\u0131nda g\u00f6rd\u00fc\u011f\u00fc K\u0131l\u0131\u00e7daro\u011flu ve Bah\u00e7eli&#8217;yi g\u00f6steren afi\u015fe \u00f6nce be\u011fenisini g\u00f6sterdi sonra da kald\u0131r\u0131lmas\u0131n\u0131 istedi.<!--more--><\/p>\n<p style=\"text-align: justify;\">AK Parti Genel Ba\u015fkan\u0131 ve Ba\u015fbakan Recep Tayyip Erdo\u011fan, &#8220;Ben buradan cezaevine gittim. Cezaevine burada okudu\u011fum \u015fiirden dolay\u0131 gittim. O g\u00fcnk\u00fc Siirt\u2019in durumunu biliyorum, bug\u00fcnk\u00fc Siirt\u2019in durumunu biliyorum. Yi\u011fit d\u00fc\u015ft\u00fc\u011f\u00fc yerden kalkarm\u0131\u015f ve biz buradan kalkt\u0131k. Neden? \u00c7\u00fcnk\u00fc sizler Mart 2003\u2019te de bu karde\u015finizi, eni\u015ftenizi yaln\u0131z koymad\u0131n\u0131z, y\u00fczde 84 ile Parlamentoya g\u00f6nderdiniz&#8221; dedi.<\/p>\n<p style=\"text-align: justify;\">Erdo\u011fan, partisince Cumhuriyet Meydan\u0131\u2019nda d\u00fczenlenen mitingde vatanda\u015flara seslendi.<\/p>\n<p style=\"text-align: justify;\">Konu\u015fmas\u0131na &#8220;Eni\u015ftenize sahip \u00e7\u0131kt\u0131\u011f\u0131n\u0131z i\u00e7in sizlere en kalbi \u015f\u00fckranlar\u0131m\u0131 sunuyorum&#8221; diyerek ba\u015flayan Erdo\u011fan, Siirt\u2019e, Siirtli karde\u015flerine sevdal\u0131 olduklar\u0131n\u0131 s\u00f6yledi. Erdo\u011fan, Siirt\u2019in tarih boyunca medreseleriyle, ilim yuvalar\u0131yla, alimleriyle, eserleriyle d\u00fcnyaya y\u00f6n verdi\u011fini belirtti.<\/p>\n<p style=\"text-align: justify;\">CHP Genel Ba\u015fkan\u0131 Kemal K\u0131l\u0131\u00e7daro\u011flu\u2019nun birka\u00e7 hafta \u00f6nce Siirt\u2019e geldi\u011fini an\u0131msatan Erdo\u011fan, &#8220;\u00d6nce Veysel Karani T\u00fcrbesi\u2019nde kameralar\u0131n \u00f6n\u00fcnde duas\u0131n\u0131 etti. Allah kabul etsin. Bu meydanda Siirtlilere, bana hakaret etmek isterken \u00f6l\u00e7\u00fcy\u00fc, izan\u0131 ka\u00e7\u0131rarak, a\u015farak i\u00e7indeki hezeyan\u0131 ortaya d\u00f6kerek, \u2019Stat\u00fckonun Allah\u2019\u0131 Ankara\u2019dad\u0131r\u2019 dedi. Rabbimize edepsizce dil uzatt\u0131. Siirt, buna gereken cevab\u0131 verdi, Siirt bu edep d\u0131\u015f\u0131l\u0131\u011fa gereken cevab\u0131 verdi, ama bunlar\u0131n \u00e7o\u011fu ayn\u0131&#8221; dedi.<\/p>\n<p style=\"text-align: justify;\">\u0130stanbul Zincirlikuyu Mezarl\u0131\u011f\u0131 giri\u015finde, &#8220;Her nefis \u00f6l\u00fcm\u00fc tadacakt\u0131r\u2019 yazd\u0131\u011f\u0131n\u0131 an\u0131msatan Erdo\u011fan, \u015funlar\u0131 s\u00f6yledi:<\/p>\n<p style=\"text-align: justify;\">&#8220;Profes\u00f6r bir bayan bunun i\u00e7in \u2019\u00e7ok sinir bozucu\u2019 diyor. Profes\u00f6r olmu\u015f, ama bunun ayet oldu\u011funun fark\u0131nda de\u011fil. Zannetti ki herhalde \u0130stanbul B\u00fcy\u00fck\u015fehir Belediye Ba\u015fkan\u0131 Kadir Topba\u015f\u2019\u0131n s\u00f6z\u00fc. Halbuki yar\u0131n \u00f6lecek, \u00f6ld\u00fc\u011f\u00fc zaman, tabutun \u00fczerinde bir \u00f6rt\u00fc o \u00f6rt\u00fcde ne yaz\u0131yor? \u2019Her nefis \u00f6l\u00fcm\u00fc tadacakt\u0131r\u2019.<\/p>\n<p style=\"text-align: justify;\">Yar\u0131n hepimiz \u00f6lmeyecek miyiz? \u00d6lece\u011fiz. Hocaefendinin \u00f6n\u00fcne gelece\u011fiz, musallaya koyacaklar bizi. cumhurba\u015fkan\u0131 bile orada. Hocaefendi cumhurba\u015fkan\u0131, ba\u015fbakan, trilyarder, profes\u00f6r niyetine mi diyecek? Er ki\u015fi, hatun ki\u015fi niyetine diyecek. Ger\u00e7ek e\u015fitlik, ger\u00e7ek adalet orada. Orada ayr\u0131m yok. Kefenin belli, atlastan kefen var m\u0131? Patiskadan kefen. Kefene saracaklar, ondan sonra da iki metrek\u00fcp mezara koyacaklar. Ondan sonra da zaten yan\u0131na da bir daha kolay kolay u\u011framazlar. Geride bir \u015fey b\u0131rakm\u0131\u015fsan hay\u0131rla yad edilirsin, b\u0131rakmam\u0131\u015fsan \u2019bundan kurtulduk\u2019 derler. \u0130\u015fte \u2019Baki kalan bu kubbede ho\u015f bir sada imi\u015f me\u011fer\u2019.<\/p>\n<p style=\"text-align: justify;\">Bunu yapaca\u011f\u0131z. Bu yola bunun i\u00e7in \u00e7\u0131kt\u0131k. Onun i\u00e7in biz bu millete efendi olmaya de\u011fil, hizmetkar olmaya geldik.&#8221;<\/p>\n<p style=\"text-align: justify;\">CHP Genel Ba\u015fkan\u0131 Kemal K\u0131l\u0131\u00e7daro\u011flu\u2019nun &#8220;istismar\u0131ndan&#8221; b\u0131kt\u0131klar\u0131n\u0131 ifade eden Erdo\u011fan, &#8220;Yalanlar\u0131ndan b\u0131kt\u0131k. Ak\u015fam yalan, sabah yalan. Art\u0131k cevap yeti\u015ftirmeye, takip etmeye ne benim ne arkada\u015flar\u0131m\u0131n g\u00fcc\u00fc yetiyor. \u00c7ok da pi\u015fkin, y\u00fcz k\u0131zarmaz, b\u00f6yle bir yap\u0131s\u0131 var&#8221; diye konu\u015ftu.<\/p>\n<p style=\"text-align: justify;\"><strong>&#8220;S\u0130ZE SIRTLARINI D\u00d6ND\u00dcLER&#8221;<\/strong><\/p>\n<p style=\"text-align: justify;\">Ba\u015fbakan olarak Siirt\u2019e 15. geli\u015fi oldu\u011funu, bir \u00f6nceki geli\u015finde 32 eseri Siirt\u2019e kazand\u0131rd\u0131klar\u0131n\u0131 anlatan Erdo\u011fan, yar\u0131n da Van\u2019da miting yapaca\u011f\u0131n\u0131 belirterek, o mitingi Siirtlilerin de izlemesini istedi.<\/p>\n<p style=\"text-align: justify;\">Do\u011fu ve G\u00fcneydo\u011fu illerinin her a\u00e7\u0131dan \u00e7ok b\u00fcy\u00fck bir potansiyel bar\u0131nd\u0131rd\u0131\u011f\u0131n\u0131 vurgulayan Erdo\u011fan, Siirt\u2019in bug\u00fcn oldu\u011fundan \u00e7ok daha ileri seviyelerde olmas\u0131 gerekti\u011fini belirtti.<\/p>\n<p style=\"text-align: justify;\">Siirt\u2019e \u00fcretilen s\u00fct, tereya\u011f\u0131, bal, kilim, battaniye gibi \u00fcr\u00fcnlerin d\u00fcnya pazarlar\u0131nda aranan \u00fcr\u00fcnler aras\u0131nda olabilece\u011fini dile getiren Erdo\u011fan, &#8220;Ben hayal g\u00f6rm\u00fcyorum. Bu m\u00fcmk\u00fcnd\u00fcr. Sadece Siirt de\u011fil, Do\u011fu\u2019daki, G\u00fcneydo\u011fu\u2019daki her bir il, il\u00e7e, k\u00f6y kabu\u011funu k\u0131rarak s\u0131n\u0131rlar\u0131n\u0131 a\u015farak makus talihini k\u00f6kten de\u011fi\u015ftirebilir. \u015eu soruyu kendimize soraca\u011f\u0131z, her t\u00fcrl\u00fc \u00f6n yarg\u0131y\u0131 bir kenara koyal\u0131m, soral\u0131m, ni\u00e7in Siirt bu halde? Oy veriyoruz de\u011fil mi? Oyu biz ni\u00e7in kullan\u0131yoruz, soruyorum. \u015eehrimize, insan\u0131m\u0131za bir hizmet gelsin diye kullan\u0131yoruz. Bu hizmeti en iyi kim getirir diye kullan\u0131yoruz&#8221; dedi.<\/p>\n<p style=\"text-align: justify;\">Ba\u015fbakan Erdo\u011fan, 8,5 y\u0131ld\u0131r iktidarda olduklar\u0131n\u0131, e\u011fitimden, sa\u011fl\u0131\u011fa, adaletten, emniyete, ula\u015f\u0131mdan, enerjiye kadar yap\u0131lan hizmetlerin herkesin g\u00f6z\u00fc \u00f6n\u00fcnde oldu\u011funu bildirerek, Siirt\u2019in tarihinde g\u00f6rmedi\u011fi hizmeti AK Parti iktidar\u0131nda g\u00f6rd\u00fc\u011f\u00fcn\u00fc s\u00f6yledi.<\/p>\n<p style=\"text-align: justify;\">Erdo\u011fan, \u015funlar\u0131 kaydetti:<\/p>\n<p style=\"text-align: justify;\">&#8220;81 vilayetle Siirt\u2019in hizmetkar\u0131 olduk. Sizin sesinizi on y\u0131llarca g\u00f6rmediler, size s\u0131rtlar\u0131n\u0131 d\u00f6nd\u00fcler. 79 y\u0131lda getirilmeyen hizmetin kat kat fazlas\u0131n\u0131 8,5 y\u0131lda getirdik. Ben buradan cezaevine gittim. Cezavine burada okudu\u011fum \u015fiirden dolay\u0131 gittim. O g\u00fcnk\u00fc Siirt\u2019in durumunu biliyorum, bug\u00fcnk\u00fc Siirt\u2019in durumunu biliyorum. Yi\u011fit d\u00fc\u015ft\u00fc\u011f\u00fc yerden kalkarm\u0131\u015f ve biz buradan kalkt\u0131k. Neden? \u00c7\u00fcnk\u00fc sizler Mart 2003\u2019te de bu karde\u015finizi, eni\u015ftenizi yaln\u0131z koymad\u0131n\u0131z, y\u00fczde 84 ile Parlamentoya g\u00f6nderdiniz. Y\u00fczde 84. Ben diyorum ki, Siirt\u2019li karde\u015flerim \u015fimdi AK Parti\u2019ye aynen bu g\u00fcc\u00fc vermeli. Biz size hizmetkar olaca\u011f\u0131z.&#8221;<\/p>\n<p style=\"text-align: justify;\"><a href=\"http:\/\/haber.gazetevatan.com\/Haber\/378377\/1\/Gundem\" target=\"_blank\">Kaynak : VATAN Gazetesi<\/a><\/p>\n","protected":false},"excerpt":{"rendered":"<p style=\"text-align: center;\">\n<p style=\"text-align: justify;\">Erdo\u011fan bug\u00fcn Meclis&#8217;e vekil olarak girmesini sa\u011flayan Siirt&#8217;te partisinin d\u00fczenledi\u011fi mitingde konu\u015ftu.<\/p>\n<p style=\"text-align: justify;\">&#8220;Ho\u015fgeldin eni\u015fte&#8221; pankartlar\u0131yla kar\u015f\u0131lanan Erdo\u011fan, mitingde, kalabal\u0131\u011f\u0131n aras\u0131nda g\u00f6rd\u00fc\u011f\u00fc K\u0131l\u0131\u00e7daro\u011flu ve Bah\u00e7eli&#8217;yi g\u00f6steren afi\u015fe \u00f6nce be\u011fenisini g\u00f6sterdi sonra da kald\u0131r\u0131lmas\u0131n\u0131 istedi.<\/p>\n","protected":false},"author":1,"featured_media":0,"comment_status":"open","ping_status":"closed","sticky":false,"template":"","format":"standard","meta":{"footnotes":""},"categories":[105],"tags":[],"class_list":["post-33055","post","type-post","status-publish","format-standard","hentry","category-gundem","odd"],"_links":{"self":[{"href":"http:\/\/www.korhanyilmaz.com\/index.php?rest_route=\/wp\/v2\/posts\/33055","targetHints":{"allow":["GET"]}}],"collection":[{"href":"http:\/\/www.korhanyilmaz.com\/index.php?rest_route=\/wp\/v2\/posts"}],"about":[{"href":"http:\/\/www.korhanyilmaz.com\/index.php?rest_route=\/wp\/v2\/types\/post"}],"author":[{"embeddable":true,"href":"http:\/\/www.korhanyilmaz.com\/index.php?rest_route=\/wp\/v2\/users\/1"}],"replies":[{"embeddable":true,"href":"http:\/\/www.korhanyilmaz.com\/index.php?rest_route=%2Fwp%2Fv2%2Fcomments&post=33055"}],"version-history":[{"count":0,"href":"http:\/\/www.korhanyilmaz.com\/index.php?rest_route=\/wp\/v2\/posts\/33055\/revisions"}],"wp:attachment":[{"href":"http:\/\/www.korhanyilmaz.com\/index.php?rest_route=%2Fwp%2Fv2%2Fmedia&parent=33055"}],"wp:term":[{"taxonomy":"category","embeddable":true,"href":"http:\/\/www.korhanyilmaz.com\/index.php?rest_route=%2Fwp%2Fv2%2Fcategories&post=33055"},{"taxonomy":"post_tag","embeddable":true,"href":"http:\/\/www.korhanyilmaz.com\/index.php?rest_route=%2Fwp%2Fv2%2Ftags&post=33055"}],"curies":[{"name":"wp","href":"https:\/\/api.w.org\/{rel}","templated":true}]}}