{"id":33052,"date":"2011-05-19T18:33:40","date_gmt":"2011-05-19T15:33:40","guid":{"rendered":"http:\/\/www.korhanyilmaz.com\/?p=33052"},"modified":"2011-05-19T18:33:40","modified_gmt":"2011-05-19T15:33:40","slug":"sabah-hastaydi-ama","status":"publish","type":"post","link":"http:\/\/www.korhanyilmaz.com\/?p=33052","title":{"rendered":"Sabah hastayd\u0131 ama&#8230;"},"content":{"rendered":"<p style=\"text-align: center;\"><a href=\"http:\/\/www.korhanyilmaz.com\/wp-content\/uploads\/2011\/05\/246.jpg\"  class=\"lightview\"><img loading=\"lazy\" decoding=\"async\" class=\"aligncenter size-full wp-image-33053\" src=\"http:\/\/www.korhanyilmaz.com\/wp-content\/uploads\/2011\/05\/246.jpg\" alt=\"\" width=\"420\" height=\"210\" \/><\/a><\/p>\n<p style=\"text-align: justify;\">&#8221;So\u011fuk alg\u0131nl\u0131\u011f\u0131&#8221; nedeniyle 19 May\u0131s Stadyumu\u2019nda d\u00fczenlenen t\u00f6rene kat\u0131lmayan Ba\u015fbakan Recep Tayyip Erdo\u011fan, Siirt&#8217;te mitinge kat\u0131ld\u0131.<\/p>\n<p style=\"text-align: justify;\">Mitingden yakla\u015f\u0131k 5 saat \u00f6nce yap\u0131lan 19 May\u0131s kutlamalar\u0131na kat\u0131lmayan Erdo\u011fan&#8217;\u0131n, Siirt&#8217;te toplu a\u00e7\u0131l\u0131\u015f t\u00f6renine kat\u0131laca\u011f\u0131n\u0131n a\u00e7\u0131klanmas\u0131 dikkat \u00e7ekti. <!--more--><\/p>\n<p style=\"text-align: justify;\">Mitingde \u00e7ok canl\u0131 ve ne\u015feli g\u00f6z\u00fcken Ba\u015fbakan Erdo\u011fan partisince Cumhuriyet Meydan\u0131\u2019nda d\u00fczenlenen mitingde vatanda\u015flara seslendi.<\/p>\n<p style=\"text-align: justify;\">T\u00fcrkiye\u2019nin hizmetkar\u0131 olduklar\u0131n\u0131, Do\u011fu ve G\u00fcneydo\u011fu illerine hizmet ta\u015f\u0131rken birilerinin bundan ciddi \u015fekilde rahats\u0131z oldu\u011funu savunan Erdo\u011fan, birilerinin bu hizmetleri engellemek i\u00e7in tahriklere, provokasyonlara ba\u015flad\u0131\u011f\u0131n\u0131 ifade etti.<\/p>\n<p style=\"text-align: justify;\">Y\u0131llard\u0131r Siirt\u2019in yoksullu\u011fundan, ma\u011fduriyetinden, mahrumiyetinden nemalananlar\u0131n \u015fimdi Siirt\u2019in kendi ayaklar\u0131 \u00fczerine kalkmas\u0131ndan rahats\u0131z olduklar\u0131n\u0131 dile getiren Erdo\u011fan, Siirt\u2019e \u00fcniversite kurduklar\u0131n\u0131, b\u00f6l\u00fcnm\u00fc\u015f yollar yapt\u0131klar\u0131n\u0131 bildirdi.<\/p>\n<p style=\"text-align: justify;\">Eskiden hastanelerde \u00e7ile \u00e7ekildi\u011fine i\u015faret eden Erdo\u011fan, \u015fimdi vatanda\u015flar\u0131n istedikleri hastanelere gitti\u011fini belirtti.<\/p>\n<p style=\"text-align: justify;\">Erdo\u011fan, b\u00f6lgede ola\u011fan\u00fcst\u00fc hali kald\u0131rd\u0131klar\u0131n\u0131, ter\u00f6r ma\u011fdurlar\u0131na sahip \u00e7\u0131kt\u0131klar\u0131n\u0131, K\u00fcrt\u00e7e ve Arap\u00e7a \u00fczerindeki yasaklar\u0131 kald\u0131rd\u0131klar\u0131n\u0131, ifade ederek, &#8220;Siirt\u2019te K\u00fcrd\u2019\u00fc de var, Arap\u2019\u0131 da var. Bizde ayr\u0131m yok. Biz sadece K\u00fcrd\u2019\u00fcn, T\u00fcrk\u2019\u00fcn, Arap\u2019\u0131n, Laz\u2019\u0131n, G\u00fcrc\u00fc\u2019n\u00fcn, \u00c7erkez\u2019in Roman\u2019\u0131n de\u011fil, 74 milyonu kucaklayan bir iktidar\u0131z.<\/p>\n<p style=\"text-align: justify;\">\u00c7\u00fcnk\u00fc biz yarad\u0131lan\u0131 yaradandan \u00f6t\u00fcr\u00fc seviyoruz. Fark\u0131m\u0131z bu&#8221; diye konu\u015ftu.<\/p>\n<p style=\"text-align: justify;\">TRT-\u015ee\u015f\u2019i ve TRT-Arap\u00e7a\u2019y\u0131 a\u00e7t\u0131klar\u0131n\u0131 hat\u0131rlatan Erdo\u011fan, \u00fcniversitelerde K\u00fcrt\u00e7e b\u00f6l\u00fcmler, enstit\u00fcler kurduklar\u0131n\u0131, Ahmed-i Hani\u2019nin Mem u Zin\u2019inin K\u00fclt\u00fcr Bakanl\u0131\u011f\u0131 eliyle bas\u0131ld\u0131\u011f\u0131n\u0131 s\u00f6yledi.<\/p>\n<p style=\"text-align: justify;\">Ba\u015fbakan Erdo\u011fan, samimiyetle, g\u00f6n\u00fclden, y\u00fcrekten \u2019analar a\u011flamas\u0131n\u2019, \u2019yavrular \u00f6lmesin\u2019 dediklerine i\u015faret eden Erdo\u011fan, \u015f\u00f6yle devam etti: &#8220;Biz, bir s\u00fcre\u00e7 ba\u015flatt\u0131k. Biz, yeni bir sayfa a\u00e7t\u0131k. Biz, bir d\u00f6nemin kap\u0131lar\u0131n\u0131 a\u00e7t\u0131k. \u0130\u015fte t\u00fcm bunlardan rahats\u0131z olanlar var. Bu s\u00fcreci baltalamak, s\u00fcreci sabote etmek, s\u00fcreci akamete u\u011fratmak i\u00e7in var g\u00fc\u00e7leri ile \u00e7al\u0131\u015ft\u0131lar, \u00e7al\u0131\u015f\u0131yorlar. Siirtli karde\u015flerim, a\u00e7\u0131k a\u00e7\u0131k s\u00f6yl\u00fcyorum: Birileri senin yavrular\u0131n\u0131n kan\u0131 \u00fczerinden, senin ac\u0131n ve g\u00f6zya\u015f\u0131n \u00fczerinden siyaset yapman\u0131n m\u00fccadelesini veriyor. Birileri Siirt\u2019in kalk\u0131nmas\u0131n\u0131n, huzura, istikrara kavu\u015fmas\u0131n\u0131n rahats\u0131zl\u0131\u011f\u0131 i\u00e7inde. \u0130\u015fsizli\u011fin azalmas\u0131 onlar\u0131 rahats\u0131z ediyor.<\/p>\n<p style=\"text-align: justify;\">Bunlar\u0131 bar\u0131\u015f\u0131n, huzurun, karde\u015fli\u011fin y\u00fccelmesi rahats\u0131z ediyor. \u00d6yle reklam panolar\u0131nda bunlar\u0131n demokrasi demesine bakmay\u0131n, bunlar demokrasi denince ter\u00f6r \u00f6rg\u00fct\u00fcn\u00fc anl\u0131yorlar.<\/p>\n<p style=\"text-align: justify;\">K\u00fcrt sorunuyla PKK ter\u00f6r \u00f6rg\u00fct\u00fcn\u00fc l\u00fctfen birbirine kar\u0131\u015ft\u0131rmayal\u0131m. Benim K\u00fcrt karde\u015flerimin sorunlar\u0131 vard\u0131r, T\u00fcrk\u2019\u00fcn de vard\u0131r, Laz\u2019\u0131n da vard\u0131r, Arap\u2019\u0131n da vard\u0131r, G\u00fcrc\u00fc\u2019n\u00fcn de vard\u0131r. B\u00fct\u00fcn bunlarla ilgilenmek bizim g\u00f6revimizdir. Biz bug\u00fcne kadar bunun imtihan\u0131n\u0131 veriyoruz. Siirt hayallerine yakla\u015ft\u0131k\u00e7a, birileri Siirt\u2019i ayaklar\u0131ndan tutup, a\u015fa\u011f\u0131 \u00e7ekmeye \u00e7al\u0131\u015f\u0131yor. \u0130\u015fte g\u00f6r\u00fcyorsunuz. 4 y\u0131l boyunca Mecliste K\u00fcrt karde\u015flerimin meselelerinin \u00e7\u00f6z\u00fcm\u00fc i\u00e7in en k\u00fc\u00e7\u00fck bir \u00e7aba g\u00f6stermeyenler, \u015fu anda 12 Haziran \u00f6ncesinde sokaklar\u0131 ate\u015fe veriyorlar, gen\u00e7leri tahrik ediyorlar. Partimin, T\u00fcrkiye\u2019nin de\u011fi\u015fik yerlerindeki se\u00e7im b\u00fcrolar\u0131n\u0131 molotoflarla bombal\u0131yorlar. \u015eu ana kadar, y\u00fcze yak\u0131n yeri ate\u015fe verdiler.<\/p>\n<p style=\"text-align: justify;\">Arabalar\u0131 yak\u0131yorlar, otob\u00fcsleri yak\u0131yorlar, se\u00e7im otob\u00fcslerini yak\u0131yorlar. Nedir bu? Demokrasi bu mu? Hak ve \u00f6zg\u00fcrl\u00fck bu mu? E\u011fer demokrasiye inan\u0131yorsan, gel konu\u015f, Mecliste konu\u015ftu\u011fun gibi konu\u015f. Ama yok, demokrasiyi b\u00f6yle de\u011fil de ter\u00f6re dayal\u0131 olarak y\u00fcr\u00fctecekseniz, kusura bakmay\u0131n benim milletim buna yol vermez, benim Siirtlim buna yol vermez. Ben b\u00f6yle inan\u0131yorum.<\/p>\n<p style=\"text-align: justify;\">4 y\u0131l boyunca T\u00fcrkiye\u2019nin Siirt\u2019in hi\u00e7bir sorununa e\u011filmeyenler, \u015fimdi sorundan beslenmek i\u00e7in istismar ve siyaset, ikisini birarada g\u00f6t\u00fcrmek istiyorlar. \u00d6zellikle de y\u0131llarca bu vampirler, gen\u00e7lerin kan\u0131n\u0131 emdi. Y\u0131llarca silah t\u00fcccarlar\u0131 k\u00f6\u015feyi d\u00f6nd\u00fc, y\u0131llarca istismarc\u0131lar kazand\u0131. Ama kaybeden Siirt oldu, milletim oldu, benim K\u00fcrt karde\u015fim oldu, Arap karde\u015fim oldu. Biz bu k\u0131s\u0131r d\u00f6ng\u00fcy\u00fc k\u0131rd\u0131k. Biz bu d\u00f6neme son verdik. Bu tezgah\u0131 hep birlikte alt \u00fcst etmeye var m\u0131y\u0131z? Bu gen\u00e7lerin kan\u0131 \u00fczerinde oynanan bir oyun, bu oyunu hep beraber bozaca\u011f\u0131z. Siirt\u2019i, Do\u011fu ve G\u00fcneydo\u011fu Anadolu b\u00f6lgelerini, b\u00fcy\u00fck\u015fehirleri ter\u00f6rize edenlere hep birlikte \u2019dur\u2019 diyece\u011fiz. Huzuru, istikrar\u0131 karde\u015fli\u011fi tehdit edenlere ge\u00e7it vermeyece\u011fiz.&#8221;<\/p>\n<p><a href=\"http:\/\/haber.gazetevatan.com\/sabah-hastaydi-ama\/378389\/9\/Siyaset\" target=\"_blank\">Kaynak : VATAN Gazetesi<\/a><\/p>\n","protected":false},"excerpt":{"rendered":"<p style=\"text-align: center;\">\n<p style=\"text-align: justify;\">&#8221;So\u011fuk alg\u0131nl\u0131\u011f\u0131&#8221; nedeniyle 19 May\u0131s Stadyumu\u2019nda d\u00fczenlenen t\u00f6rene kat\u0131lmayan Ba\u015fbakan Recep Tayyip Erdo\u011fan, Siirt&#8217;te mitinge kat\u0131ld\u0131.<\/p>\n<p style=\"text-align: justify;\">Mitingden yakla\u015f\u0131k 5 saat \u00f6nce yap\u0131lan 19 May\u0131s kutlamalar\u0131na kat\u0131lmayan Erdo\u011fan&#8217;\u0131n, Siirt&#8217;te toplu a\u00e7\u0131l\u0131\u015f t\u00f6renine kat\u0131laca\u011f\u0131n\u0131n a\u00e7\u0131klanmas\u0131 dikkat \u00e7ekti. <\/p>\n","protected":false},"author":1,"featured_media":0,"comment_status":"open","ping_status":"closed","sticky":false,"template":"","format":"standard","meta":{"footnotes":""},"categories":[105],"tags":[],"class_list":["post-33052","post","type-post","status-publish","format-standard","hentry","category-gundem","odd"],"_links":{"self":[{"href":"http:\/\/www.korhanyilmaz.com\/index.php?rest_route=\/wp\/v2\/posts\/33052","targetHints":{"allow":["GET"]}}],"collection":[{"href":"http:\/\/www.korhanyilmaz.com\/index.php?rest_route=\/wp\/v2\/posts"}],"about":[{"href":"http:\/\/www.korhanyilmaz.com\/index.php?rest_route=\/wp\/v2\/types\/post"}],"author":[{"embeddable":true,"href":"http:\/\/www.korhanyilmaz.com\/index.php?rest_route=\/wp\/v2\/users\/1"}],"replies":[{"embeddable":true,"href":"http:\/\/www.korhanyilmaz.com\/index.php?rest_route=%2Fwp%2Fv2%2Fcomments&post=33052"}],"version-history":[{"count":0,"href":"http:\/\/www.korhanyilmaz.com\/index.php?rest_route=\/wp\/v2\/posts\/33052\/revisions"}],"wp:attachment":[{"href":"http:\/\/www.korhanyilmaz.com\/index.php?rest_route=%2Fwp%2Fv2%2Fmedia&parent=33052"}],"wp:term":[{"taxonomy":"category","embeddable":true,"href":"http:\/\/www.korhanyilmaz.com\/index.php?rest_route=%2Fwp%2Fv2%2Fcategories&post=33052"},{"taxonomy":"post_tag","embeddable":true,"href":"http:\/\/www.korhanyilmaz.com\/index.php?rest_route=%2Fwp%2Fv2%2Ftags&post=33052"}],"curies":[{"name":"wp","href":"https:\/\/api.w.org\/{rel}","templated":true}]}}