{"id":33043,"date":"2011-05-19T17:40:35","date_gmt":"2011-05-19T14:40:35","guid":{"rendered":"http:\/\/www.korhanyilmaz.com\/?p=33043"},"modified":"2011-05-19T17:40:35","modified_gmt":"2011-05-19T14:40:35","slug":"dun-kurtler-zerdust-diyorlardi","status":"publish","type":"post","link":"http:\/\/www.korhanyilmaz.com\/?p=33043","title":{"rendered":"&#8220;D\u00fcn &#8216;K\u00fcrtler Zerd\u00fc\u015ft&#8217; diyorlard\u0131&#8221;"},"content":{"rendered":"<p style=\"text-align: center;\"><a href=\"http:\/\/www.korhanyilmaz.com\/wp-content\/uploads\/2011\/05\/244.jpg\"  class=\"lightview\"><img loading=\"lazy\" decoding=\"async\" class=\"aligncenter size-full wp-image-33044\" src=\"http:\/\/www.korhanyilmaz.com\/wp-content\/uploads\/2011\/05\/244.jpg\" alt=\"\" width=\"422\" height=\"218\" \/><\/a><\/p>\n<p style=\"text-align: justify;\">AK Parti Genel Ba\u015fkan\u0131 Erdo\u011fan, Siirt mitinginde PKK ter\u00f6r \u00f6rg\u00fct\u00fcn\u00fc kastederek &#8220;Bunlar K\u00fcrtler&#8217;in dini \u0130slam de\u011fil, K\u00fcrtler Zerd\u00fc\u015ft diyorlard\u0131&#8221; ifadesini kulland\u0131.<\/p>\n<p style=\"text-align: justify;\">S\u0130\u0130RT-AK Parti Genel Ba\u015fkan\u0131 ve Ba\u015fbakan Recep Tayyip Erdo\u011fan, &#8221;Ben buradan cezaevine gittim. Cezaevine burada okudu\u011fum \u015fiirden dolay\u0131 gittim. O g\u00fcnk\u00fc Siirt&#8217;in durumunu biliyorum, bug\u00fcnk\u00fc Siirt&#8217;in durumunu biliyorum. Yi\u011fit d\u00fc\u015ft\u00fc\u011f\u00fc yerden kalkarm\u0131\u015f ve biz buradan kalkt\u0131k. Neden? \u00c7\u00fcnk\u00fc sizler Mart 2003&#8217;te de bu karde\u015finizi, eni\u015ftenizi yaln\u0131z koymad\u0131n\u0131z, y\u00fczde 84 ile Parlamentoya g\u00f6nderdiniz&#8221; dedi. <!--more--><\/p>\n<p style=\"text-align: justify;\">Erdo\u011fan, partisince Cumhuriyet Meydan\u0131&#8217;nda d\u00fczenlenen mitingde vatanda\u015flara seslendi.<\/p>\n<p style=\"text-align: justify;\">Konu\u015fmas\u0131na &#8221;Eni\u015ftenize sahip \u00e7\u0131kt\u0131\u011f\u0131n\u0131z i\u00e7in sizlere en kalbi \u015f\u00fckranlar\u0131m\u0131 sunuyorum&#8221; diyerek ba\u015flayan Erdo\u011fan, Siirt&#8217;e, Siirtli karde\u015flerine sevdal\u0131 olduklar\u0131n\u0131 s\u00f6yledi. Erdo\u011fan, Siirt&#8217;in tarih boyunca medreseleriyle, ilim yuvalar\u0131yla, alimleriyle, eserleriyle d\u00fcnyaya y\u00f6n verdi\u011fini belirtti.<\/p>\n<p style=\"text-align: justify;\">CHP Genel Ba\u015fkan\u0131 Kemal K\u0131l\u0131\u00e7daro\u011flu&#8217;nun birka\u00e7 hafta \u00f6nce Siirt&#8217;e geldi\u011fini an\u0131msatan Erdo\u011fan, &#8221;\u00d6nce Veysel Karani T\u00fcrbesi&#8217;nde kameralar\u0131n \u00f6n\u00fcnde duas\u0131n\u0131 etti. Allah kabul etsin. Bu meydanda Siirtlilere, bana hakaret etmek isterken \u00f6l\u00e7\u00fcy\u00fc, izan\u0131 ka\u00e7\u0131rarak, a\u015farak i\u00e7indeki hezeyan\u0131 ortaya d\u00f6kerek, &#8216;Stat\u00fckonun Allah&#8217;\u0131 Ankara&#8217;dad\u0131r&#8217; dedi. Rabbimize edepsizce dil uzatt\u0131. Siirt, buna gereken cevab\u0131 verdi, Siirt bu edep d\u0131\u015f\u0131l\u0131\u011fa gereken cevab\u0131 verdi, ama bunlar\u0131n \u00e7o\u011fu ayn\u0131&#8221; dedi.<\/p>\n<p style=\"text-align: justify;\">\u0130stanbul Zincirlikuyu Mezarl\u0131\u011f\u0131 giri\u015finde, &#8221;Her nefis \u00f6l\u00fcm\u00fc tadacakt\u0131r&#8221; yazd\u0131\u011f\u0131n\u0131 an\u0131msatan Erdo\u011fan, \u015funlar\u0131 s\u00f6yledi:<\/p>\n<p style=\"text-align: justify;\">&#8221;Profes\u00f6r bir bayan bunun i\u00e7in &#8216;\u00e7ok sinir bozucu&#8217; diyor. Profes\u00f6r olmu\u015f, ama bunun ayet oldu\u011funun fark\u0131nda de\u011fil. Zannetti ki herhalde \u0130stanbul B\u00fcy\u00fck\u015fehir Belediye Ba\u015fkan\u0131 Kadir Topba\u015f&#8217;\u0131n s\u00f6z\u00fc. Halbuki yar\u0131n \u00f6lecek, \u00f6ld\u00fc\u011f\u00fc zaman, tabutun \u00fczerinde bir \u00f6rt\u00fc o \u00f6rt\u00fcde ne yaz\u0131yor? &#8216;Her nefis \u00f6l\u00fcm\u00fc tadacakt\u0131r&#8217;. Yar\u0131n hepimiz \u00f6lmeyecek miyiz? \u00d6lece\u011fiz. Hocaefendinin \u00f6n\u00fcne gelece\u011fiz, musallaya koyacaklar bizi. cumhurba\u015fkan\u0131 bile orada. Hocaefendi cumhurba\u015fkan\u0131, ba\u015fbakan, trilyarder, profes\u00f6r niyetine mi diyecek? Er ki\u015fi, hatun ki\u015fi niyetine diyecek. Ger\u00e7ek e\u015fitlik, ger\u00e7ek adalet orada. Orada ayr\u0131m yok. Kefenin belli, atlastan kefen var m\u0131? Patiskadan kefen. Kefene saracaklar, ondan sonra da iki metrek\u00fcp mezara koyacaklar. Ondan sonra da zaten yan\u0131na da bir daha kolay kolay u\u011framazlar. Geride bir \u015fey b\u0131rakm\u0131\u015fsan hay\u0131rla yad edilirsin, b\u0131rakmam\u0131\u015fsan &#8216;bundan kurtulduk&#8217; derler. \u0130\u015fte &#8216;Baki kalan bu kubbede ho\u015f bir sada imi\u015f me\u011fer&#8217;. Bunu yapaca\u011f\u0131z. Bu yola bunun i\u00e7in \u00e7\u0131kt\u0131k. Onun i\u00e7in biz bu millete efendi olmaya de\u011fil, hizmetkar olmaya geldik.&#8221;<\/p>\n<p style=\"text-align: justify;\">CHP Genel Ba\u015fkan\u0131 Kemal K\u0131l\u0131\u00e7daro\u011flu&#8217;nun &#8221;istismar\u0131ndan&#8221; b\u0131kt\u0131klar\u0131n\u0131 ifade eden Erdo\u011fan, &#8221;Yalanlar\u0131ndan b\u0131kt\u0131k. Ak\u015fam yalan, sabah yalan. Art\u0131k cevap yeti\u015ftirmeye, takip etmeye ne benim ne arkada\u015flar\u0131m\u0131n g\u00fcc\u00fc yetiyor. \u00c7ok da pi\u015fkin, y\u00fcz k\u0131zarmaz, b\u00f6yle bir yap\u0131s\u0131 var&#8221; diye konu\u015ftu.<\/p>\n<p style=\"text-align: justify;\"><strong>&#8221;S\u0130ZE SIRTLARINI D\u00d6ND\u00dcLER&#8221;<\/strong><\/p>\n<p style=\"text-align: justify;\">Ba\u015fbakan olarak Siirt&#8217;e 15. geli\u015fi oldu\u011funu, bir \u00f6nceki geli\u015finde 32 eseri Siirt&#8217;e kazand\u0131rd\u0131klar\u0131n\u0131 anlatan Erdo\u011fan, yar\u0131n da Van&#8217;da miting yapaca\u011f\u0131n\u0131 belirterek, o mitingi Siirtlilerin de izlemesini istedi.<\/p>\n<p style=\"text-align: justify;\">Do\u011fu ve G\u00fcneydo\u011fu illerinin her a\u00e7\u0131dan \u00e7ok b\u00fcy\u00fck bir potansiyel bar\u0131nd\u0131rd\u0131\u011f\u0131n\u0131 vurgulayan Erdo\u011fan, Siirt&#8217;in bug\u00fcn oldu\u011fundan \u00e7ok daha ileri seviyelerde olmas\u0131 gerekti\u011fini belirtti.<\/p>\n<p style=\"text-align: justify;\">Siirt&#8217;e \u00fcretilen s\u00fct, tereya\u011f\u0131, bal, kilim, battaniye gibi \u00fcr\u00fcnlerin d\u00fcnya pazarlar\u0131nda aranan \u00fcr\u00fcnler aras\u0131nda olabilece\u011fini dile getiren Erdo\u011fan, &#8221;Ben hayal g\u00f6rm\u00fcyorum. Bu m\u00fcmk\u00fcnd\u00fcr. Sadece Siirt de\u011fil, Do\u011fu&#8217;daki, G\u00fcneydo\u011fu&#8217;daki her bir il, il\u00e7e, k\u00f6y kabu\u011funu k\u0131rarak s\u0131n\u0131rlar\u0131n\u0131 a\u015farak makus talihini k\u00f6kten de\u011fi\u015ftirebilir. \u015eu soruyu kendimize soraca\u011f\u0131z, her t\u00fcrl\u00fc \u00f6n yarg\u0131y\u0131 bir kenara koyal\u0131m, soral\u0131m, ni\u00e7in Siirt bu halde? Oy veriyoruz de\u011fil mi? Oyu biz ni\u00e7in kullan\u0131yoruz, soruyorum. \u015eehrimize, insan\u0131m\u0131za bir hizmet gelsin diye kullan\u0131yoruz. Bu hizmeti en iyi kim getirir diye kullan\u0131yoruz&#8221; dedi.<\/p>\n<p style=\"text-align: justify;\">Ba\u015fbakan Erdo\u011fan, 8,5 y\u0131ld\u0131r iktidarda olduklar\u0131n\u0131, e\u011fitimden, sa\u011fl\u0131\u011fa, adaletten, emniyete, ula\u015f\u0131mdan, enerjiye kadar yap\u0131lan hizmetlerin herkesin g\u00f6z\u00fc \u00f6n\u00fcnde oldu\u011funu bildirerek, Siirt&#8217;in tarihinde g\u00f6rmedi\u011fi hizmeti AK Parti iktidar\u0131nda g\u00f6rd\u00fc\u011f\u00fcn\u00fc s\u00f6yledi.<\/p>\n<p style=\"text-align: justify;\">Erdo\u011fan, \u015funlar\u0131 kaydetti:<\/p>\n<p style=\"text-align: justify;\">&#8221;81 vilayetle Siirt&#8217;in hizmetkar\u0131 olduk. Sizin sesinizi on y\u0131llarca g\u00f6rmediler, size s\u0131rtlar\u0131n\u0131 d\u00f6nd\u00fcler. 79 y\u0131lda getirilmeyen hizmetin kat kat fazlas\u0131n\u0131 8,5 y\u0131lda getirdik. Ben buradan cezaevine gittim. Cezavine burada okudu\u011fum \u015fiirden dolay\u0131 gittim. O g\u00fcnk\u00fc Siirt&#8217;in durumunu biliyorum, bug\u00fcnk\u00fc Siirt&#8217;in durumunu biliyorum. Yi\u011fit d\u00fc\u015ft\u00fc\u011f\u00fc yerden kalkarm\u0131\u015f ve biz buradan kalkt\u0131k. Neden? \u00c7\u00fcnk\u00fc sizler Mart 2003&#8217;te de bu karde\u015finizi, eni\u015ftenizi yaln\u0131z koymad\u0131n\u0131z, y\u00fczde 84 ile Parlamentoya g\u00f6nderdiniz. Y\u00fczde 84. Ben diyorum ki, Siirt&#8217;li karde\u015flerim \u015fimdi AK Parti&#8217;ye aynen bu g\u00fcc\u00fc vermeli. Biz size hizmetkar olaca\u011f\u0131z.&#8221;<\/p>\n<p style=\"text-align: justify;\"><strong>&#8220;K\u00dcRT SORUNUYLA PKK&#8217;YI KARI\u015eTIRMAYIN&#8221;<\/strong><\/p>\n<p style=\"text-align: justify;\">AK Parti Genel Ba\u015fkan\u0131 ve Ba\u015fbakan Recep Tayyip Erdo\u011fan, &#8221;K\u00fcrt sorunuyla PKK ter\u00f6r \u00f6rg\u00fct\u00fcn\u00fc l\u00fctfen birbirine kar\u0131\u015ft\u0131rmayal\u0131m. Benim K\u00fcrt karde\u015flerimin sorunlar\u0131 vard\u0131r, T\u00fcrk&#8217;\u00fcn de vard\u0131r, Laz&#8217;\u0131n da vard\u0131r. Arap&#8217;\u0131n da vard\u0131r, G\u00fcrc\u00fc&#8217;n\u00fcn de vard\u0131r. B\u00fct\u00fcn bunlarla ilgilenmek bizim g\u00f6revimizdir&#8221; dedi.<\/p>\n<p style=\"text-align: justify;\">T\u00fcrkiye&#8217;nin hizmetkar\u0131 olduklar\u0131n\u0131, Do\u011fu ve G\u00fcneydo\u011fu illerine hizmet ta\u015f\u0131rken birilerinin bundan ciddi \u015fekilde rahats\u0131z oldu\u011funu savunan Erdo\u011fan, birilerinin bu hizmetleri engellemek i\u00e7in tahriklere, provokasyonlara ba\u015flad\u0131\u011f\u0131n\u0131 ifade etti.<\/p>\n<p style=\"text-align: justify;\">Y\u0131llard\u0131r Siirt&#8217;in yoksullu\u011fundan, ma\u011fduriyetinden, mahrumiyetinden nemalananlar\u0131n \u015fimdi Siirt&#8217;in kendi ayaklar\u0131 \u00fczerine kalkmas\u0131ndan rahats\u0131z olduklar\u0131n\u0131 dile getiren Erdo\u011fan, Siirt&#8217;e \u00fcniversite kurduklar\u0131n\u0131, b\u00f6l\u00fcnm\u00fc\u015f yollar yapt\u0131klar\u0131n\u0131 bildirdi.<\/p>\n<p style=\"text-align: justify;\">Eskiden hastanelerde \u00e7ile \u00e7ekildi\u011fine i\u015faret eden Erdo\u011fan, \u015fimdi vatanda\u015flar\u0131n istedikleri hastanelere gitti\u011fini belirtti. Erdo\u011fan, b\u00f6lgede ola\u011fan\u00fcst\u00fc hali kald\u0131rd\u0131klar\u0131n\u0131, ter\u00f6r ma\u011fdurlar\u0131na sahip \u00e7\u0131kt\u0131klar\u0131n\u0131, K\u00fcrt\u00e7e ve Arap\u00e7a \u00fczerindeki yasaklar\u0131 kald\u0131rd\u0131klar\u0131n\u0131, ifade ederek, &#8221;Siirt&#8217;te K\u00fcrd&#8217;\u00fc de var, Arap&#8217;\u0131 da var. Bizde ayr\u0131m yok. Biz sadece K\u00fcrd&#8217;\u00fcn, T\u00fcrk&#8217;\u00fcn, Arap&#8217;\u0131n, Laz&#8217;\u0131n, G\u00fcrc\u00fc&#8217;n\u00fcn, \u00c7erkez&#8217;in Roman&#8217;\u0131n de\u011fil, 74 milyonu kucaklayan bir iktidar\u0131z. \u00c7\u00fcnk\u00fc biz yarad\u0131lan\u0131 yaradandan \u00f6t\u00fcr\u00fc seviyoruz. Fark\u0131m\u0131z bu&#8221; diye konu\u015ftu.<\/p>\n<p style=\"text-align: justify;\">TRT-\u015ee\u015f&#8217;i ve TRT-Arap\u00e7a&#8217;y\u0131 a\u00e7t\u0131klar\u0131n\u0131 hat\u0131rlatan Erdo\u011fan, \u00fcniversitelerde K\u00fcrt\u00e7e b\u00f6l\u00fcmler, enstit\u00fcler kurduklar\u0131n\u0131, Ahmed-i Hani&#8217;nin Mem u Zin&#8217;inin K\u00fclt\u00fcr Bakanl\u0131\u011f\u0131 eliyle bas\u0131ld\u0131\u011f\u0131n\u0131 s\u00f6yledi.<\/p>\n<p style=\"text-align: justify;\">Ba\u015fbakan Erdo\u011fan, samimiyetle, g\u00f6n\u00fclden, y\u00fcrekten &#8216;analar a\u011flamas\u0131n&#8217;, &#8216;yavrular \u00f6lmesin&#8217; dediklerine i\u015faret eden Erdo\u011fan, \u015f\u00f6yle devam etti:<\/p>\n<p style=\"text-align: justify;\">&#8221;Biz, bir s\u00fcre\u00e7 ba\u015flatt\u0131k. Biz, yeni bir sayfa a\u00e7t\u0131k. Biz, bir d\u00f6nemin kap\u0131lar\u0131n\u0131 a\u00e7t\u0131k. \u0130\u015fte t\u00fcm bunlardan rahats\u0131z olanlar var. Bu s\u00fcreci baltalamak, s\u00fcreci sabote etmek, s\u00fcreci akamete u\u011fratmak i\u00e7in var g\u00fc\u00e7leri ile \u00e7al\u0131\u015ft\u0131lar, \u00e7al\u0131\u015f\u0131yorlar. Siirtli karde\u015flerim, a\u00e7\u0131k a\u00e7\u0131k s\u00f6yl\u00fcyorum: Birileri senin yavrular\u0131n\u0131n kan\u0131 \u00fczerinden, senin ac\u0131n ve g\u00f6zya\u015f\u0131n \u00fczerinden siyaset yapman\u0131n m\u00fccadelesini veriyor. Birileri Siirt&#8217;in kalk\u0131nmas\u0131n\u0131n, huzura, istikrara kavu\u015fmas\u0131n\u0131n rahats\u0131zl\u0131\u011f\u0131 i\u00e7inde. \u0130\u015fsizli\u011fin azalmas\u0131 onlar\u0131 rahats\u0131z ediyor. Bunlar\u0131 bar\u0131\u015f\u0131n, huzurun, karde\u015fli\u011fin y\u00fccelmesi rahats\u0131z ediyor. \u00d6yle reklam panolar\u0131nda bunlar\u0131n demokrasi demesine bakmay\u0131n, bunlar demokrasi denince ter\u00f6r \u00f6rg\u00fct\u00fcn\u00fc anl\u0131yorlar.<\/p>\n<p style=\"text-align: justify;\">K\u00fcrt sorunuyla PKK ter\u00f6r \u00f6rg\u00fct\u00fcn\u00fc l\u00fctfen birbirine kar\u0131\u015ft\u0131rmayal\u0131m. Benim K\u00fcrt karde\u015flerimin sorunlar\u0131 vard\u0131r, T\u00fcrk&#8217;\u00fcn de vard\u0131r, Laz&#8217;\u0131n da vard\u0131r, Arap&#8217;\u0131n da vard\u0131r, G\u00fcrc\u00fc&#8217;n\u00fcn de vard\u0131r. B\u00fct\u00fcn bunlarla ilgilenmek bizim g\u00f6revimizdir. Biz bug\u00fcne kadar bunun imtihan\u0131n\u0131 veriyoruz. Siirt hayallerine yakla\u015ft\u0131k\u00e7a, birileri Siirt&#8217;i ayaklar\u0131ndan tutup, a\u015fa\u011f\u0131 \u00e7ekmeye \u00e7al\u0131\u015f\u0131yor. \u0130\u015fte g\u00f6r\u00fcyorsunuz. 4 y\u0131l boyunca Mecliste K\u00fcrt karde\u015flerimin meselelerinin \u00e7\u00f6z\u00fcm\u00fc i\u00e7in en k\u00fc\u00e7\u00fck bir \u00e7aba g\u00f6stermeyenler, \u015fu anda 12 Haziran \u00f6ncesinde sokaklar\u0131 ate\u015fe veriyorlar, gen\u00e7leri tahrik ediyorlar. Partimin, T\u00fcrkiye&#8217;nin de\u011fi\u015fik yerlerindeki se\u00e7im b\u00fcrolar\u0131n\u0131 molotoflarla bombal\u0131yorlar. \u015eu ana kadar, y\u00fcze yak\u0131n yeri ate\u015fe verdiler. Arabalar\u0131 yak\u0131yorlar, otob\u00fcsleri yak\u0131yorlar, se\u00e7im otob\u00fcslerini yak\u0131yorlar. Nedir bu? Demokrasi bu mu? Hak ve \u00f6zg\u00fcrl\u00fck bu mu? E\u011fer demokrasiye inan\u0131yorsan, gel konu\u015f, Mecliste konu\u015ftu\u011fun gibi konu\u015f. Ama yok, demokrasiyi b\u00f6yle de\u011fil de ter\u00f6re dayal\u0131 olarak y\u00fcr\u00fctecekseniz, kusura bakmay\u0131n benim milletim buna yol vermez, benim Siirtlim buna yol vermez. Ben b\u00f6yle inan\u0131yorum.<\/p>\n<p style=\"text-align: justify;\">4 y\u0131l boyunca T\u00fcrkiye&#8217;nin Siirt&#8217;in hi\u00e7bir sorununa e\u011filmeyenler, \u015fimdi sorundan beslenmek i\u00e7in istismar ve siyaset, ikisini birarada g\u00f6t\u00fcrmek istiyorlar. \u00d6zellikle de y\u0131llarca bu vampirler, gen\u00e7lerin kan\u0131n\u0131 emdi. Y\u0131llarca silah t\u00fcccarlar\u0131 k\u00f6\u015feyi d\u00f6nd\u00fc, y\u0131llarca istismarc\u0131lar kazand\u0131. Ama kaybeden Siirt oldu, milletim oldu, benim K\u00fcrt karde\u015fim oldu, Arap karde\u015fim oldu. Biz bu k\u0131s\u0131r d\u00f6ng\u00fcy\u00fc k\u0131rd\u0131k. Biz bu d\u00f6neme son verdik. Bu tezgah\u0131 hep birlikte alt \u00fcst etmeye var m\u0131y\u0131z? Bu gen\u00e7lerin kan\u0131 \u00fczerinde oynanan bir oyun, bu oyunu hep beraber bozaca\u011f\u0131z. Siirt&#8217;i, Do\u011fu ve G\u00fcneydo\u011fu Anadolu b\u00f6lgelerini, b\u00fcy\u00fck\u015fehirleri ter\u00f6rize edenlere hep birlikte &#8216;dur&#8217; diyece\u011fiz. Huzuru, istikrar\u0131 karde\u015fli\u011fi tehdit edenlere ge\u00e7it vermeyece\u011fiz.&#8221;<\/p>\n<p style=\"text-align: justify;\"><strong>&#8220;K\u00dcRTLER&#8217;\u0130N D\u0130N\u0130 \u0130SLAM DE\u011e\u0130L D\u0130YORLARDI&#8230;&#8221;<\/strong><\/p>\n<p style=\"text-align: justify;\">AK Parti Genel Ba\u015fkan\u0131 ve Ba\u015fbakan Recep Tayyip Erdo\u011fan, &#8221;Biz karde\u015flikten vazge\u00e7meyece\u011fiz, biz hizmetten vazge\u00e7meyece\u011fiz. Biz demokrasiden, \u00f6zg\u00fcrl\u00fcklerden bir ad\u0131m geri atmayaca\u011f\u0131z. \u0130nad\u0131na demokrasi, inad\u0131na \u00f6zg\u00fcrl\u00fck, inad\u0131na karde\u015flik, bunu ba\u015faraca\u011f\u0131z&#8221; dedi.<\/p>\n<p style=\"text-align: justify;\">Ba\u015fbakan Erdo\u011fan, 12 Haziran&#8217;dan sonra yeni bir Anayasa yapacaklar\u0131n\u0131 belirterek, &#8221;Bu nas\u0131l olacak? 367&#8217;nin \u00fczerinde bir g\u00fc\u00e7le bizi parlamentoya g\u00f6ndereceksiniz. Onun i\u00e7in 3 diyor mu Siirt? 3&#8217;te 3 var m\u0131y\u0131z? Bunu ba\u015fard\u0131k m\u0131 evelallah bu i\u015f gider. Bu benim Anayasam olmayacak, bizim Anayasam\u0131z olacak. Birilerinin Anayasas\u0131 de\u011fil, milletin Anayasas\u0131 olacak. Siirtli karde\u015fim diyecek ki &#8216;\u0130\u015fte bu benim Anayasam&#8217;, \u0130stanbullu karde\u015fim diyecek ki &#8216;\u0130\u015fte bu benim Anayasam&#8217;. 74 milyon insan\u0131n &#8216;Benim&#8217; diyece\u011fi bir Anayasa yapaca\u011f\u0131z&#8221; diye konu\u015ftu.<\/p>\n<p style=\"text-align: justify;\">BDP&#8217;nin, 12 Eyl\u00fcl&#8217;de, parti kapatmalara kar\u015f\u0131 en \u00e7ok ma\u011fdur oldu\u011funu s\u00f6ylemesine kar\u015f\u0131n, ondan sonra partilerin kapat\u0131lmas\u0131na y\u00f6nelik madde geldi\u011finde Meclis&#8217;e girmediklerini ifade eden Erdo\u011fan, &#8221;Hadi gelin i\u015fte beraber bu i\u015fi \u00e7\u00f6zelim. Gelmediler. Ne yapt\u0131lar? CHP, MHP, BDP, TKP hepsi bir araya geldiler, bu maddenin meclisten ge\u00e7mesini engellediler. Ondan sonra da meydanlara \u00e7\u0131k\u0131p ne diyorlar. \u0130\u015fte T\u00fcrkiye&#8217;de parti kapat\u0131l\u0131yor. Karde\u015fim kapatmayal\u0131m, i\u015fte bak anayasal d\u00fczenleme yapal\u0131m. E\u011fer Meclis&#8217;ten ge\u00e7seydi bug\u00fcn b\u00f6yle bir \u015fey olmayacakt\u0131. Bunlar d\u00fcr\u00fcst de\u011fil. Demokratik, kat\u0131l\u0131mc\u0131, sivil, \u00f6zg\u00fcrl\u00fck\u00e7\u00fc bir Anayasa yap\u0131lmas\u0131n diye yine CHP, MHP, Ergenekon ayn\u0131 hizaya ge\u00e7iyorlar&#8221; dedi.<\/p>\n<p style=\"text-align: justify;\">&#8221;K\u00fcrtlerin dini \u0130slam de\u011fil, K\u00fcrtler Zerd\u00fc\u015ft diyorlard\u0131. Kim? \u0130mral\u0131 ve onun izinde olanlar&#8221; diyen Erdo\u011fan, s\u00f6zlerini \u015f\u00f6yle s\u00fcrd\u00fcrd\u00fc:<\/p>\n<p style=\"text-align: justify;\">&#8221;\u015eimdi bak\u0131n ne yap\u0131yorlar. Cuma namaz\u0131 k\u0131l\u0131n\u0131yor de\u011fil mi? Bunlar cuma namaz\u0131na gitmiyorlar, &#8216;Devletin imam\u0131n\u0131n arkas\u0131nda namaz k\u0131l\u0131nmaz&#8217; diyorlar. Ayr\u0131 bir yerde, orada hemen kendilerine g\u00f6re bir saf olu\u015fturuyorlar, kad\u0131n erkek karma kar\u0131\u015f\u0131k. Bu i\u015fin hepsinin bir edebi adab\u0131 var. Cuma, cem etmekten, birle\u015fmekten, b\u00fct\u00fcnle\u015fmekten gelir. Biz cumalar\u0131 k\u00f6yde mezrada k\u0131lmay\u0131z, kasabada, il\u00e7ede k\u0131lar\u0131z. Niye? O g\u00fcn orada cem oluruz, bir araya geliriz. Bunlar bizim birli\u011fimizi, beraberli\u011fimizi bozmak i\u00e7in bu yollara ba\u015fvuruyorlar. \u015eimdi baz\u0131 ger\u00e7ekleri anlad\u0131lar, anlad\u0131klar\u0131 i\u00e7in de \u015fimdi rahats\u0131z olmaya ba\u015flad\u0131lar. Niye rahats\u0131z oluyorsunuz? Bu ger\u00e7ekleri duyun, \u00f6\u011frenin, belki Hak&#8217;k\u0131 bulursunuz, Hak&#8217;k\u0131. Hak&#8217;k\u0131 bulman\u0131z laz\u0131m, do\u011fruyu bulman\u0131z laz\u0131m. Do\u011fruyu bulmad\u0131k\u00e7a bu \u00fclkeye zararl\u0131 olursunuz.<\/p>\n<p style=\"text-align: justify;\">Sand\u0131kta gereken cevab\u0131, bu CHP&#8217;ye vereceksiniz, di\u011ferlerine vereceksiniz. AK Parti&#8217;nin sand\u0131k d\u0131\u015f\u0131 hi\u00e7bir yolu yoktur. Sand\u0131kta&#8230; Onun i\u00e7in \u015furada 24 g\u00fcn \u00e7ok \u00e7al\u0131\u015faca\u011f\u0131z. \u00c7ok \u00e7al\u0131\u015faca\u011f\u0131z ve sand\u0131klardan AK Parti&#8217;yi g\u00fcmb\u00fcr g\u00fcmb\u00fcr \u00e7\u0131kartaca\u011f\u0131z.&#8221;<\/p>\n<p style=\"text-align: justify;\"><strong>&#8221;GEL\u0130N, KANI B\u0130RL\u0130KTE DURDURALIM&#8221;<\/strong><\/p>\n<p style=\"text-align: justify;\">Erdo\u011fan, karde\u015flikten, hizmetten vazge\u00e7meyeceklerini; demokrasiden, \u00f6zg\u00fcrl\u00fcklerden bir ad\u0131m geri atmayacaklar\u0131n\u0131 vurgulayarak, &#8221;\u0130nad\u0131na demokrasi, inad\u0131na \u00f6zg\u00fcrl\u00fck, inad\u0131na karde\u015flik, bunu ba\u015faraca\u011f\u0131z. Siz yeter ki bize destek verin. Gelin, kan\u0131 birlikte durdural\u0131m. Gelin g\u00f6z ya\u015f\u0131n\u0131 birlikte dindirelim. Gelin huzuru, istikrar\u0131 muhafaza edelim. Gelin \u015fu Siirt&#8217;te omuz omuza verip hep birlikte Siirt&#8217;imizi aya\u011fa kald\u0131ral\u0131m&#8221; diye konu\u015ftu.<\/p>\n<p style=\"text-align: justify;\">12 Haziran&#8217;da &#8221;ustal\u0131k&#8221; d\u00f6nemlerinin ba\u015flayaca\u011f\u0131n\u0131 ifade eden Ba\u015fbakan Erdo\u011fan, \u015funlar\u0131 kaydetti:<\/p>\n<p style=\"text-align: justify;\">&#8221;Sevgili karde\u015flerim, karde\u015fli\u011fi y\u00fcceltmek, var olan sorunlar\u0131 samimiyetle \u00e7\u00f6zmek, art\u0131k gelece\u011fe odaklanmak istiyoruz. T\u00fcrkiye&#8217;yi d\u00fcnyan\u0131n en geli\u015fmi\u015f 10 ekonomisinden biri haline getirmekte kararl\u0131y\u0131z. Milli gelirimizi 2 trilyon dolara, ki\u015fi ba\u015f\u0131na milli geliri 25 bin dolara, ihracat\u0131m\u0131z\u0131 500 milyar liraya \u00e7\u0131karmakta kararl\u0131y\u0131z. \u0130n\u015fallah bu hedeflerin hepsine de ula\u015faca\u011f\u0131z.<\/p>\n<p style=\"text-align: justify;\">Bizim bo\u015f s\u00f6zle, kuru g\u00fcr\u00fclt\u00fcyle, yalanla, iftirayla i\u015fimiz olmaz. Biz, kendimizi yapt\u0131klar\u0131m\u0131zla anlatt\u0131k, anlat\u0131yoruz. Yapt\u0131klar\u0131m\u0131z\u0131 referans olarak g\u00f6steriyor, yolumuza devam ediyoruz. Sevgili karde\u015flerim, CHP neyi anlatacak bu meydanlarda? BDP neyi anlatacak bu meydanlarda? MHP neyi anlatacak bu meydanlarda? Bunlar\u0131n bu \u00fclkede, \u00e7ak\u0131l\u0131, dikili bir a\u011fa\u00e7lar\u0131 var m\u0131 acaba soruyorum sizlere? Bir eseri var m\u0131?&#8221;<\/p>\n<p style=\"text-align: justify;\"><strong>S\u0130\u0130RT \u0130\u00c7\u0130N YAPILAN H\u0130ZMETLER<\/strong><\/p>\n<p style=\"text-align: justify;\">Bug\u00fcn a\u00e7\u0131l\u0131\u015f\u0131 yap\u0131lacak i\u00e7me suyu ar\u0131tma ve isale hatlar\u0131 projesi ve \u00f6zel sekt\u00f6r eliyle yapt\u0131r\u0131lan Ayd\u0131nlar Alkumru Baraj\u0131 ve hidroelektrik santraliyle Siirt&#8217;e yap\u0131lan yat\u0131r\u0131mlara devam edeceklerini belirten Erdo\u011fan, Siirt \u00e7evre yolunun ihalesinin yap\u0131ld\u0131\u011f\u0131n\u0131 ve in\u015fas\u0131na k\u0131sa s\u00fcre sonra ba\u015flanaca\u011f\u0131n\u0131 s\u00f6yledi.<\/p>\n<p style=\"text-align: justify;\">G\u00f6revde bulunduklar\u0131 s\u00fcre i\u00e7eresinde e\u011fitim alan\u0131nda Siirt&#8217;e bin 278 derslik yapt\u0131klar\u0131n\u0131 ve okullara 3 bin 800 bilgisayar g\u00f6nderdiklerini kaydeden Ba\u015fbakan Erdo\u011fan, &#8221;Siirt&#8217;imiz okulla\u015fmada iyi noktada. Siirt \u00dcniversitesinin b\u00fcnyesinde 2 enstit\u00fc, 3 fak\u00fclte, 1 y\u00fcksekokul ve 4 meslek y\u00fcksekokulu hizmete girdi. \u015eimdi 750 kapasiteli yurt projesi var. Onu da 2012 y\u0131l\u0131n\u0131n mart ay\u0131na kadar tamamlayaca\u011f\u0131z. Siirt&#8217;e yapt\u0131\u011f\u0131m\u0131z yat\u0131r\u0131mlar\u0131n tamam\u0131 88 trilyon&#8221; dedi.<\/p>\n<p style=\"text-align: justify;\">Kad\u0131n Do\u011fum ve \u00c7ocuk Hastal\u0131klar\u0131 Hastanesi ile Pervari \u0130l\u00e7e Hastanesini kendilerinin tamamlad\u0131\u011f\u0131n\u0131 bildiren Erdo\u011fan, Siirt&#8217;te 4 aile sa\u011fl\u0131\u011f\u0131 merkezi ile bir e\u011fitim tipi sa\u011fl\u0131k oca\u011f\u0131n\u0131 hizmete a\u00e7t\u0131klar\u0131n\u0131 ifade etti.<\/p>\n<p style=\"text-align: justify;\">Kurtalan Devlet Hastanesi ile aile ve di\u015f sa\u011fl\u0131\u011f\u0131 merkezinin yap\u0131m\u0131na devam edildi\u011fini anlatan Erdo\u011fan, kendilerinin g\u00f6reve geldi\u011finde Siirt&#8217;te sadece bir tane 112 istasyonu bulundu\u011funu, \u015fimdi bu say\u0131n\u0131n 10&#8217;a, bir olan ambulans say\u0131n\u0131n 19&#8217;a, 28 olan uzman hekim say\u0131s\u0131n\u0131n 104&#8217;e, 201 olan ebe hem\u015fire say\u0131s\u0131n\u0131n da 441&#8217;e \u00e7\u0131kt\u0131\u011f\u0131n\u0131 s\u00f6yledi.<\/p>\n<p style=\"text-align: justify;\">Siirt&#8217;te 613 konutun tamamlanarak teslim edildi\u011fini bildiren Erdo\u011fan, yeni evleneceklere pe\u015finats\u0131z 20 y\u0131l vadeli 50 metrekarelik evler yapacaklar\u0131n\u0131 a\u00e7\u0131klad\u0131.<\/p>\n<p style=\"text-align: justify;\">Siirt Organize Sanayi B\u00f6lgesi&#8217;ni de AK Parti&#8217;nin yapt\u0131\u011f\u0131n\u0131 dile getiren Erdo\u011fan, DS\u0130&#8217;nin Siirt&#8217;e 110 trilyonluk yat\u0131r\u0131m yapt\u0131\u011f\u0131n\u0131 s\u00f6yledi.<\/p>\n<p style=\"text-align: justify;\"><strong>M\u0130T\u0130NGDEN NOTLAR<\/strong><\/p>\n<p style=\"text-align: justify;\">Ba\u015fbakan Erdo\u011fan, miting alan\u0131na Siirt Havaalan\u0131&#8217;ndan uzun bir konvoy e\u015fli\u011finde geldi.<\/p>\n<p style=\"text-align: justify;\">Erdo\u011fan&#8217;\u0131n Siirt Cumhuriyet Meydan\u0131&#8217;na giri\u015finde alandakiler &#8221;Eni\u015fte ho\u015fgeldin&#8221; \u015feklinde sloganlar att\u0131.<\/p>\n<p style=\"text-align: justify;\">Miting alan\u0131n\u0131n \u00e7evresindeki T\u00fcrk\u00e7e, Arap\u00e7a ve K\u00fcrt\u00e7e yaz\u0131lm\u0131\u015f &#8221;Ho\u015fgeldin usta&#8221;, &#8221;Bu meydan ba\u015fka meydan, d\u00fcnya liderinin do\u011fdu\u011fu meydan&#8221; ve &#8221;Eni\u015fte ho\u015fgeldin Siirt&#8217;e, bizi bakanla m\u00fcjdele&#8221; yaz\u0131l\u0131 pankartlar dikkati \u00e7ekti.<\/p>\n<p style=\"text-align: justify;\">Arap\u00e7a \u015fark\u0131lar\u0131n da \u00e7al\u0131nd\u0131\u011f\u0131 mitingde vatanda\u015flar T\u00fcrk\u00e7e, K\u00fcrt\u00e7e ve Arap\u00e7a \u015fark\u0131lar s\u00f6yledi.<\/p>\n<p style=\"text-align: justify;\">Ba\u015fbakan Erdo\u011fan&#8217;\u0131n konu\u015fmas\u0131 s\u0131ras\u0131nda miting alan\u0131na bakan binadaki CHP \u0130l Ba\u015fkanl\u0131\u011f\u0131ndan, Siirt milletvekili aday\u0131n\u0131n b\u00fcy\u00fck boy posterinin a\u00e7\u0131lmas\u0131, parti bayraklar\u0131 sallanmas\u0131 ve baz\u0131 ki\u015filerin yapt\u0131\u011f\u0131 hareketler, miting meydan\u0131ndaki AK Partililerce yuhaland\u0131. Bunun \u00fczerine emniyet g\u00f6revlileri il ba\u015fkanl\u0131\u011f\u0131n\u0131n bulundu\u011fu binaya giri\u015f-\u00e7\u0131k\u0131\u015flar\u0131 kontrol alt\u0131na ald\u0131.<\/p>\n<p style=\"text-align: justify;\">Devlet Bakan\u0131 ve Ba\u015fm\u00fczakereci Egemen Ba\u011f\u0131\u015f, Maliye Bakan\u0131 Mehmet \u015eim\u015fek, Tar\u0131m ve K\u00f6yi\u015fleri Bakan\u0131 Mehdi Eker, Enerji ve Tabii Kaynaklar Bakan\u0131 Taner Y\u0131ld\u0131z, \u00c7evre ve Orman Bakan\u0131 Veysel Ero\u011flu, AK Parti Genel Ba\u015fkan Yard\u0131mc\u0131s\u0131 Salih Kapusuz, AK Parti Siirt milletvekilleri ve adaylar\u0131 da mitinge kat\u0131ld\u0131.<\/p>\n<p style=\"text-align: justify;\"><a href=\"http:\/\/www.gazeteport.com.tr\/SIYASET\/NEWS\/GP_907511\" target=\"_blank\">Kaynak : GAZETEPORT<\/a><\/p>\n","protected":false},"excerpt":{"rendered":"<p style=\"text-align: center;\">\n<p style=\"text-align: justify;\">AK Parti Genel Ba\u015fkan\u0131 Erdo\u011fan, Siirt mitinginde PKK ter\u00f6r \u00f6rg\u00fct\u00fcn\u00fc kastederek &#8220;Bunlar K\u00fcrtler&#8217;in dini \u0130slam de\u011fil, K\u00fcrtler Zerd\u00fc\u015ft diyorlard\u0131&#8221; ifadesini kulland\u0131.<\/p>\n<p style=\"text-align: justify;\">S\u0130\u0130RT-AK Parti Genel Ba\u015fkan\u0131 ve Ba\u015fbakan Recep Tayyip Erdo\u011fan, &#8221;Ben buradan cezaevine gittim. Cezaevine burada okudu\u011fum \u015fiirden dolay\u0131 gittim. O g\u00fcnk\u00fc Siirt&#8217;in durumunu biliyorum, bug\u00fcnk\u00fc Siirt&#8217;in durumunu <\/p>\n","protected":false},"author":1,"featured_media":0,"comment_status":"open","ping_status":"closed","sticky":false,"template":"","format":"standard","meta":{"footnotes":""},"categories":[105],"tags":[],"class_list":["post-33043","post","type-post","status-publish","format-standard","hentry","category-gundem","odd"],"_links":{"self":[{"href":"http:\/\/www.korhanyilmaz.com\/index.php?rest_route=\/wp\/v2\/posts\/33043","targetHints":{"allow":["GET"]}}],"collection":[{"href":"http:\/\/www.korhanyilmaz.com\/index.php?rest_route=\/wp\/v2\/posts"}],"about":[{"href":"http:\/\/www.korhanyilmaz.com\/index.php?rest_route=\/wp\/v2\/types\/post"}],"author":[{"embeddable":true,"href":"http:\/\/www.korhanyilmaz.com\/index.php?rest_route=\/wp\/v2\/users\/1"}],"replies":[{"embeddable":true,"href":"http:\/\/www.korhanyilmaz.com\/index.php?rest_route=%2Fwp%2Fv2%2Fcomments&post=33043"}],"version-history":[{"count":0,"href":"http:\/\/www.korhanyilmaz.com\/index.php?rest_route=\/wp\/v2\/posts\/33043\/revisions"}],"wp:attachment":[{"href":"http:\/\/www.korhanyilmaz.com\/index.php?rest_route=%2Fwp%2Fv2%2Fmedia&parent=33043"}],"wp:term":[{"taxonomy":"category","embeddable":true,"href":"http:\/\/www.korhanyilmaz.com\/index.php?rest_route=%2Fwp%2Fv2%2Fcategories&post=33043"},{"taxonomy":"post_tag","embeddable":true,"href":"http:\/\/www.korhanyilmaz.com\/index.php?rest_route=%2Fwp%2Fv2%2Ftags&post=33043"}],"curies":[{"name":"wp","href":"https:\/\/api.w.org\/{rel}","templated":true}]}}