{"id":33040,"date":"2011-05-19T08:05:10","date_gmt":"2011-05-19T05:05:10","guid":{"rendered":"http:\/\/www.korhanyilmaz.com\/?p=33040"},"modified":"2011-05-19T08:05:10","modified_gmt":"2011-05-19T05:05:10","slug":"gulerin-esi-iddialari-yalanladi","status":"publish","type":"post","link":"http:\/\/www.korhanyilmaz.com\/?p=33040","title":{"rendered":"G\u00fcler&#8217;in e\u015fi iddialar\u0131 yalanlad\u0131"},"content":{"rendered":"<p style=\"text-align: center;\"><a href=\"http:\/\/www.korhanyilmaz.com\/wp-content\/uploads\/2011\/05\/243.jpg\"  class=\"lightview\"><img loading=\"lazy\" decoding=\"async\" class=\"aligncenter size-full wp-image-33041\" src=\"http:\/\/www.korhanyilmaz.com\/wp-content\/uploads\/2011\/05\/243.jpg\" alt=\"\" width=\"414\" height=\"220\" \/><\/a><\/p>\n<p style=\"text-align: justify;\">Gazeteci \u00d6nkibar\u2019\u0131n Enerji ve Tabii Kaynaklar eski Bakan\u0131 G\u00fcler\u2019le ilgili ortaya att\u0131\u011f\u0131 \u201cnikahs\u0131z bir ili\u015fkiden bebek sahibi\u201d iddias\u0131na eski bakan G\u00fcler\u2019in e\u015fi Mehtap G\u00fcler\u2019den sert tepki geldi. \u0130ddiay\u0131 siyasetin cilvesi olarak yorumlayan G\u00fcler, \u201cE\u015fimden de, yak\u0131nlar\u0131mdan da eminim. B\u00f6yle bir \u015feyi akl\u0131mdan bile ge\u00e7irmedim\u201d dedi.<!--more--><\/p>\n<p style=\"text-align: justify;\">\u0130STANBUL &#8211; Yeni\u00c7a\u011f Gazetesi yazar\u0131 Sabahattin \u00d6nkibar\u2019\u0131n, Enerji ve Tabii Kaynaklar Eski Bakan\u0131 Hilmi G\u00fcler i\u00e7in \u201cnikahs\u0131z bir ili\u015fkiden bebek sahibi\u201d y\u00f6n\u00fcndeki iddias\u0131na eski Bakan G\u00fcler\u2019in e\u015fi Mehtap G\u00fcler\u2019den yalanlama geldi. \u00d6nkibar\u2019\u0131n d\u00fcn Yeni\u00c7a\u011f gazetesinde yay\u0131nlanan \u201c\u0130\u015fte nikahs\u0131z ili\u015fkiden bebe\u011fi olan AKP\u2019li bakan\u201d ba\u015fl\u0131kl\u0131 yaz\u0131s\u0131nda, s\u00f6z konusu bebek iddias\u0131n\u0131n eski bakan\u0131n e\u015finin yak\u0131nlar\u0131 taraf\u0131ndan telefon ihbar\u0131 ile yap\u0131ld\u0131\u011f\u0131n\u0131 \u00f6ne s\u00fcrmesi, Mehtap G\u00fcler\u2019den \u201cYak\u0131nlar\u0131mdan da, e\u015fimden de eminim. Demokrasi oldu\u011fu i\u00e7in herkes istedi\u011fini konu\u015fuyor\u201d \u015feklindeki kar\u015f\u0131l\u0131\u011f\u0131 buldu.<\/p>\n<p style=\"text-align: justify;\"><strong>AKLIMDAN B\u0130LE GE\u00c7\u0130RMED\u0130M<\/strong><\/p>\n<p style=\"text-align: justify;\">\u00d6nkibar\u2019\u0131n iddialar\u0131n\u0131 \u00e7irkin ve ho\u015f olmayan bir durum olarak de\u011ferlendirdi\u011fini s\u00f6yleyen Mehtap G\u00fcler, konuya ili\u015fkin \u015fu a\u00e7\u0131klamalarda bulundu: \u201cBenim akrabalar\u0131m\u0131n ya da yak\u0131nlar\u0131m\u0131n b\u00f6yle bir \u015fey yapmas\u0131 ya da s\u00f6ylemesi m\u00fcmk\u00fcn de\u011fil. Akl\u0131mdan bile ge\u00e7irmedim, \u015f\u00fcphelenmedim. \u00c7\u00fcnk\u00fc bu iddilar ger\u00e7ek de\u011fil, b\u00f6yle bir durumun olmad\u0131\u011f\u0131ndan \u00e7ok eminim. Zaten Sabahattin \u00d6nkibar\u2019la da g\u00f6r\u00fc\u015f\u00fcld\u00fc, gerekli d\u00fczeltmeyi yapacak kendisi. Ancak bu s\u00f6ylenenler \u00e7ok \u00e7irkin, ho\u015f olmayan \u015feyler, sadece g\u00fcl\u00fcyorum. Biz kendimizi \u00e7ok iyi biliyoruz, birbirimizden eminiz. Biz bir aileyiz, benim evlili\u011fim 3 y\u0131ll\u0131k bir evlilik de\u011fil, 30 y\u0131ld\u0131r ben bu ailenin i\u00e7indeyim\u201d<\/p>\n<p style=\"text-align: justify;\"><strong>TAPUSU BEN\u0130M ADIMA DE\u011e\u0130L<\/strong><\/p>\n<p style=\"text-align: justify;\">E\u015fi Hilmi G\u00fcler\u2019in kendisine sus pay\u0131 olarak 1 trilyon de\u011ferinde bir daire ald\u0131\u011f\u0131 iddias\u0131na da sert tepki g\u00f6steren G\u00fcler, \u015f\u00f6yle devam etti: 30 y\u0131ll\u0131k bir evlili\u011fimiz var ise, biz tabiki mal da alaca\u011f\u0131z, m\u00fclk de alaca\u011f\u0131z. Ama s\u00f6z konusu 1 trilyon de\u011ferindeki evin bana al\u0131nmas\u0131 diye bir durum yok, zaten biz Koz Vadi evlerinde oturuyoruz, ge\u00e7en y\u0131l ta\u015f\u0131nd\u0131k. Ama evin tapusu benim \u00fczerime de\u011fil, tapu da tam olarak al\u0131nmad\u0131. Herkesin evi, arabas\u0131 var. Bizi bilenler ka\u00e7 y\u0131ld\u0131r hangi evde oturdu\u011fumuza, hangi arabay\u0131 kulland\u0131\u011f\u0131m\u0131za \u015fahit. Ben kendi arabam\u0131 de\u011fi\u015ftirip, yeni bir araba ald\u0131m ama BMW marka de\u011fil. Al\u0131nan evin de\u011ferinin de 1 trilyon olup olmad\u0131\u011f\u0131n\u0131 bilmiyorum. Herkes kendi b\u00fct\u00e7esine g\u00f6re istedi\u011fi \u015feyi alabilir. E\u015fimin k\u0131z karde\u015fi evet Milli E\u011fitim Bakanl\u0131\u2019\u011f\u0131nda \u00e7al\u0131\u015f\u0131yor ama her g\u00fcn faal olarak i\u015fe giden biridir. Gizli sakl\u0131 \u00e7al\u0131\u015fan de\u011fil, bir devlet memuru. B\u00fct\u00fcn bu iddialar\u0131n yap\u0131lma sebebi siyasetin cilvesinden ba\u015fka bir \u015fey de\u011fil. Demokrasi deniyor ya, o y\u00fczden herkes istedi\u011fini konu\u015fuyor\u201d<\/p>\n<p style=\"text-align: justify;\"><strong>B\u0130LG\u0130LER YAKINLARINDAN GELD\u0130<\/strong><\/p>\n<p style=\"text-align: justify;\">G\u00fcler hakk\u0131ndaki iddialar\u0131 kaleme alan Sabahattin \u00d6nkibar ise \u015fu a\u00e7\u0131klamay\u0131 yapt\u0131: \u201cHilmi Bey ile konu\u015ftum kendisi Ankara\u2019daki Kozlar \u0130n\u015faat\u2019tan ev ald\u0131\u011f\u0131n\u0131 do\u011frulad\u0131. Tapu kay\u0131tlar\u0131nda da bu evin G\u00fcler taraf\u0131ndan al\u0131nd\u0131\u011f\u0131 yaz\u0131l\u0131. Ben bu konuyla ilgili bizzat ara\u015ft\u0131rma yapt\u0131m ve bilgiyi do\u011frulatt\u0131m. Di\u011fer konu ise Hilmi G\u00fcler\u2019in e\u015finin yak\u0131n \u00e7evresinden bana iletildi. Ara\u015ft\u0131rmalar\u0131m gelen bilgileri do\u011fruluyor. Hilmi G\u00fcler ile konu\u015ftum. Kendisi bana bebek olmad\u0131\u011f\u0131n\u0131 s\u00f6yledi ve \u2018iddialar yalan\u2019 dedi. G\u00fcler\u2019in a\u00e7\u0131klamalar\u0131n\u0131 k\u00f6\u015femde yay\u0131nlayaca\u011f\u0131m. Ancak bana gelen bilgi ve ihbar G\u00fcler\u2019in bir y\u0131ldan uzun s\u00fcredir imam nikahl\u0131 bir ili\u015fkilisi oldu\u011fu y\u00f6n\u00fcnde. Ancak bu bayan\u0131n ismi hakk\u0131nda bilgi veremem. Hilmi G\u00fcler\u2019in \u00f6zel ya\u015fant\u0131s\u0131 Ba\u015fbakan Erdo\u011fan taraf\u0131ndan \u00f6\u011frenilince, \u00fcst\u00fc \u00e7izildi.\u201d<\/p>\n<p style=\"text-align: justify;\"><a href=\"http:\/\/www.gazeteport.com.tr\/SIYASET\/NEWS\/GP_907121\" target=\"_blank\">Kaynak : GAZETEPORT<\/a><\/p>\n","protected":false},"excerpt":{"rendered":"<p style=\"text-align: center;\">\n<p style=\"text-align: justify;\">Gazeteci \u00d6nkibar\u2019\u0131n Enerji ve Tabii Kaynaklar eski Bakan\u0131 G\u00fcler\u2019le ilgili ortaya att\u0131\u011f\u0131 \u201cnikahs\u0131z bir ili\u015fkiden bebek sahibi\u201d iddias\u0131na eski bakan G\u00fcler\u2019in e\u015fi Mehtap G\u00fcler\u2019den sert tepki geldi. \u0130ddiay\u0131 siyasetin cilvesi olarak yorumlayan G\u00fcler, \u201cE\u015fimden de, yak\u0131nlar\u0131mdan da eminim. B\u00f6yle bir \u015feyi akl\u0131mdan bile ge\u00e7irmedim\u201d dedi.<\/p>\n","protected":false},"author":1,"featured_media":0,"comment_status":"open","ping_status":"closed","sticky":false,"template":"","format":"standard","meta":{"footnotes":""},"categories":[105],"tags":[],"class_list":["post-33040","post","type-post","status-publish","format-standard","hentry","category-gundem","odd"],"_links":{"self":[{"href":"http:\/\/www.korhanyilmaz.com\/index.php?rest_route=\/wp\/v2\/posts\/33040","targetHints":{"allow":["GET"]}}],"collection":[{"href":"http:\/\/www.korhanyilmaz.com\/index.php?rest_route=\/wp\/v2\/posts"}],"about":[{"href":"http:\/\/www.korhanyilmaz.com\/index.php?rest_route=\/wp\/v2\/types\/post"}],"author":[{"embeddable":true,"href":"http:\/\/www.korhanyilmaz.com\/index.php?rest_route=\/wp\/v2\/users\/1"}],"replies":[{"embeddable":true,"href":"http:\/\/www.korhanyilmaz.com\/index.php?rest_route=%2Fwp%2Fv2%2Fcomments&post=33040"}],"version-history":[{"count":0,"href":"http:\/\/www.korhanyilmaz.com\/index.php?rest_route=\/wp\/v2\/posts\/33040\/revisions"}],"wp:attachment":[{"href":"http:\/\/www.korhanyilmaz.com\/index.php?rest_route=%2Fwp%2Fv2%2Fmedia&parent=33040"}],"wp:term":[{"taxonomy":"category","embeddable":true,"href":"http:\/\/www.korhanyilmaz.com\/index.php?rest_route=%2Fwp%2Fv2%2Fcategories&post=33040"},{"taxonomy":"post_tag","embeddable":true,"href":"http:\/\/www.korhanyilmaz.com\/index.php?rest_route=%2Fwp%2Fv2%2Ftags&post=33040"}],"curies":[{"name":"wp","href":"https:\/\/api.w.org\/{rel}","templated":true}]}}