{"id":33036,"date":"2011-05-19T12:20:51","date_gmt":"2011-05-19T09:20:51","guid":{"rendered":"http:\/\/www.korhanyilmaz.com\/?p=33036"},"modified":"2011-05-19T12:20:51","modified_gmt":"2011-05-19T09:20:51","slug":"19-mayista-19-mayisa-dil-uzatti","status":"publish","type":"post","link":"http:\/\/www.korhanyilmaz.com\/?p=33036","title":{"rendered":"19 May\u0131s&#8217;ta 19 May\u0131s&#8217;a dil uzatt\u0131"},"content":{"rendered":"<div id=\"attachment_33037\" style=\"width: 359px\" class=\"wp-caption aligncenter\"><a title=\"Prof. M\u00fcmtazer T\u00fcrk\u00f6ne \" href=\"http:\/\/www.korhanyilmaz.com\/wp-content\/uploads\/2011\/05\/242.jpg\"  class=\"lightview\"><img loading=\"lazy\" decoding=\"async\" aria-describedby=\"caption-attachment-33037\" class=\"size-full wp-image-33037\" title=\"Prof. M\u00fcmtazer T\u00fcrk\u00f6ne \" src=\"http:\/\/www.korhanyilmaz.com\/wp-content\/uploads\/2011\/05\/242.jpg\" alt=\"\" width=\"349\" height=\"251\" \/><\/a><p id=\"caption-attachment-33037\" class=\"wp-caption-text\">Prof. M\u00fcmtazer T\u00fcrk\u00f6ne<\/p><\/div>\n<p style=\"text-align: justify;\">Zaman yazar\u0131 ve e\u015fi Ak Parti milletvekili Prof. M\u00fcmtazer T\u00fcrk\u00f6ne bir 19 may\u0131s g\u00fcn\u00fcnde \u00e7ok tart\u0131\u015f\u0131lacak bir yaz\u0131ya imza att\u0131: 19 May\u0131s&#8217;ta neden h\u00e2l\u00e2 fa\u015fist kutlamalar yap\u0131yoruz?<\/p>\n<p style=\"text-align: justify;\">19 May\u0131s&#8217;ta neden h\u00e2l\u00e2 fa\u015fist kutlamalar yap\u0131yoruz?<\/p>\n<p style=\"text-align: justify;\">Yobazl\u0131k tam olarak b\u00f6yle bir \u015fey olmal\u0131. Bir \u015feyi hi\u00e7 sorgulamadan, anlam\u0131 \u00fczerinde hi\u00e7 d\u00fc\u015f\u00fcnmeden, bir \u00e7ift \u00f6k\u00fcz\u00fcn tarla s\u00fcrerken yan\u0131nda g\u00f6rd\u00fc\u011f\u00fc izi takip etmesi gibi h\u00fb\u015f\u00fb i\u00e7inde tekrarlamak. 19 May\u0131s kutlamalar\u0131 1932&#8217;nin fa\u015fist \u0130talya&#8217;s\u0131ndan al\u0131nma. Neden de\u011fi\u015ftirmek akl\u0131m\u0131zdan bile ge\u00e7miyor? <!--more--><\/p>\n<p style=\"text-align: justify;\">40 y\u0131l \u00f6ncesinin gen\u00e7li\u011fi ile bug\u00fcn\u00fcn gen\u00e7li\u011finin noktas\u0131ndan virg\u00fcl\u00fcne kadar aynen yapt\u0131\u011f\u0131 yeg\u00e2ne \u015fey 19 May\u0131s kutlamalar\u0131 olmal\u0131. May\u0131s ay\u0131n\u0131 ba\u015f\u0131ndan sonuna e\u011fitim ve \u00f6\u011fretim ama\u00e7lar\u0131 d\u0131\u015f\u0131na \u00e7\u0131kartan garip bir rit\u00fcel. Beden e\u011fitimi \u00f6\u011fretmenlerinin b\u00fct\u00fcn kontrol\u00fc ele ald\u0131\u011f\u0131, di\u011fer \u00f6\u011fretmenlerin mecburen anlay\u0131\u015f g\u00f6sterdi\u011fi bir e\u011fitim ve \u00f6\u011fretim bo\u015flu\u011fu. Neden? Herkes 19 May\u0131s provalar\u0131 ile me\u015fgul. 1930&#8217;lar\u0131n \u0130talya&#8217;s\u0131nda kalan fa\u015fist gen\u00e7lik e\u011fitimi uygulamalar\u0131n\u0131, oldu\u011fu gibi tekrarlamak i\u00e7in.<\/p>\n<p style=\"text-align: justify;\">Atat\u00fcrk&#8217;\u00fcn Samsun&#8217;a \u00e7\u0131kt\u0131\u011f\u0131 tarih olan 19 May\u0131s&#8217;\u0131n (Mustafa Arma\u011fan&#8217;\u0131n bu tarihe \u00f6nemli itirazlar\u0131 var), &#8217;19 May\u0131s Gen\u00e7lik ve Spor Bayram\u0131&#8217; (1981&#8217;de &#8216;Atat\u00fcrk&#8217;\u00fc anma&#8217; eklenecek) olarak kutlanmas\u0131na dair kanun 1938&#8217;de \u00e7\u0131k\u0131yor. Atat\u00fcrk&#8217;\u00fcn bu tarihi, \u00e7evresine hat\u0131rlatmas\u0131 ve \u00f6nemine i\u015faret etmesi 1936 y\u0131l\u0131nda vuku buluyor. Ama gen\u00e7lerin b\u00fcy\u00fck sahalara \u00e7\u0131k\u0131p, basit jimnastik hareketlerini toplu halde tekrarlamas\u0131n\u0131n kayna\u011f\u0131 1932 y\u0131l\u0131nda Ba\u015fbakan \u0130smet \u0130n\u00f6n\u00fc ba\u015fkanl\u0131\u011f\u0131nda bir heyetin Moskova ve \u0130talya&#8217;ya yapt\u0131\u011f\u0131 seyahate dayan\u0131yor. Recep Peker, Ali \u00c7etinkaya, Yunus Nadi, Falih R\u0131fk\u0131, Ru\u015fen E\u015fref ve Yakup Kadri&#8217;nin yer ald\u0131\u011f\u0131 heyet, \u00f6zellikle Mussolini \u0130talya&#8217;s\u0131nda gen\u00e7lerin e\u011fitimi i\u00e7in geli\u015ftirilen y\u00f6ntemleri ve pratikleri derin bir hayranl\u0131kla izliyorlar. Falih R\u0131fk\u0131 (Atay) (Moskova ve Roma, 1932) &#8216;Cumhuriyet genci yeti\u015ftirmek i\u00e7in&#8217; Stalin Rusya&#8217;s\u0131 ile fa\u015fist \u0130talya&#8217;n\u0131n &#8216;\u00e7ocuk ve gen\u00e7 yeti\u015ftirme metotlar\u0131n\u0131n ad\u0131m ad\u0131m tedkiki&#8217;ni \u00f6neriyor. 1932&#8217;nin Moskova&#8217;s\u0131ndaki 1 May\u0131s kutlamalar\u0131n\u0131 &#8216;ihtilalin telkin, propaganda ve y\u0131\u011f\u0131n sanatlar\u0131ndaki hususiyetleri g\u00f6steren en iyi sahne&#8217; olarak naklediyor. Roma&#8217;da 5-13 ya\u015f aras\u0131 \u00e7ocuklar\u0131n d\u00e2hil oldu\u011fu fa\u015fist te\u015fkilat\u0131 (erkeklerin Balila, k\u0131zlar\u0131n Piccole) \u00f6ve \u00f6ve bitiremiyor: &#8216;\u00c7ocukluktan itibaren herkese vazife verilmi\u015ftir. Herkes inzibat ve kontrol alt\u0131na al\u0131nm\u0131\u015ft\u0131r. Kabiliyetler yar\u0131\u015fa \u00e7\u0131kart\u0131lm\u0131\u015ft\u0131r; her fa\u015fist hi\u00e7bir zaman konu\u015famad\u0131\u011f\u0131 \u015fefi her an yan\u0131 ba\u015f\u0131nda hisseder olmu\u015ftur&#8230; \u00c7ocuk ve \u015fef \u015fefin rehberli\u011fi alt\u0131ndad\u0131r.&#8217; (s. 99) Sonra co\u015fup, daha sonra k\u00f6y enstit\u00fclerinde uygulanacak modeli bir fa\u015fizm hayali olarak anlatmaya giri\u015fiyor: \u0130mam\u0131n yerine ge\u00e7ecek bir \u00f6\u011fretmen, &#8216;k\u00f6ye ad\u0131m bast\u0131\u011f\u0131 g\u00fcn f\u0131rkan\u0131n kadrosu i\u00e7inde ve g\u00f6z\u00fc alt\u0131nda&#8217; i\u015fe ba\u015fl\u0131yor.<\/p>\n<p style=\"text-align: justify;\">O d\u00f6nemin T\u00fcrk ayd\u0131nlar\u0131nda derin bir fa\u015fizm hayranl\u0131\u011f\u0131 mevcuttur. Hitler hen\u00fcz iktidarda de\u011fildir, Mussolini ise on y\u0131l\u0131 geride b\u0131rakm\u0131\u015ft\u0131r. 1932&#8217;nin May\u0131s ay\u0131nda yap\u0131lan bu fa\u015fizm seferinin, Cumhuriyet tarihinde bir\u00e7ok yenili\u011fin hemen \u00f6ncesinde yer almas\u0131 tesad\u00fcf de\u011fildir. Ezan\u0131n ve Kur&#8217;an&#8217;\u0131n T\u00fcrk\u00e7e okunmas\u0131, me\u015fhur T\u00fcrk tarih tezi, G\u00fcne\u015f dil teorisi ile adeta yeni bir T\u00fcrk\u00e7enin icat edilmesi hep bu seyahatten hemen sonraki aylarda, 1932&#8217;nin ikinci yar\u0131s\u0131nda vuku bulmu\u015ftur. 1933 y\u0131l\u0131ndan itibaren \u00dclk\u00fc dergisinde \u0130talya&#8217;da gen\u00e7lik te\u015fkilatlar\u0131 ile ilgili yaz\u0131lara fazla yer verilmesi, 19 May\u0131s t\u00f6renlerine giden tecr\u00fcbenin arka plan\u0131n\u0131 a\u00e7\u0131klamaktad\u0131r. T\u00fcrkiye&#8217;de sporun kurucu isimlerinden Selim S\u0131rr\u0131 (Tarcan) (1874-1948) hem bu yaz\u0131lar\u0131n hem de 19 May\u0131s jimnastik hareketlerinin m\u00fcellifidir.<\/p>\n<p style=\"text-align: justify;\">Tabii bizim 19 May\u0131s g\u00f6sterilerimizin b\u00f6yle bir \u015feyi ba\u015farmas\u0131 imk\u00e2ns\u0131z. Zira, Allah&#8217;a \u015f\u00fck\u00fcr her an yan\u0131m\u0131zda hissedece\u011fimiz bir &#8216;Mill\u00ee \u015eef&#8217;imiz mevcut de\u011fil. T\u0131pk\u0131 bizim gen\u00e7li\u011fimizde oldu\u011fu gibi dershanelerin kap\u0131lar\u0131n\u0131 a\u00e7\u0131p, gelen baharla birlikte dersleri k\u0131rmak i\u00e7in &#8216;resm\u00ee ve me\u015fr\u00fb&#8217; bir f\u0131rsattan ibaret. Bize d\u00fc\u015fen, gen\u00e7lerimize vermemiz gereken, bilimin ayd\u0131nl\u0131\u011f\u0131nda ele\u015ftirel akl\u0131n rehberli\u011finde \u015fu soruyu sormak: Fa\u015fizmin d\u00fcnyada bizden ba\u015fka \u00f6rne\u011fi olmayan bu rit\u00fcelini, koca koca adamlar\u0131n ciddi ciddi emek harcad\u0131\u011f\u0131, \u00f6nemsedi\u011fi bu m\u00fcsamereyi \u00fczerinde hi\u00e7 d\u00fc\u015f\u00fcnmeden ve sorgulamadan neden tekrarl\u0131yoruz?<\/p>\n<p style=\"text-align: justify;\"><a href=\"http:\/\/www.gazeteport.com.tr\/GUNCEL\/NEWS\/GP_907242\" target=\"_blank\">Kaynak : GAZETEPORT<\/a><\/p>\n","protected":false},"excerpt":{"rendered":"<p id=\"caption-attachment-33037\" class=\"wp-caption-text\">Prof. M\u00fcmtazer T\u00fcrk\u00f6ne<\/p>\n<p style=\"text-align: justify;\">Zaman yazar\u0131 ve e\u015fi Ak Parti milletvekili Prof. M\u00fcmtazer T\u00fcrk\u00f6ne bir 19 may\u0131s g\u00fcn\u00fcnde \u00e7ok tart\u0131\u015f\u0131lacak bir yaz\u0131ya imza att\u0131: 19 May\u0131s&#8217;ta neden h\u00e2l\u00e2 fa\u015fist kutlamalar yap\u0131yoruz?<\/p>\n<p style=\"text-align: justify;\">19 May\u0131s&#8217;ta neden h\u00e2l\u00e2 fa\u015fist kutlamalar yap\u0131yoruz?<\/p>\n<p style=\"text-align: justify;\">Yobazl\u0131k tam olarak b\u00f6yle bir \u015fey olmal\u0131. Bir \u015feyi hi\u00e7 <\/p>\n","protected":false},"author":1,"featured_media":0,"comment_status":"open","ping_status":"closed","sticky":false,"template":"","format":"standard","meta":{"footnotes":""},"categories":[105],"tags":[],"class_list":["post-33036","post","type-post","status-publish","format-standard","hentry","category-gundem","odd"],"_links":{"self":[{"href":"http:\/\/www.korhanyilmaz.com\/index.php?rest_route=\/wp\/v2\/posts\/33036","targetHints":{"allow":["GET"]}}],"collection":[{"href":"http:\/\/www.korhanyilmaz.com\/index.php?rest_route=\/wp\/v2\/posts"}],"about":[{"href":"http:\/\/www.korhanyilmaz.com\/index.php?rest_route=\/wp\/v2\/types\/post"}],"author":[{"embeddable":true,"href":"http:\/\/www.korhanyilmaz.com\/index.php?rest_route=\/wp\/v2\/users\/1"}],"replies":[{"embeddable":true,"href":"http:\/\/www.korhanyilmaz.com\/index.php?rest_route=%2Fwp%2Fv2%2Fcomments&post=33036"}],"version-history":[{"count":0,"href":"http:\/\/www.korhanyilmaz.com\/index.php?rest_route=\/wp\/v2\/posts\/33036\/revisions"}],"wp:attachment":[{"href":"http:\/\/www.korhanyilmaz.com\/index.php?rest_route=%2Fwp%2Fv2%2Fmedia&parent=33036"}],"wp:term":[{"taxonomy":"category","embeddable":true,"href":"http:\/\/www.korhanyilmaz.com\/index.php?rest_route=%2Fwp%2Fv2%2Fcategories&post=33036"},{"taxonomy":"post_tag","embeddable":true,"href":"http:\/\/www.korhanyilmaz.com\/index.php?rest_route=%2Fwp%2Fv2%2Ftags&post=33036"}],"curies":[{"name":"wp","href":"https:\/\/api.w.org\/{rel}","templated":true}]}}