{"id":33032,"date":"2011-05-19T11:29:25","date_gmt":"2011-05-19T08:29:25","guid":{"rendered":"http:\/\/www.korhanyilmaz.com\/?p=33032"},"modified":"2011-05-19T11:29:25","modified_gmt":"2011-05-19T08:29:25","slug":"19-mayista-ilk-toren-anitkabirde","status":"publish","type":"post","link":"http:\/\/www.korhanyilmaz.com\/?p=33032","title":{"rendered":"19 May\u0131s&#8217;ta ilk t\u00f6ren An\u0131tkabir&#8217;de"},"content":{"rendered":"<p style=\"text-align: justify;\"><a href=\"http:\/\/www.korhanyilmaz.com\/wp-content\/uploads\/2011\/05\/241.jpg\"  class=\"lightview\"><img loading=\"lazy\" decoding=\"async\" class=\"aligncenter size-full wp-image-33033\" src=\"http:\/\/www.korhanyilmaz.com\/wp-content\/uploads\/2011\/05\/241.jpg\" alt=\"\" width=\"400\" height=\"225\" \/><\/a><\/p>\n<p style=\"text-align: justify;\">19 May\u0131s Atat\u00fcrk&#8217;\u00fc Anma ve Gen\u00e7lik ve Spor Bayram\u0131, t\u00fcm yurtta, d\u0131\u015f temsilciliklerde ve KKTC&#8217;de t\u00f6renlerle kutlan\u0131yor. Kutlamalar kapsam\u0131nda Ankara&#8217;da ilk t\u00f6ren, Cumhurba\u015fkan\u0131 Abdullah G\u00fcl\u2019\u00fcn ba\u015fkanl\u0131\u011f\u0131ndaki devlet erkan\u0131n\u0131n An\u0131tkabir&#8217;i ziyaretiyle ba\u015flad\u0131. Ba\u015fbakan Erdo\u011fan ve CHP lideri K\u0131l\u0131\u00e7daro\u011flu aras\u0131nda son g\u00fcnlerde miting meydanlar\u0131nda t\u0131rmanan gerilim, iki liderin y\u00fcz\u00fcne de yans\u0131d\u0131. An\u0131tkabir\u2019de d\u00fczenlenen t\u00f6rende s\u00fcrekli \u00f6ks\u00fcrd\u00fc\u011f\u00fc g\u00f6zlenen Ba\u015fbakan Erdo\u011fan\u2019\u0131n so\u011fuk alg\u0131nl\u0131\u011f\u0131 nedeniyle Ankara 19 May\u0131s Stadyumu&#8217;ndaki t\u00f6renlere kat\u0131lamayaca\u011f\u0131 a\u00e7\u0131kland\u0131.<!--more--><\/p>\n<p style=\"text-align: justify;\">An\u0131tkabir&#8217;deki t\u00f6rene, G\u00fcl&#8217;\u00fcn yan\u0131 s\u0131ra Ba\u015fbakan Recep Tayyip Erdo\u011fan, Anayasa Mahkemesi Ba\u015fkan\u0131 Ha\u015fim K\u0131l\u0131\u00e7, Genelkurmay Ba\u015fkan\u0131 Orgeneral I\u015f\u0131k Ko\u015faner, CHP Genel Ba\u015fkan\u0131 Kemal K\u0131l\u0131\u00e7daro\u011flu, Yarg\u0131tay Ba\u015fkan\u0131 Hasan Ger\u00e7eker, Bakanlar Kurulunun baz\u0131 \u00fcyeleri ve di\u011fer devlet erkan\u0131 kat\u0131ld\u0131.<\/p>\n<p style=\"text-align: justify;\">T\u00f6rene kat\u0131lanlar, Aslanl\u0131 Yol&#8217;dan y\u00fcr\u00fcyerek Atat\u00fcrk&#8217;\u00fcn mozolesine geldiler. Cumhurba\u015fkan\u0131 G\u00fcl, Atat\u00fcrk&#8217;\u00fcn mozolesine k\u0131rm\u0131z\u0131 ve beyaz karanfillerle s\u00fcsl\u00fc, \u00fczerinde \u201cCumhurba\u015fkan\u0131\u201d yazan \u00e7elengi b\u0131rakt\u0131. Devlet erkan\u0131 daha sonra sayg\u0131 duru\u015funda bulundu ve \u0130stiklal Mar\u015f\u0131 okundu.<\/p>\n<p style=\"text-align: justify;\">Cumhurba\u015fkan\u0131 G\u00fcl, daha sonra Misak-\u0131 Milli Kulesi&#8217;ne ge\u00e7ti. An\u0131tkabir \u00d6zel Defteri&#8217;ni imzalayan G\u00fcl, deftere \u015funlar\u0131 yazd\u0131:<\/p>\n<p style=\"text-align: justify;\">\u201cAziz Atat\u00fcrk, istiklal m\u00fccadelesini ba\u015flatmak amac\u0131yla Samsun\u2019a \u00e7\u0131k\u0131\u015f\u0131n\u0131z\u0131n 92. y\u0131l d\u00f6n\u00fcm\u00fcnde millet\u00e7e b\u00fcy\u00fck bir gurur ya\u015f\u0131yoruz.<\/p>\n<p style=\"text-align: justify;\">T\u00fcrkiye Cumhuriyeti, ideallerinizden g\u00fc\u00e7 alarak ilerlemesine devam etmektedir. \u00d6zg\u00fcven i\u00e7erisinde y\u00fckselen T\u00fcrkiye, sahip oldu\u011fu nitelikleri ve benimsedi\u011fi de\u011ferlerle, \u00e7evresine istikrar yayan ve ilham kayna\u011f\u0131 olan bir \u00fclke konumundad\u0131r. \u00dclkemizin elde etti\u011fi muazzam ba\u015far\u0131lar, g\u00f6sterdi\u011finiz hedeflere ula\u015faca\u011f\u0131m\u0131z\u0131n da ispat\u0131d\u0131r. Bu g\u00fcvenimizin en \u00f6nemli dayana\u011f\u0131n\u0131 olu\u015fturan T\u00fcrk gen\u00e7li\u011fi, \u00fclkemizi her alanda y\u00fcceltmeye ve gelece\u011fe en g\u00fc\u00e7l\u00fc \u015fekilde ta\u015f\u0131maya azimlidir.<\/p>\n<p style=\"text-align: justify;\">Gen\u00e7lerimize arma\u011fan etti\u011finiz milli bayram\u0131m\u0131zda sizi sayg\u0131yla, minnet ve \u015f\u00fckranla an\u0131yoruz. Ruhunuz \u015fad olsun.\u201d<\/p>\n<p style=\"text-align: justify;\">Devlet erk\u00e2n\u0131n\u0131n t\u00f6reninin ard\u0131ndan, askerler ve \u00f6\u011frenciler de mozolenin \u00f6n\u00fcnde sayg\u0131 ge\u00e7i\u015finde bulundu.<\/p>\n<p style=\"text-align: justify;\"><a href=\"http:\/\/www.hurriyet.com.tr\/gundem\/17824130.asp?gid=381\" target=\"_blank\">Kaynak : H\u00fcrriyet<\/a><\/p>\n","protected":false},"excerpt":{"rendered":"<p style=\"text-align: justify;\">\n<p style=\"text-align: justify;\">19 May\u0131s Atat\u00fcrk&#8217;\u00fc Anma ve Gen\u00e7lik ve Spor Bayram\u0131, t\u00fcm yurtta, d\u0131\u015f temsilciliklerde ve KKTC&#8217;de t\u00f6renlerle kutlan\u0131yor. Kutlamalar kapsam\u0131nda Ankara&#8217;da ilk t\u00f6ren, Cumhurba\u015fkan\u0131 Abdullah G\u00fcl\u2019\u00fcn ba\u015fkanl\u0131\u011f\u0131ndaki devlet erkan\u0131n\u0131n An\u0131tkabir&#8217;i ziyaretiyle ba\u015flad\u0131. Ba\u015fbakan Erdo\u011fan ve CHP lideri K\u0131l\u0131\u00e7daro\u011flu aras\u0131nda son g\u00fcnlerde miting meydanlar\u0131nda t\u0131rmanan gerilim, iki liderin y\u00fcz\u00fcne de yans\u0131d\u0131. An\u0131tkabir\u2019de <\/p>\n","protected":false},"author":1,"featured_media":0,"comment_status":"open","ping_status":"closed","sticky":false,"template":"","format":"standard","meta":{"footnotes":""},"categories":[105],"tags":[],"class_list":["post-33032","post","type-post","status-publish","format-standard","hentry","category-gundem","odd"],"_links":{"self":[{"href":"http:\/\/www.korhanyilmaz.com\/index.php?rest_route=\/wp\/v2\/posts\/33032","targetHints":{"allow":["GET"]}}],"collection":[{"href":"http:\/\/www.korhanyilmaz.com\/index.php?rest_route=\/wp\/v2\/posts"}],"about":[{"href":"http:\/\/www.korhanyilmaz.com\/index.php?rest_route=\/wp\/v2\/types\/post"}],"author":[{"embeddable":true,"href":"http:\/\/www.korhanyilmaz.com\/index.php?rest_route=\/wp\/v2\/users\/1"}],"replies":[{"embeddable":true,"href":"http:\/\/www.korhanyilmaz.com\/index.php?rest_route=%2Fwp%2Fv2%2Fcomments&post=33032"}],"version-history":[{"count":0,"href":"http:\/\/www.korhanyilmaz.com\/index.php?rest_route=\/wp\/v2\/posts\/33032\/revisions"}],"wp:attachment":[{"href":"http:\/\/www.korhanyilmaz.com\/index.php?rest_route=%2Fwp%2Fv2%2Fmedia&parent=33032"}],"wp:term":[{"taxonomy":"category","embeddable":true,"href":"http:\/\/www.korhanyilmaz.com\/index.php?rest_route=%2Fwp%2Fv2%2Fcategories&post=33032"},{"taxonomy":"post_tag","embeddable":true,"href":"http:\/\/www.korhanyilmaz.com\/index.php?rest_route=%2Fwp%2Fv2%2Ftags&post=33032"}],"curies":[{"name":"wp","href":"https:\/\/api.w.org\/{rel}","templated":true}]}}