{"id":33026,"date":"2011-03-18T14:34:13","date_gmt":"2011-03-18T12:34:13","guid":{"rendered":"http:\/\/www.korhanyilmaz.com\/?p=33026"},"modified":"2011-03-18T14:34:13","modified_gmt":"2011-03-18T12:34:13","slug":"prof-dr-isil-karakas-aihm-basin-ozgurlugu-davalarinda-turkiye-onde","status":"publish","type":"post","link":"http:\/\/www.korhanyilmaz.com\/?p=33026","title":{"rendered":"Prof. Dr. I\u015f\u0131l Karaka\u015f: &#8216;A\u0130HM bas\u0131n \u00f6zg\u00fcrl\u00fc\u011f\u00fc davalar\u0131nda T\u00fcrkiye \u00f6nde&#8217;"},"content":{"rendered":"<div id=\"attachment_33027\" style=\"width: 280px\" class=\"wp-caption aligncenter\"><a href=\"http:\/\/www.korhanyilmaz.com\/wp-content\/uploads\/2011\/05\/240.jpg\"  class=\"lightview\"><img loading=\"lazy\" decoding=\"async\" aria-describedby=\"caption-attachment-33027\" class=\"size-full wp-image-33027\" src=\"http:\/\/www.korhanyilmaz.com\/wp-content\/uploads\/2011\/05\/240.jpg\" alt=\"\" width=\"270\" height=\"190\" \/><\/a><p id=\"caption-attachment-33027\" class=\"wp-caption-text\">Prof. Dr. I\u015f\u0131l Karaka\u015f<\/p><\/div>\n<p style=\"text-align: justify;\">Prof. Dr. I\u015f\u0131l Karaka\u015f, Avrupa \u0130nsan Haklar\u0131 Mahkemesi\u2019ne se\u00e7ilen ilk T\u00fcrk kad\u0131n yarg\u0131\u00e7. \u00dc\u00e7 y\u0131ld\u0131r g\u00f6rev yapt\u0131\u011f\u0131 mahkemede Rus yarg\u0131\u00e7tan sonra en \u00e7ok i\u015f onda. \u00c7\u00fcnk\u00fc T\u00fcrkiye\u2019den ba\u015fvurular her g\u00fcn daha da art\u0131yor. Karaka\u015f\u2019\u0131n, dosyalar\u0131 azaltmak i\u00e7in en b\u00fcy\u00fck umudu, A\u0130HM\u2019de yeni olu\u015fturulan tek hakimli inceleme mekanizmas\u0131.<!--more--><\/p>\n<p style=\"text-align: justify;\">\u0130stanbul\u2019da do\u011fdum, b\u00fcy\u00fcd\u00fcm. Ailem de \u0130stanbullu. Tabii hi\u00e7bir yer \u0130stanbul ile mukayese edilemez. Fakat Strasbourg\u2019da ya\u015fam\u0131n kolayl\u0131\u011f\u0131 g\u00fcnl\u00fck hayat\u0131n\u0131zda b\u00fcy\u00fck avantajlar sa\u011fl\u0131yor. Be\u015f dakika s\u00fcr\u00fcyor kald\u0131\u011f\u0131m evle mahkemenin aras\u0131. Giderken ailemden ve e\u015fimden, buradan uzak kalacak olmak beni d\u00fc\u015f\u00fcnd\u00fcrm\u00fc\u015ft\u00fc. Art\u0131k al\u0131\u015ft\u0131m, 1 May\u0131s\u2019ta \u00fc\u00e7 y\u0131l olacak. Neredeyse ev diye oray\u0131 kabul edece\u011fim. \u00c7ok iyi dostlar edindim. As\u0131l, e\u015fim (Prof. Dr. Eser Karaka\u015f) zor durumda. O her hafta sal\u0131 veya \u00e7ar\u015famba g\u00fcnleri geliyor; hafta sonlar\u0131 \u0130stanbul\u2019a d\u00f6n\u00fcyor. Bah\u00e7e\u015fehir \u00dcniversitesi\u2019ndeki idari g\u00f6revlerini b\u0131rakt\u0131. Ben de yazlar\u0131 T\u00fcrkiye\u2019ye geliyorum. \u0130yi ki, bir bu\u00e7uk ayl\u0131k adli tatilimiz var. Yoksa bu i\u015fin alt\u0131ndan kalkmam\u0131z m\u00fcmk\u00fcn de\u011fil. \u00c7ok dava olan \u00fclkenin hakiminin de i\u015fi \u00e7ok oluyor. 35 ki\u015filik T\u00fcrk hukuk\u00e7u ekibiyle \u00e7al\u0131\u015f\u0131yoruz. Onlar dosyalar\u0131 haz\u0131rlar ama milli hakim, \u00fclkesinin her davas\u0131na girmek zorunda. Ak\u015famlar\u0131 saat yediden \u00f6nce mahkeme binas\u0131ndan \u00e7\u0131kt\u0131\u011f\u0131m g\u00f6r\u00fclmemi\u015ftir. Maddi olarak kazanc\u0131 iyi elbette ama \u00f6ncelikli olan maddi durum de\u011fil, \u015ferefli bir g\u00f6rev bu. Avrupa\u2019da insan haklar\u0131n\u0131 koruyorsunuz bir defa. Alan\u0131m da bu. Ben uluslararas\u0131 hukuk profes\u00f6r\u00fcy\u00fcm, hem AB hukuku, hem de insan haklar\u0131 hukuku uzmanl\u0131k alan\u0131m. Tabii teorik olarak bilmek \u00e7ok farkl\u0131. \u015eimdi mutfaktay\u0131m, ger\u00e7ekten zormu\u015f. Tecr\u00fcbeli hakimler, bu s\u00fcreci \u00e7abuk atlatt\u0131\u011f\u0131m\u0131 s\u00f6yl\u00fcyorlar. R\u0131za T\u00fcrmen 10 y\u0131l g\u00f6rev yapm\u0131\u015ft\u0131. Ba\u015flarken bana tecr\u00fcbelerini anlatt\u0131, yol g\u00f6sterici oldu. Alt\u0131 y\u0131l i\u00e7in se\u00e7ilmi\u015ftim ama Haziran 2010\u2019da y\u00fcr\u00fcrl\u00fc\u011fe giren 14. Protokol\u2019le hakimlerin s\u00fcresi dokuz y\u0131la \u00e7\u0131kar\u0131ld\u0131. 1 May\u0131s 2017\u2019de bitecek s\u00fcrem.<\/p>\n<p style=\"text-align: justify;\"><strong>L\u0130BERAL DEMOKRATIM<\/strong><\/p>\n<p style=\"text-align: justify;\">Ni\u015fanta\u015f\u0131\u2019nda, Nil\u00fcfer Hatun \u0130lkokulu\u2019nda okudum. Galatasaray Lisesi\u2019nden 78\u2019de mezun oldum. \u00d6nce Marmara \u00dcniversitesi \u0130\u015fletme B\u00f6l\u00fcm\u00fcne girmi\u015ftim. Hi\u00e7 sevmedim, oray\u0131 b\u0131rak\u0131p tekrar \u00fcniversite s\u0131nav\u0131na girdim. Siyasal\u2019\u0131 kazan\u0131nca sevindim, hakikaten diplomasiyi de istiyordum. O y\u0131llar\u0131n ortam\u0131nda kolejli cici k\u0131zlar grubuyduk. Dersimize girip \u00e7\u0131k\u0131p evimize gidiyorduk. Sonra zaten 12 Eyl\u00fcl oldu, kimse siyaset yapamad\u0131. Gen\u00e7li\u011fimde siyasetle ilgilenmedim. D\u00fcnya g\u00f6r\u00fc\u015f\u00fcm i\u00e7in, liberal demokrat diyebilirim. Eskiden beri b\u00f6yleydi asl\u0131nda. Ne a\u015f\u0131r\u0131 sol hareketlere, ne de sa\u011f hareketlere ilgi duydum. Hep demokrat, insan haklar\u0131ndan, \u00f6zg\u00fcrl\u00fcklerden yana oldum. \u015eiddete kar\u015f\u0131yd\u0131m. Sol ideolojinin insan haklar\u0131 yakla\u015f\u0131m\u0131 bana uygun gelen bir g\u00f6r\u00fc\u015f de\u011fildi. Abant toplant\u0131lar\u0131na da tamamen akademik bir bak\u0131\u015f a\u00e7\u0131s\u0131yla kat\u0131ld\u0131m. Orada G\u00fclen hareketine mensup ki\u015filer, liberal g\u00f6r\u00fc\u015fteki insanlarla birlikte toplant\u0131 d\u00fczenliyorlar. Bir \u00f6\u011fretim \u00fcyesi g\u00f6r\u00fc\u015flerini a\u00e7\u0131klamak i\u00e7in uygun bir toplant\u0131 varsa kat\u0131l\u0131r, niye kat\u0131lmas\u0131n?<\/p>\n<p style=\"text-align: justify;\"><strong>A\u0130HM<\/strong><\/p>\n<p style=\"text-align: justify;\"><strong>\u0130\u015fkence izi uzman\u0131 oldum<\/strong><\/p>\n<p style=\"text-align: justify;\">H\u00fck\u00fcmet, A\u0130HM i\u00e7in kad\u0131n aday bulmakta problem ya\u015f\u0131yordu. T\u00fcrkiye\u2019de maalesef iki dil bilen ve hukuk\u00e7u olan \u00e7ok fazla kad\u0131n yok. Ben de o s\u0131rada Galatasaray \u00dcniversitesi Hukuk Fak\u00fcltesi\u2019nde dekan yard\u0131mc\u0131s\u0131 ve Avrupa Ara\u015ft\u0131rma Merkezi M\u00fcd\u00fcr\u00fc\u2019yd\u00fcm. Y\u0131llarca Galatasaray ve Bah\u00e7e\u015fehir \u00fcniversitelerinde Avrupa Birli\u011fi ve insan haklar\u0131 hukuku dersi verdim. M\u00fctevaz\u0131 olamayaca\u011f\u0131m, demek ki niteliklerim uygunmu\u015f. Avrupa Konseyi\u2019nde m\u00fclakat yapan komisyon \u00fc\u00e7 aday aras\u0131ndan beni tavsiye etti. 178 \u00fcyenin 136\u2019s\u0131n\u0131n oyuyla se\u00e7ildim. \u0130nsan haklar\u0131 hakimi olarak insan\u0131n ruhunu s\u0131zlatacak olaylarla kar\u015f\u0131la\u015f\u0131yoruz. Dosyalarda i\u015fkence veya k\u00f6t\u00fc muamelenin izleri en ince detaylar\u0131na kadar yer al\u0131yor. Art\u0131k o alanlarda medikal eksper oldum diyebilirim. \u0130nsan\u0131 rahats\u0131z edecek, gece uykusuna girebilecek konularla ba\u015f etmeye \u00e7al\u0131\u015f\u0131yorsunuz. \u015eimdi \u00f6zellikle i\u015fkence ve k\u00f6t\u00fc muamelelerde tazminat miktarlar\u0131n\u0131 y\u00fckselttik.<\/p>\n<p style=\"text-align: justify;\"><strong>BASIN \u00d6ZG\u00dcRL\u00dc\u011e\u00dc<\/strong><\/p>\n<p style=\"text-align: justify;\"><strong>Rusya\u2019yla yar\u0131\u015f\u0131yoruz<\/strong><\/p>\n<p style=\"text-align: justify;\">A\u0130HM kararlar\u0131nda gazetecilere verilen h\u00fcrriyeti ba\u011flay\u0131c\u0131 cezalar, her zaman mahkum olmu\u015ftur. A\u0130HM, \u201cBas\u0131n kamunun bek\u00e7i k\u00f6pe\u011fidir\u201d der. Zira toplumun her konuda, her y\u00f6nde bilgilenmesi gerekir. T\u00fcrkiye, bas\u0131n ve ifade \u00f6zg\u00fcrl\u00fc\u011f\u00fcyle ilgili ba\u015fvurularda \u015fampiyon. A\u0130HM\u2019de, en fazla ifade \u00f6zg\u00fcrl\u00fc\u011f\u00fc ihlalinden mahkum olan \u00fclke T\u00fcrkiye. 175 davada mahkum olmu\u015f bug\u00fcne kadar. Hemen arkam\u0131zdan gelen Avusturya\u2019n\u0131n 32, Fransa\u2019n\u0131n 16 mahkumiyeti var. \u0130\u00e7i\u015fleri Bakan\u0131 Be\u015fir Atalay, T\u00fcrkiye\u2019de bas\u0131n\u0131n ABD\u2019den daha \u00f6zg\u00fcr oldu\u011funu neye dayanarak s\u00f6yl\u00fcyor? 301 gibi bir madde yerinde durduk\u00e7a T\u00fcrkiye\u2019de ifade \u00f6zg\u00fcrl\u00fc\u011f\u00fc sorunlar\u0131 devam eder. Ni\u00e7in kendimizi ihlalde birinci durumdaki Rusya ile k\u0131yasl\u0131yoruz? \u0130spanya ile k\u0131yaslayal\u0131m. \u0130spanya demokrasiye 1977\u2019de ge\u00e7ti ama bug\u00fcn A\u0130HM\u2019de en az mahkum olan, hakk\u0131nda en az ba\u015fvuruda bulunulan \u00fclkelerden biri.<\/p>\n<p style=\"text-align: justify;\"><strong>T\u00dcRK\u0130YE DOSYALARI<\/strong><\/p>\n<p style=\"text-align: justify;\"><strong>Ba\u015fvurular\u0131n y\u00fczde 40\u2019\u0131 elenmeye m\u00fcsait<\/strong><\/p>\n<p style=\"text-align: justify;\">T\u00fcrkiye\u2019den gelen dosya say\u0131s\u0131 \u015fu anda 19 bine yak\u0131n. Bu y\u0131l 6 bin 500 dosya geldi, bir \u00f6nceki y\u0131l 4 bin 500\u2019d\u00fc. Ba\u015fvurular s\u00fcrekli art\u0131yor; y\u00fczde 30\u2019luk bir y\u00fckselme var. A\u0130HM\u2019in yap\u0131s\u0131 bu kadar \u00e7ok ba\u015fvuruya cevap vermeye uygun de\u011fil. Bizde de yarg\u0131 s\u00fcresi uzuyor, A\u0130HM s\u00f6zle\u015fmeyi ihlal eder hale geliyor. Fakat 2010\u2019da y\u00fcr\u00fcrl\u00fc\u011fe giren 14. protokolde yeni mekanizmalar kuruldu. Art\u0131k bir hakim ve bir hukuk\u00e7u, temelsiz dedi\u011fimiz veya \u015fartlar\u0131 yerine getirmeyen ba\u015fvurular\u0131 ay\u0131klayacak. T\u00fcrkiye\u2019den gelen ba\u015fvurular\u0131n y\u00fczde 40\u2019\u0131 b\u00f6yle elenmeye m\u00fcsait. Rusya birinci ama orada bu oran tam tersi. T\u00fcrkiye\u2019den gelen davalar\u0131n en az y\u00fczde 40\u2019\u0131, yarg\u0131lama veya tutukluluk s\u00fcrelerinin uzunlu\u011fundan. Yarg\u0131tay\u2019\u0131n tutukluluk s\u00fcresini 10 y\u0131l olarak kabul etmesi bence yanl\u0131\u015f bir yorum. Mutlaka tutuklu yarg\u0131lamak zorunda de\u011filsiniz. Son \u00e7aredir tutuklamak. Ka\u00e7ma \u015f\u00fcphesi de tutuklama gerek\u00e7esi olamaz. Devlet, san\u0131\u011f\u0131 ka\u00e7\u0131rtmayacak. Delillerin karart\u0131lmas\u0131 i\u00e7in de mahkemenin sa\u011flam gerek\u00e7eler sunmas\u0131 laz\u0131m. T\u00fcrkiye\u2019yi mahkum etti\u011fimiz y\u00fczlerce karar\u0131n gerek\u00e7esi \u015fu: Hakimler, kal\u0131pla\u015fm\u0131\u015f c\u00fcmlelerle tutuklulu\u011fun devam\u0131na karar veriyorlar. \u00c7o\u011fu zaman, \u201cTutuklulu\u011fun devam\u0131na\u201d deyip ge\u00e7iyorlar. Gerek\u00e7e g\u00f6stermiyorlar.<\/p>\n<p style=\"text-align: justify;\"><strong>\u00dcN\u0130VERS\u0130TE<\/strong><\/p>\n<p style=\"text-align: justify;\"><strong>Hem siyasal hem hukuk okudum<\/strong><\/p>\n<p style=\"text-align: justify;\">Ben SBF\u2019de \u00f6\u011frenciyken Eser Karaka\u015f da \u0130ktisat Fak\u00fcltesi\u2019nde asistand\u0131. 82\u2019nin sonunda evlendi\u011fimde d\u00f6rd\u00fcnc\u00fc s\u0131n\u0131ftayd\u0131m. Sonra \u0130ngilizce \u00f6\u011frenmek i\u00e7in bir y\u0131l Bo\u011fazi\u00e7i\u2019ne, Yabanc\u0131 Diller Okulu\u2019na gittim. O s\u0131rada Siyasal\u2019da asistanl\u0131k kadrosu a\u00e7\u0131ld\u0131, oraya asistan olarak girdim. Hukuk fak\u00fcltesini okumam\u0131 Prof. Dr. Duygun Yarsuvat\u2019a bor\u00e7luyum. Ben devletler hukukuna girmi\u015ftim. Bana \u201cB\u00f6yle olmaz. Sen bir de hukuk fak\u00fcltesini oku\u201d dedi. Hukukta \u00f6\u011frenciyken, hem asistan, hem evli, hem de anneydim. Hukuk okumakla \u00e7ok iyi karar vermi\u015fim. Ger\u00e7ekten hukuk e\u011fitiminin \u00e7ok faydas\u0131n\u0131 g\u00f6rd\u00fcm. Siyasal da bana hukuka \u00e7ok kat\u0131 bakmamay\u0131 \u00f6\u011fretti. Bursla master yapmak i\u00e7in bir y\u0131l Fransa\u2019ya giderken k\u0131z\u0131m bir ya\u015f\u0131ndayd\u0131 onu da g\u00f6t\u00fcrd\u00fck. Biraz zorland\u0131k ama \u00fcstesinden geldik. Aile soyad\u0131m\u0131z Erg\u00fcven\u00e7\u2019tir. Fak\u00fcltelerden de Karaka\u015f diye mezun oldum. Makalelerim, kitaplar\u0131m hep Karaka\u015f imzal\u0131. O zaman iki soyad\u0131n\u0131 birden kullanma imkan\u0131 yoktu.<\/p>\n<p style=\"text-align: justify;\"><strong>T\u00dcRBAN<\/strong><\/p>\n<p style=\"text-align: justify;\"><strong>Ba\u015f\u0131 a\u00e7\u0131k k\u0131z da bask\u0131dan yak\u0131nabilir<\/strong><\/p>\n<p style=\"text-align: justify;\">\u015eu anda \u00fcniversitelerde fiili bir durum olu\u015ftu, t\u00fcrbanl\u0131 \u00f6\u011frenciler giriyorlar. T\u00fcrkiye yeni hukuki d\u00fczenleme yaparsa birisi ba\u015fvuru yap\u0131p kendisinin ma\u011fdur oldu\u011funu iddia ederse A\u0130HM yeniden karar verir. Bir kere karar verdik bu bitmi\u015ftir diye bir \u015fey yok. Mesela mahkememiz, Fransa\u2019da liselerde t\u00fcrban yasa\u011f\u0131n\u0131 ayk\u0131r\u0131 bulmad\u0131. Ben de tamamen kat\u0131l\u0131yorum. \u00d6\u011fretmen de t\u00fcrban takamaz. Kamu g\u00f6revlilerinin takmas\u0131 yasa\u011f\u0131 da ayk\u0131r\u0131l\u0131k olu\u015fturmaz. Mahkememiz, dinle ilgili meselelerde devletin tarafs\u0131z olmas\u0131n\u0131 ister. Devlet aparat\u0131ndaki ki\u015filerin n\u00f6tr olmas\u0131 gerekir. \u0130svi\u00e7re\u2019de bir yuva \u00f6\u011fretmeninin ba\u015f\u0131n\u0131 ba\u011flamas\u0131n\u0131n yasaklanmas\u0131n\u0131 mahkeme uygun buldu. T\u00fcrkiye\u2019den gelen t\u00fcrbanla ilgili ba\u015fvurular Leyla \u015eahin karar\u0131 do\u011frultusunda geri \u00e7evrilir. Bug\u00fcnden sonra ne gelebilir? Ba\u015f\u0131 a\u00e7\u0131k bir k\u0131z, \u201cT\u00fcrban takanlar benim \u00fczerimde bask\u0131 olu\u015fturuyor\u201d deyip davas\u0131 bize kadar gelirse o zaman A\u0130HM tekrar bakar.<\/p>\n<p style=\"text-align: justify;\"><strong>\u00d6\u011eRET\u0130M \u00dcYEL\u0130\u011e\u0130<\/strong><\/p>\n<p style=\"text-align: justify;\"><strong>Ders anlatmaktan b\u0131km\u0131\u015f\u0131m<\/strong><\/p>\n<p style=\"text-align: justify;\">A\u0130HM\u2019e se\u00e7ilince 99\u2019dan beri \u00e7al\u0131\u015ft\u0131\u011f\u0131m Galatasaray \u00dcniversitesi\u2019nden ayr\u0131ld\u0131m. Profes\u00f6rl\u00fck kadrosunu sakl\u0131 tutmak istemedim. Onlar\u0131 da rahat b\u0131rakt\u0131m kendimi de. D\u00f6n\u00fcnce ne yapaca\u011f\u0131m konusunda net bir fikrim yok. Ama \u00f6\u011fretim \u00fcyeli\u011fi yapmak istemiyorum do\u011frusu. Ders anlatmaktan b\u0131km\u0131\u015f\u0131m herhalde. Bu kadar prati\u011fin i\u00e7ine girdikten sonra teoriye d\u00f6nmek zor geliyor. Strasbourg\u2019daki hukuk\u00e7u arkada\u015flardan bir ekip kurduk. Bir grup \u00e7al\u0131\u015fmas\u0131 olarak hakimlerimize, avukatlar\u0131m\u0131za yard\u0131mc\u0131 olmas\u0131 i\u00e7in bir Avrupa \u0130nsan Haklar\u0131 S\u00f6zle\u015fmesi ve Mahkeme i\u00e7tihad\u0131 kitab\u0131 haz\u0131rlamaya ba\u015fl\u0131yoruz. \u0130n\u015fallah bir bu\u00e7uk y\u0131l i\u00e7inde bitirece\u011fiz, sonra da o kitab\u0131 s\u00fcrekli g\u00fcncellemek gerekecek.<\/p>\n<p style=\"text-align: justify;\"><strong>REFERANDUM<\/strong><\/p>\n<p style=\"text-align: justify;\"><strong>Anayasa Mahkemesi ilk s\u0131nav\u0131n\u0131 verecek<\/strong><\/p>\n<p style=\"text-align: justify;\">12 Eyl\u00fcl Anayasas\u0131\u2019na tabii ki, hay\u0131r oyu vermi\u015ftik. Bir liberal demokrat olarak ne oy verebilirim? Askeri darbelere kar\u015f\u0131y\u0131m elbette, ne moderni ne postmoderni. Son referandumda burada olmad\u0131\u011f\u0131m i\u00e7in oy kullanamad\u0131m. Malum yurtd\u0131\u015f\u0131ndaki T\u00fcrkler hen\u00fcz oy kullanam\u0131yor. Ama anayasa de\u011fi\u015fikli\u011fini yararl\u0131 buluyorum. Yarg\u0131yla ilgili d\u00fczenlemelerin nas\u0131l \u00e7al\u0131\u015faca\u011f\u0131n\u0131 zaman g\u00f6sterir. \u0130stinaf mahkemelerinin kurulmas\u0131 \u00e7ok iyi. Yarg\u0131tay\u2019da yeni daireler kurulmas\u0131 da yararl\u0131. Yarg\u0131tay\u2019daki s\u00fcre uzunlu\u011fu problemini \u00e7\u00f6zebilir. Anayasa Mahkemesi\u2019ne bireysel ba\u015fvuru hakk\u0131ysa, Almanya ve \u0130spanya\u2019daki gibi i\u015flerse T\u00fcrk hukuk d\u00fczenine b\u00fcy\u00fck katk\u0131 sa\u011flar. Bak\u0131n \u0130spanya\u2019n\u0131n n\u00fcfusu 40 milyon dolay\u0131nda ama oradan A\u0130HM\u2019e gelen dosya say\u0131s\u0131 y\u0131lda 30-40\u2019\u0131 ge\u00e7miyor. T\u00fcrkiye\u2019de bizim i\u00e7tihatlar\u0131m\u0131z uygulanmazsa yolu uzatmaktan ba\u015fka bir i\u015fe yaramaz. A\u0130HM bu yol etkili de\u011fil, i\u015fe yaram\u0131yor derse o zaman iskambil ka\u011f\u0131d\u0131ndan kule gibi y\u0131k\u0131l\u0131r. \u00d6rne\u011fin Anayasa Mahkemesi tutukluluk s\u00fcresiyle ilgili bir ba\u015fvuru \u00f6n\u00fcne geldi\u011fi zaman nas\u0131l karar verecek? A\u0130HM i\u00e7tihatlar\u0131n\u0131 m\u0131 izleyecek yoksa Yarg\u0131tay 9. Daire\u2019nin yorumunu mu? (H\u00fcrriyet)<\/p>\n<p style=\"text-align: justify;\"><a href=\"http:\/\/www.euractiv.com.tr\/ab-ve-turkiye\/interview\/prof-dr-isil-karakas-aihm-basin-ozgurlugu-davalarinda-turkiye-onde-016579\" target=\"_blank\">Kaynak : http:\/\/www.euractiv.com.tr<\/a><\/p>\n","protected":false},"excerpt":{"rendered":"<p id=\"caption-attachment-33027\" class=\"wp-caption-text\">Prof. Dr. I\u015f\u0131l Karaka\u015f<\/p>\n<p style=\"text-align: justify;\">Prof. Dr. I\u015f\u0131l Karaka\u015f, Avrupa \u0130nsan Haklar\u0131 Mahkemesi\u2019ne se\u00e7ilen ilk T\u00fcrk kad\u0131n yarg\u0131\u00e7. \u00dc\u00e7 y\u0131ld\u0131r g\u00f6rev yapt\u0131\u011f\u0131 mahkemede Rus yarg\u0131\u00e7tan sonra en \u00e7ok i\u015f onda. \u00c7\u00fcnk\u00fc T\u00fcrkiye\u2019den ba\u015fvurular her g\u00fcn daha da art\u0131yor. Karaka\u015f\u2019\u0131n, dosyalar\u0131 azaltmak i\u00e7in en b\u00fcy\u00fck umudu, A\u0130HM\u2019de yeni olu\u015fturulan tek hakimli inceleme mekanizmas\u0131.<\/p>\n","protected":false},"author":1,"featured_media":0,"comment_status":"open","ping_status":"closed","sticky":false,"template":"","format":"standard","meta":{"footnotes":""},"categories":[105],"tags":[242,243],"class_list":["post-33026","post","type-post","status-publish","format-standard","hentry","category-gundem","tag-aihm","tag-prof-dr-isil-karakas","odd"],"_links":{"self":[{"href":"http:\/\/www.korhanyilmaz.com\/index.php?rest_route=\/wp\/v2\/posts\/33026","targetHints":{"allow":["GET"]}}],"collection":[{"href":"http:\/\/www.korhanyilmaz.com\/index.php?rest_route=\/wp\/v2\/posts"}],"about":[{"href":"http:\/\/www.korhanyilmaz.com\/index.php?rest_route=\/wp\/v2\/types\/post"}],"author":[{"embeddable":true,"href":"http:\/\/www.korhanyilmaz.com\/index.php?rest_route=\/wp\/v2\/users\/1"}],"replies":[{"embeddable":true,"href":"http:\/\/www.korhanyilmaz.com\/index.php?rest_route=%2Fwp%2Fv2%2Fcomments&post=33026"}],"version-history":[{"count":0,"href":"http:\/\/www.korhanyilmaz.com\/index.php?rest_route=\/wp\/v2\/posts\/33026\/revisions"}],"wp:attachment":[{"href":"http:\/\/www.korhanyilmaz.com\/index.php?rest_route=%2Fwp%2Fv2%2Fmedia&parent=33026"}],"wp:term":[{"taxonomy":"category","embeddable":true,"href":"http:\/\/www.korhanyilmaz.com\/index.php?rest_route=%2Fwp%2Fv2%2Fcategories&post=33026"},{"taxonomy":"post_tag","embeddable":true,"href":"http:\/\/www.korhanyilmaz.com\/index.php?rest_route=%2Fwp%2Fv2%2Ftags&post=33026"}],"curies":[{"name":"wp","href":"https:\/\/api.w.org\/{rel}","templated":true}]}}