{"id":33014,"date":"2011-05-18T20:14:41","date_gmt":"2011-05-18T17:14:41","guid":{"rendered":"http:\/\/www.korhanyilmaz.com\/?p=33014"},"modified":"2011-05-18T20:14:41","modified_gmt":"2011-05-18T17:14:41","slug":"devletin-ucagiyla-urdune-nicin-gittin","status":"publish","type":"post","link":"http:\/\/www.korhanyilmaz.com\/?p=33014","title":{"rendered":"&#8216;Devletin u\u00e7a\u011f\u0131yla \u00dcrd\u00fcn&#8217;e ni\u00e7in gittin?"},"content":{"rendered":"<p style=\"text-align: center;\"><a href=\"http:\/\/www.korhanyilmaz.com\/wp-content\/uploads\/2011\/05\/238.jpg\"  class=\"lightview\"><img loading=\"lazy\" decoding=\"async\" class=\"aligncenter size-full wp-image-33015\" src=\"http:\/\/www.korhanyilmaz.com\/wp-content\/uploads\/2011\/05\/238.jpg\" alt=\"\" width=\"370\" height=\"245\" \/><\/a><\/p>\n<p style=\"text-align: justify;\">CHP lideri Kemal K\u0131l\u0131\u00e7daro\u011flu, Trabzon&#8217;dan Ba\u015fbakan Erdo\u011fan&#8217;a sordu: &#8220;Ben kendisine dedim ki: Hazreti \u00d6mer&#8217;in adaletinden s\u00f6z ediyorsan, \u00dcrd\u00fcn&#8217;e sen d\u00fc\u011f\u00fcn davetiyesi g\u00f6t\u00fcrd\u00fcn devletin u\u00e7a\u011f\u0131yla,sen \u00dcrd\u00fcn&#8217;e devletin u\u00e7a\u011f\u0131yla ni\u00e7in gittin?&#8221;<\/p>\n<p style=\"text-align: justify;\">TRABZON-\/ERZURUM- Geceyi Giresun&#8217;da ge\u00e7iren K\u0131l\u0131\u00e7daro\u011flu, karayoluyla geldi\u011fi Giresun-Trabzon il s\u0131n\u0131r\u0131nda partililerce \u00e7i\u00e7eklerle kar\u015f\u0131land\u0131. Buradan Be\u015fikd\u00fcz\u00fc il\u00e7e merkezine giden K\u0131l\u0131\u00e7daro\u011flu, parti otob\u00fcs\u00fc \u00fczerinden vatanda\u015flara hitap etti. <!--more--><\/p>\n<p style=\"text-align: justify;\">&#8221;Sizler iyi iseniz Kemal karde\u015finiz de iyidir&#8221; diyerek s\u00f6ze ba\u015flayan K\u0131l\u0131\u00e7daro\u011flu, &#8221;Siyaset halka do\u011frular\u0131 s\u00f6yleme, halka hizmet etme sanat\u0131 olmal\u0131. Siyaset, siyaset\u00e7inin zenginle\u015fti\u011fi de\u011fil, yapt\u0131\u011f\u0131 hizmetlerle halk\u0131n zenginle\u015fmesini \u00f6ng\u00f6ren bir alan olmal\u0131. Ama biz bunun tersini yapt\u0131k T\u00fcrkiye&#8217;de. Her t\u00fcrl\u00fc yalan, hile, uygunsuz i\u015fler siyasetin i\u00e7ine girdi. Ben siyasete girerken size s\u00f6z verdim. Her yerde, her ortamda halk\u0131ma do\u011frular\u0131 s\u00f6yleyece\u011fim, s\u00f6ylemeye de devam edece\u011fim&#8221; diye konu\u015ftu.<\/p>\n<p style=\"text-align: justify;\">Karadeniz i\u00e7in f\u0131nd\u0131\u011f\u0131n \u00e7ok \u00f6nemli oldu\u011funu belirten K\u0131l\u0131\u00e7daro\u011flu, \u015funlar\u0131 s\u00f6yledi:<\/p>\n<p style=\"text-align: justify;\">&#8221;Bu b\u00f6lgenin en \u00f6nemli \u00fcr\u00fcn\u00fc. Sadece bu b\u00f6lgenin de\u011fil, T\u00fcrkiye&#8217;nin en \u00f6nemli \u00fcr\u00fcn\u00fc. D\u00fcnyada bir numaray\u0131z, ancak f\u0131nd\u0131k \u00fcreticisi hakk\u0131n\u0131 hi\u00e7bir zaman alamad\u0131. \u0130ki s\u00f6z\u00fcm var bu konuda. F\u0130SKOB\u0130RL\u0130K&#8217;i yeniden aya\u011fa kald\u0131raca\u011f\u0131z. F\u0130SKOB\u0130RL\u0130K f\u0131nd\u0131k \u00fcreticisinin kara g\u00fcn dostu olacak. Orada \u00e7al\u0131\u015fan 3 bin ki\u015fiydi, \u00e7ok aza d\u00fc\u015ft\u00fcler, onlar bile maa\u015flar\u0131n\u0131 alam\u0131yorlar. Bu tabloyu de\u011fi\u015ftirece\u011fiz. \u0130kincisi, f\u0131nd\u0131k fiyatlar\u0131 \u00f6nceden, temmuz ay\u0131nda a\u00e7\u0131klanacak. Herkes bilecek. Ka\u00e7a alacak devlet, ona g\u00f6re t\u00fcccar araya girip girmemekte serbest olacak. Ama \u00f6nceden a\u00e7\u0131klamazsan\u0131z f\u0131nd\u0131k \u00fcreticisi mecburen ya tefecinin ya arac\u0131n\u0131n eline d\u00fc\u015f\u00fcyor. Bu da yanl\u0131\u015f bir uygulama. Bunu da de\u011fi\u015ftirece\u011fiz.&#8221;<\/p>\n<p style=\"text-align: justify;\">K\u0131l\u0131\u00e7daro\u011flu, f\u0131nd\u0131k borsas\u0131n\u0131 Karadeniz&#8217;de kuracaklar\u0131n\u0131 da dile getirerek, &#8221;D\u00fcnya f\u0131nd\u0131k fiyat\u0131n\u0131 Karadeniz, belirleyecek ve b\u00f6ylece d\u00fcnyada istikrarl\u0131 bir f\u0131nd\u0131k fiyat\u0131n\u0131n olu\u015fmas\u0131na yol a\u00e7aca\u011f\u0131z. Kimse \u00e7\u00f6zmedi biz \u00e7\u00f6zece\u011fiz. \u00c7\u00fcnk\u00fc biz al\u0131n terine de\u011fer veriyoruz. &#8216;Bizim cebimiz de\u011fil, vatanda\u015f\u0131n cebi para g\u00f6rs\u00fcn&#8217; diyoruz. Bu bizim s\u00f6z\u00fcm\u00fcz&#8221; dedi.<\/p>\n<p style=\"text-align: justify;\">&#8221;Bir evde tencere kaynamazsa, bir evde \u00e7ocuk yata\u011fa karn\u0131 doymam\u0131\u015f girerse o evde huzur olmaz&#8221; diyen K\u0131l\u0131\u00e7daro\u011flu, \u015f\u00f6yle konu\u015ftu:<\/p>\n<p style=\"text-align: justify;\">&#8221;Huzurun yolu, herkesin evinde ak\u015fam tencere kaynayacak, herkes ak\u015fam huzur i\u00e7inde yeme\u011fini yiyecek. 12 milyon 715 bin insan\u0131m\u0131z yoksul. Yoksullu\u011fu, aile sigortas\u0131 ile bitirece\u011fiz. &#8216;Paray\u0131 nereden bulacaks\u0131n?&#8217; diyorlar. Devlette uzun y\u0131llar hesap uzmanl\u0131\u011f\u0131 yapt\u0131m. Neyin ne oldu\u011funu \u00e7ok iyi bilirim. Kuru\u015fun hesab\u0131n\u0131 yapar\u0131m. Niye 600 lira diyorum da 650 lira demiyorum, niye 500 demiyorum. B\u00fct\u00fcn hesab\u0131, kitab\u0131, \u00e7al\u0131\u015fmalar\u0131 yapt\u0131k. E\u011fer sizlerden toplanan vergilerle, t\u00fcketmedi\u011finiz do\u011falgaz\u0131n bedeli olarak \u0130ran&#8217;a 2 milyar 600 milyon dolar bulurken, \u00f6derken &#8216;kayna\u011f\u0131 nerede?&#8217; diye sormuyorsunuz. 7 s\u00fclalelerini zengin ettiler, sormuyorlar, s\u0131ra vatanda\u015fa gelince &#8216;paray\u0131 nereden bulacaks\u0131n?&#8217; diyorlar. Para var, hi\u00e7 endi\u015fe etmeyin. O paray\u0131 alaca\u011f\u0131z. Bu memlekette yoksullu\u011fu y\u00f6netmek de\u011fil, yoksullu\u011fu tarihe g\u00f6mece\u011fiz. Hi\u00e7 kimse yoksul olmayacak. Hi\u00e7bir \u00e7ocuk yata\u011fa a\u00e7 girmeyecek. Her evde huzur, a\u015f olacak.&#8221;<\/p>\n<p style=\"text-align: justify;\">K\u0131l\u0131\u00e7daro\u011flu, emeklilerin sorunlar\u0131n\u0131 da \u00e7\u00f6zeceklerini belirterek, &#8221;Recep Bey&#8217;e g\u00f6re emekliler tatillerini Kanarya Adalar\u0131&#8217;nda ge\u00e7iriyor. Siz yapm\u0131yor musunuz \u00f6yle bir tatil? Emeklilerin durumunu iyi biliyorum. Emeklilerin derdini en \u00e7ok dile getiren genel ba\u015fkan benim&#8221; diye konu\u015ftu.<\/p>\n<p style=\"text-align: justify;\">Trabzonspor&#8217;u da \u00f6ven K\u0131l\u0131\u00e7daro\u011flu, \u015funlar\u0131 kaydetti:<\/p>\n<p style=\"text-align: justify;\">&#8221;Anadolu ihtilalini yapan Trabzonspor, Anadolu&#8217;ya ilk kez \u015fampiyonlu\u011fu getiren Trabzonspor. Trabzonspor, T\u00fcrk spor tarihinde \u00f6nemli devrimler yapm\u0131\u015f, imzalar atm\u0131\u015f bir tak\u0131m. Anadolu ihtilalini CHP yapt\u0131, sporda da Anadolu ihtilalini Trabzonspor yapt\u0131. Biz karde\u015fiz. Ayn\u0131 ihtilali in\u015fallah bundan sonra da s\u00fcrd\u00fcreceksiniz. G\u00f6nl\u00fcm\u00fcz Anadolu&#8217;da. Y\u00fcre\u011fimiz Anadolu&#8217;da at\u0131yor.&#8221;<\/p>\n<p style=\"text-align: justify;\">K\u0131l\u0131\u00e7daro\u011flu, partililerin a\u00e7t\u0131\u011f\u0131 bir d\u00f6viz \u00fczerindeki yaz\u0131ya da de\u011finerek, &#8221;Ne yaz\u0131yor? &#8216;\u0130la\u00e7ta rekor indirim yapt\u0131k&#8217; diyen AK Parti, bir kutuda 20 olan kaps\u00fcl\u00fc 10 kaps\u00fcle indirmi\u015f. Yar\u0131s\u0131 e\u015fittir \u00e7al\u0131nm\u0131\u015f&#8217;, \u00f6yle mi? Hangi ila\u00e7 bu. Ne g\u00fczel hizmet veriyorlar, 10 kaps\u00fcl\u00fc g\u00f6t\u00fcr\u00fcp fiyat yar\u0131ya indi diyeceksin&#8221; dedi.<\/p>\n<p style=\"text-align: justify;\">K\u0131l\u0131\u00e7daro\u011flu, konu\u015fman\u0131n ard\u0131ndan il\u00e7e \u00e7\u0131k\u0131\u015f\u0131nda kendisine ikram edilen Trabzon ekme\u011fiyle foto\u011fraf \u00e7ektirdi, tereya\u011fl\u0131 ekme\u011fin tad\u0131na bakt\u0131. K\u0131l\u0131\u00e7daro\u011flu, daha sonra miting i\u00e7in Tonya il\u00e7esine hareket etti.<\/p>\n<p style=\"text-align: justify;\">K\u0131l\u0131\u00e7daro\u011flu, partisince Trabzon Cumhuriyet Meydan\u0131&#8217;nda d\u00fczenlenen mitingde yapt\u0131\u011f\u0131 konu\u015fmada, bar\u0131\u015f ve huzur i\u00e7inde, annelerin sabahleyin \u00e7ocuklar\u0131n\u0131 kar\u0131nlar\u0131 doymu\u015f ve g\u00fcler y\u00fczle okula g\u00f6nderdi\u011fi bir T\u00fcrkiye&#8217;yi \u00f6zledi\u011fini belirterek, &#8221;Karde\u015f kavgas\u0131n\u0131n olmad\u0131\u011f\u0131, bar\u0131\u015f ve huzurun oldu\u011fu, herkesin huzur i\u00e7inde ya\u015fad\u0131\u011f\u0131, a\u015f\u0131n, i\u015fin oludu\u011fu bir T\u00fcrkiye&#8217;yi \u00f6zl\u00fcyoruz. Bu T\u00fcrkiye&#8217;yi kurmaya haz\u0131r m\u0131y\u0131z? Siz haz\u0131rsan\u0131z, Kemal karde\u015finiz zaten ba\u015ftan haz\u0131rd\u0131r&#8221; diye konu\u015ftu.<\/p>\n<p style=\"text-align: justify;\">Halka g\u00fcvenerek yola \u00e7\u0131kt\u0131\u011f\u0131n\u0131, halktan ba\u015fka kimseden emir ve talimat almayaca\u011f\u0131n\u0131 dile getiren K\u0131l\u0131\u00e7daro\u011flu, &#8221;Trabzon&#8221; demenin, &#8221;tarih, \u00fcniversite, al\u0131n teri d\u00f6kmek, f\u0131nd\u0131k, \u00e7\u00f6z\u00fcm ve Trabzonspor&#8221; demek oldu\u011funu, &#8221;yi\u011fit insanlar\u0131n bulundu\u011fu, do\u011fru bildi\u011fini sonuna kadar savundu\u011fu yer&#8221; demek oldu\u011funu ifade etti.<\/p>\n<p style=\"text-align: justify;\">K\u0131l\u0131\u00e7daro\u011flu, iktidar\u0131n YGS&#8217;de 1 milyon 700 bin \u00e7ocu\u011fun umudu ile oynad\u0131\u011f\u0131n\u0131 s\u00f6yleyerek, bu nedenle annelerin \u00e7ocuklar\u0131n\u0131n gelece\u011fi ile oynayan iktidara oy vermemesi gerekti\u011fini savundu. K\u0131l\u0131\u00e7dar\u011flu, &#8221;Allah a\u015fk\u0131na bir s\u0131nav\u0131 y\u00fcz\u00fcne g\u00f6z\u00fcne bulu\u015ftaran bir iktidar, T\u00fcrkiye&#8217;yi y\u00f6netebilir mi?&#8221; diye sordu.<\/p>\n<p style=\"text-align: justify;\">Bir s\u0131nav\u0131 beceremeyen siyasal iktidar\u0131n T\u00fcrkiye&#8217;yi sa\u011fl\u0131kl\u0131 y\u00f6netemeyece\u011fini \u00f6ne s\u00fcren K\u0131l\u0131\u00e7daro\u011flu, \u015funlar\u0131 s\u00f6yledi:<\/p>\n<p style=\"text-align: justify;\">&#8221;Sa\u011fl\u0131kl\u0131 y\u00f6netemez. Sa\u011fl\u0131kl\u0131 y\u00f6netseydi, bu \u00fclkede 12 milyon 715 bin yoksul olur muydu? Bu kadar g\u00fczel bir \u00fclkede her \u015feyimiz var, g\u00fcne\u015fimiz, topra\u011f\u0131m\u0131z, insan\u0131m\u0131z, denizimiz, ya\u011fmurumuz her \u015feyimiz bereketli ama bir bereketsiz iktidar var. Halka g\u00fcven vermeyen, cebine \u00e7al\u0131\u015fan iktidar var. Size s\u00f6z veriyorum: G\u00f6vdesini ben silkeliyorum, dallar\u0131n\u0131 da size emanet ediyorum ama sak\u0131n ola dallar\u0131n\u0131 silkeleyece\u011fim bir armut, bir elma d\u00fc\u015fer, bir \u015fey d\u00fc\u015fer diye beklemeyin, dikkat edin kafan\u0131za Recep Tayyip Erdo\u011fan d\u00fc\u015febilir. Neden bereketsiz diyorum, bereketsiz bir iktidar olmazsa 2,5 ayl\u0131k K\u00fcbra annesinin kuca\u011f\u0131nda \u00f6lmez, bereketsiz olmasa Diyarbak\u0131r&#8217;da bir anne 4 \u00e7ocu\u011funa sabah kahvalt\u0131s\u0131 veremedim diye intihar etmez.&#8221;<\/p>\n<p style=\"text-align: justify;\">B\u00f6yle bir \u00fclkeyi i\u00e7ine sindiremedi\u011fini vurgulayan K\u0131l\u0131\u00e7daro\u011flu, &#8221;Bu anlay\u0131\u015f\u0131 i\u00e7imize sindiremiyoruz. Benim \u00fclkem bereketli, insanlar\u0131 \u00e7al\u0131\u015fkan bir \u00fclke, yeni bir anlay\u0131\u015f, yeni siyasi iktidar halka yak\u0131n, halk\u0131n sorunlar\u0131n\u0131 bilen, halk\u0131n sorunlar\u0131na kilitlenmi\u015f, halka hizmet etmeyi g\u00f6rev bilen bir iktidara ihtiya\u00e7 var. O iktidar bizim iktidar\u0131m\u0131z, halk\u0131n iktidar\u0131 olacakt\u0131r&#8221; diye konu\u015ftu.<\/p>\n<p style=\"text-align: justify;\"><strong>&#8220;21. y\u00fczy\u0131l T\u00fcrkiyesinde hi\u00e7bir \u00e7ocuk, anne, ki\u015fi a\u00e7 kalmayacak&#8221;<\/strong><\/p>\n<p style=\"text-align: justify;\">K\u0131l\u0131\u00e7daro\u011flu, uygulamaya koyacaklar\u0131 aile sigortas\u0131 ile de a\u00e7l\u0131\u011f\u0131 tarihe g\u00f6meceklerini ifade ederek, \u015funlar\u0131 kaydetti:<\/p>\n<p style=\"text-align: justify;\">&#8221;21. y\u00fczy\u0131l T\u00fcrkiyesinde hi\u00e7bir \u00e7ocuk, anne, ki\u015fi a\u00e7 kalmayacak, yata\u011fa a\u00e7 girmeyecek elbette ki. Bak\u0131n bir \u015fey s\u00f6yleyece\u011fim: Siyasete at\u0131l\u0131rken s\u00f6z verdim &#8216;her yerde do\u011fru s\u00f6yleyece\u011fim&#8217; diye. Aile sigortas\u0131, CHP&#8217;nin buldu\u011fu bir sigorta dal\u0131 de\u011fil. Aile sigortas\u0131, Uluslararas\u0131 \u00c7al\u0131\u015fma \u00d6rg\u00fct\u00fcn\u00fcn kabul etti\u011fi a\u015fa\u011f\u0131 yukar\u0131 b\u00fct\u00fcn devletlerin uygulad\u0131\u011f\u0131, 102 say\u0131l\u0131 s\u00f6zle\u015fmeye dahildir. Bu s\u00f6zle\u015fme, 9 sigorta dal\u0131ndan s\u00f6z eder ve T\u00fcrkiye 9 sigorta dal\u0131n\u0131 uygulayaca\u011f\u0131n\u0131 1971 y\u0131l\u0131nda taahh\u00fct etmi\u015f. 8&#8217;i T\u00fcrkiye&#8217;de uygulan\u0131yor emekli, sa\u011fl\u0131k, ya\u015fl\u0131l\u0131k, anal\u0131k, i\u015f kazas\u0131, meslek hastal\u0131\u011f\u0131 sigortas\u0131 gibi. Dokuzuncu sigorta dal\u0131 aile sigortas\u0131. Aile sigortas\u0131, uygulanm\u0131yor. 40 y\u0131l ge\u00e7ti aradan, 1971-2011 40 y\u0131ld\u0131r uygulanmas\u0131n\u0131 bekledi\u011fimiz, devletin taahh\u00fct etti\u011fi sigorta dal\u0131 uygulanm\u0131yor. Ni\u00e7in uygulanm\u0131yor? Nedeni \u015fu; &#8216;ben getireyim makarna, ekmek, k\u00f6m\u00fcr, bulgur vereyim bana minnet duysun, bana oy versin&#8217; diye. Yoksulun yoksullu\u011funu s\u00f6m\u00fcrmek en b\u00fcy\u00fck g\u00fcnaht\u0131r, afi\u015fe etmek inanc\u0131m\u0131zda da insanl\u0131kta da do\u011fru de\u011fildir.&#8221;<\/p>\n<p style=\"text-align: justify;\">CHP Genel Ba\u015fkan\u0131 Kemal K\u0131l\u0131\u00e7daro\u011flu, insanlara kimseye minnet, ihtiya\u00e7 duymadan aile sigortas\u0131yla ekonomik g\u00fcvence getirmek istediklerini ifade ederek, &#8221;Diyorlar ki: Neden bu paray\u0131 veriyorsun, millet yan gelir yatar. Biliyorsunuz bunu s\u00f6yleyen adam, bir sefer askerler i\u00e7in de s\u00f6ylemi\u015fti &#8216;askerlik yan gelip yatma yeri de\u011fildir&#8217; diye. 600 liray\u0131 verece\u011fiz. Bizim bunu tamamlayan bir ba\u015fka projemiz daha var&#8221; dedi.<\/p>\n<p style=\"text-align: justify;\">K\u0131l\u0131\u00e7daro\u011flu, kendilerinin d\u00fc\u015f\u00fcnd\u00fckleri model ile \u00e7ocu\u011fun do\u011fumundan \u00f6l\u00fcm\u00fcne kadar sosyal devletin korumas\u0131 alt\u0131nda olaca\u011f\u0131n\u0131 ve namerde muhta\u00e7 olmayaca\u011f\u0131n\u0131 da s\u00f6yledi.<\/p>\n<p style=\"text-align: justify;\"><strong>&#8220;Askerli\u011fi 6 aya indirece\u011fim&#8221;<\/strong><\/p>\n<p style=\"text-align: justify;\">Gen\u00e7lere &#8216;iyi misiniz&#8217; diye seslenen K\u0131l\u0131\u00e7daro\u011flu, &#8221;Eskiden gen\u00e7ler siyasete biraz uzak dururdu. \u015eimdi art\u0131k gen\u00e7ler \u00fclkemizin gelece\u011fi, umudu. \u00dclkenin sorunlar\u0131n\u0131 biliyorlar, sorunlar\u0131na kilitlendiler ve sorunlar\u0131n\u0131 \u00e7\u00f6zecekler. Gelece\u011fin valileri, kaymakamlar\u0131, bakanlar\u0131, milletvekilleri, doktorlar\u0131, m\u00fchendisleri onlar olacak. Onlar sanatkar olacak, onlar ayn\u0131 zamanda asker olacaklar ve \u00fclkelerini savunacaklar. Onlara bir s\u00f6z\u00fcm var, 15 ay askerli\u011fi \u00f6nce 9 aya sonra 6 aya indirece\u011fim&#8221; dedi.<\/p>\n<p style=\"text-align: justify;\">K\u0131l\u0131\u00e7daro\u011flu, gen\u00e7lerin daha k\u0131sa s\u00fcre askerlik yapacaklar\u0131n\u0131 ifade ederek, &#8221;9 ay askerlik konusuna Recep Bey&#8217;den bir itiraz, &#8216;efendim bu memleketi kim savunacak.&#8217; Cevab\u0131n\u0131 vereyim mi? Peki sevgili Recep Bey, senin o\u011flun 21 g\u00fcn askerlik yaparken hi\u00e7 akl\u0131na gelmedi mi bu memleketi kim savunacak ama vatanda\u015f\u0131n o\u011flu 9 ay askerlik yapacak diyorsun ki &#8216;bu memleketi kim savunacak.&#8217; Buradan cevap veriyorum: Biz, bu memleketi savunmak i\u00e7in yeri gelirse de\u011fil 9 ay, 9 y\u0131l askerlik yapar\u0131z. Di\u015fimizle, t\u0131rna\u011f\u0131m\u0131zla, iman g\u00fcc\u00fcm\u00fczle \u00fclkemizi savunuruz. Sen \u015f\u00f6yle kenarda dur&#8221; diye konu\u015ftu.<\/p>\n<p style=\"text-align: justify;\"><strong>&#8221;D\u00fcn konu\u015furken gene bir s\u00fcr\u00fc hakaretler, k\u00fcf\u00fcrler yapt\u0131&#8221;<\/strong><\/p>\n<p style=\"text-align: justify;\">K\u0131l\u0131\u00e7daro\u011flu, konu\u015fmas\u0131n\u0131 \u015f\u00f6yle s\u00fcrd\u00fcrd\u00fc:<\/p>\n<p style=\"text-align: justify;\">&#8221;D\u00fcn konu\u015furken gene bir s\u00fcr\u00fc hakaretler, k\u00fcf\u00fcrler yapt\u0131. Ben bir \u015fey demeyece\u011fim ona, onu Allah&#8217;a havale ediyorum. Rahmetli babam derdi ki: O\u011flum sen do\u011fru dur, e\u011fri belas\u0131n\u0131 bulur. Zaten diyorum ya ezberini bozdum, kimyada gitti, fizik zaten yok, \u015fifresini de \u00e7\u00f6zd\u00fcm.<\/p>\n<p style=\"text-align: justify;\">Recep Bey&#8217;den itiraflar b\u00f6l\u00fcm\u00fc ba\u015flad\u0131. Ge\u00e7en bir bakan\u0131yla ilgili bir \u015fey s\u00f6yledim. Kalkt\u0131 bir s\u00fcr\u00fc laf dedi, k\u00fcf\u00fcrler, vesaire. Allah b\u00fcy\u00fckt\u00fcr, hikmetinden sual olunmaz. O bunu s\u00f6yledi, onun bakan\u0131 \u00e7\u0131kt\u0131 dedi ki: O bakan benim. Diyorum ya Allah b\u00fcy\u00fckt\u00fcr diye, sonra dedi ki sen onu s\u00f6yl\u00fcyorsun bak milletvekili listelerini yapt\u0131k, bakanlar\u0131m\u0131ndan baz\u0131lar\u0131 bu listeye girmedi. Ni\u00e7in, yolsuzluk yapt\u0131klar\u0131 i\u00e7in. \u015eimdi T\u00fcrkiye Cumhuriyeti tarihinde ilk kez bir Ba\u015fbakan kendi bakanlar\u0131n\u0131n yolsuzluk yapt\u0131\u011f\u0131n\u0131 itiraf etti. Hepimizin hakk\u0131 var, \u00e7\u0131k o yolsuzluk yapan bakanlar\u0131n\u0131n ad\u0131n\u0131 a\u00e7\u0131kla. Hakk\u0131m\u0131z yok mu? Kul hakk\u0131 yiyen birisini sen bakan yapt\u0131n diyorsun ki \u015fimdi &#8216;onu listeye koymad\u0131m&#8217; iyi de adam, zaten d\u00fcnyal\u0131\u011f\u0131n\u0131 yapt\u0131. Bu saatten sonra ne olacak, bu millete hesab\u0131n\u0131 verecek mi? Niye arkas\u0131nda duruyorsun onun. Kul hakk\u0131 yiyenlerden hesap sorulacak tarih 12 Haziran.&#8221;<\/p>\n<p style=\"text-align: justify;\"><strong>&#8220;Ben, sana icazet vermem&#8221;<\/strong><\/p>\n<p style=\"text-align: justify;\">K\u0131l\u0131\u00e7daro\u011flu, \u00fczerinde &#8216;Recep Alex&#8217;i bakan yapt\u0131&#8217; yaz\u0131l\u0131 pankart\u0131 okuyarak, \u015f\u00f6yle devam etti:<\/p>\n<p style=\"text-align: justify;\">&#8221;Bir Ba\u015fbakan, &#8216;benim bakanlar\u0131m yolsuzluk yapt\u0131&#8217; diyor. Biz de biliyoruz zaten yapt\u0131klar\u0131n\u0131, \u015fimdi o bakanlar geliyor beni buluyorlar &#8216;Kemal Bey ne olursunuz benim d\u00fcr\u00fcst oldu\u011fumu s\u00f6yle Allah a\u015fk\u0131na.&#8217; Tabii komik bir \u015fey&#8230; Ya karde\u015fim yolsuzluk yapt\u0131\u011f\u0131n\u0131 s\u00f6yleyen ben de\u011filim, senin ba\u015fbakan\u0131n s\u00f6yl\u00fcyor bunu. Niye gidip ona demiyorsun ki &#8216;Say\u0131n Ba\u015fbakan ben namuslu adam\u0131m, bana b\u00f6yle diyemezsin.&#8217; Diyebiliyor mu, diyemiyor. Gelmi\u015f benden icazet istiyor. Ben sana icazet vermem, ben d\u00fcr\u00fcst, namuslu adama icazet veririm. Sen d\u00fcr\u00fcst adamsan \u00e7\u0131k ortaya Ba\u015fbakandan hesab\u0131n\u0131 sor.&#8221;<\/p>\n<p style=\"text-align: justify;\"><strong>Emeklilerin durumu<\/strong><\/p>\n<p style=\"text-align: justify;\">Emeklilerin durumlar\u0131na da de\u011finen K\u0131l\u0131\u00e7daro\u011flu, miting alan\u0131ndakilere kinayeli bir \u015fekilde &#8221;E\u011fri oturup do\u011fru konu\u015fal\u0131m en iyi durumda olan emekliler&#8221; diye seslendi, olumsuz yan\u0131t al\u0131nca &#8221;\u0130yi de\u011fil mi durum? Yapmay\u0131n, Allah Allah bir yanl\u0131\u015fl\u0131k var bu i\u015fte&#8221; diyen K\u0131l\u0131\u00e7daro\u011flu, \u015f\u00f6yle devam etti:<\/p>\n<p style=\"text-align: justify;\">&#8221;Ne zaman Mecliste konu\u015fsam, arkada\u015flar\u0131m konu\u015fsa bir cevap, &#8216;efendim siz zaten milletten kopuksunuz, zaten milletin aras\u0131na girmiyorsunuz, emeklilerin durumu \u00e7ok iyi, onlar yaz tatillerini Kanarya adalar\u0131nda ge\u00e7iriyorlar, sizin haberiniz yok. Tatilleri \u00e7ok uzun, se\u00e7im d\u00f6neminde T\u00fcrkiye&#8217;ye geliyorlar, sand\u0131kta AKP&#8217;ye oy veriyorlar. Yoksa biz nas\u0131l tek ba\u015f\u0131na iktidar oluruz.&#8217; D\u00fc\u015f\u00fcnd\u00fck, &#8216;herhalde biz yanl\u0131\u015f biliyoruz&#8217; dedik.<\/p>\n<p style=\"text-align: justify;\">Emeklilerin durumunun iyi olmad\u0131\u011f\u0131n\u0131 ben de biliyorum, i\u015fin \u015fakas\u0131 bir tarafa emeklilerin milli gelir art\u0131\u015f\u0131ndan pay almas\u0131 gerekti\u011fini s\u00f6yledik. 5510 say\u0131l\u0131 yasa \u00e7\u0131kt\u0131\u011f\u0131 zaman biz parlamentoda Genel Kurulu, emekliler i\u00e7in terk ettik, &#8217;emekliye bu zulm\u00fc yapamazs\u0131n\u0131z&#8217; dedik ama se\u00e7im oldu, hepiniz ko\u015fa ko\u015fa gitti AK Parti&#8217;ye oy verdi, do\u011fru mu? Birbirimizi kand\u0131rmayal\u0131m, her yerde do\u011frular\u0131 s\u00f6yleyece\u011fiz.<\/p>\n<p style=\"text-align: justify;\">Emeklinin en \u00e7ok hakk\u0131n\u0131 savunan benim, &#8216;milli gelir art\u0131\u015f\u0131ndan pay almas\u0131 laz\u0131m&#8217; diyen benim, &#8216;intibak yayas\u0131 \u00e7\u0131kmas\u0131 laz\u0131m&#8217; diyen benim, oyu AKP alacak, niye? Bu se\u00e7imlerde 9 milyon emeklinin 9 milyonunun da oyunu bekliyorum. Bir tek fire bile istemiyorum. Emekli karde\u015flerime s\u00f6yl\u00fcyorum, diyorsan\u0131z &#8216;benim durumum \u00e7ok iyi, iyi ge\u00e7iniyoruz, ger\u00e7ekten Kanarya adalar\u0131nda yaz tatili yap\u0131yoruz&#8217; diyorsan\u0131z oyunuzu verin. Hi\u00e7 itiraz etmem ama &#8216;durumumuz iyi de\u011fil, peri\u015fan olduk, T\u00dcFE fark\u0131n\u0131 bile alamad\u0131k&#8217; diyorsan\u0131z, s\u0131rt\u0131n\u0131z\u0131 AKP&#8217;ye d\u00f6n\u00fcn, kar\u015f\u0131s\u0131nda CHP&#8217;yi g\u00f6receksiniz, halk\u0131n partisini g\u00f6receksiniz. Oyunuzu gideceksiniz CHP&#8217;ye vereceksiniz.&#8221;<\/p>\n<p style=\"text-align: justify;\"><strong>&#8220;F\u0131nd\u0131\u011f\u0131n fiyat\u0131n\u0131 hasattan \u00f6nce a\u00e7\u0131klayaca\u011f\u0131z&#8221;<\/strong><\/p>\n<p style=\"text-align: justify;\">\u00a0K\u0131l\u0131\u00e7daro\u011flu, \u00fczerinde &#8216;zalimin Recep&#8217;i varsa, mazlumun Kemal&#8217;i var&#8217; yaz\u0131l\u0131 pankart\u0131 okuduktan sonra, &#8221;Ben sizin Kemal&#8217;inizim, sizin i\u00e7in \u00e7al\u0131\u015faca\u011f\u0131m&#8221; dedi.<\/p>\n<p style=\"text-align: justify;\">Kitab\u0131nda, siyasette zenginle\u015fmek bulunmad\u0131\u011f\u0131n\u0131 belirten K\u0131l\u0131\u00e7daro\u011flu, \u015f\u00f6yle devam etti:<\/p>\n<p style=\"text-align: justify;\">&#8221;Arkada\u015f yazm\u0131\u015f, 2002&#8217;de t\u00fcp fiyat\u0131 2 lira, 2011&#8217;de 65 lira, 2002&#8217;de f\u0131nd\u0131k 7 lira, 2011&#8217;de 4 lira. &#8216;\u00c7akma AKP milliyet\u00e7ili\u011fi&#8217; diyoruz. Nas\u0131l oluyor da f\u0131nd\u0131kta bir numaray\u0131z, fiyat\u0131 Hamburg Borsas\u0131 belirliyor. Niye? B\u00fct\u00fcn f\u0131nd\u0131k \u00fcreticilerine s\u00f6z\u00fcm var. F\u0131nd\u0131\u011f\u0131n fiyat\u0131n\u0131 hasattan \u00f6nce a\u00e7\u0131klayaca\u011f\u0131z. Onu tefeciye, arac\u0131ya mahkum ettirmeyece\u011fiz. F\u0131nd\u0131k borsas\u0131 Karadeniz&#8217;de olacak. D\u00fcnya f\u0131nd\u0131k fiyatlar\u0131n\u0131 Karadeniz belirleyecek. F\u0130SKOB\u0130RL\u0130K&#8217;i yeniden aya\u011fa kald\u0131raca\u011f\u0131z, f\u0131nd\u0131k \u00fcreticisinin kara g\u00fcn dostu olacak. Ben f\u0131nd\u0131k \u00fcretece\u011fim, al\u0131n teri d\u00f6kece\u011fim, paras\u0131n\u0131 ba\u015fkas\u0131 yiyecek, olur mu b\u00f6yle \u015fey?<\/p>\n<p style=\"text-align: justify;\">Sizden iste\u011fim var, sand\u0131\u011fa giderken elinizi vicdan\u0131n\u0131z\u0131n \u00fczerine koyun bir d\u00fc\u015f\u00fcn\u00fcn, bu g\u00fczel \u00fclkede her \u015fey var. Bu g\u00fczel \u00fclkeye yurt d\u0131\u015f\u0131ndan niye ithal kurbanl\u0131k geliyor? Bizim besicimiz mi, yaylalar\u0131m\u0131z m\u0131, meralar\u0131m\u0131z m\u0131, suyumuz mu, g\u00fcne\u015fimiz mi yok? Hepsi var. Cennet gibi bir \u00fclkede ya\u015f\u0131yoruz ama bu h\u00fck\u00fcmet milleti peri\u015fan etti.&#8221;<\/p>\n<p style=\"text-align: justify;\">K\u0131l\u0131\u00e7daro\u011flu, bir ki\u015finin &#8216;padi\u015fah&#8217; diye, seslenmesi \u00fczerine s\u00f6zlerini s\u00f6yle s\u00fcrd\u00fcrd\u00fc:<\/p>\n<p style=\"text-align: justify;\">&#8221;Var m\u0131 \u00f6yle bir padi\u015fah? Kendisini padi\u015fah sanan var. Onu koltu\u011fundan indirece\u011fim, yeniden ulusal Kurtulu\u015f Sava\u015f\u0131 vererek, Cumhuriyeti yeniden kuraca\u011f\u0131z. Ben inan\u0131yorum 13 Haziran&#8217;da T\u00fcrkiye Trabzon&#8217;la gurur duyacak. Y\u00fcrekten inan\u0131yorum ben buna. 13 Haziran&#8217;dan sonra ilk 4 ay i\u00e7inde aile sigortas\u0131 kurumunu kuraca\u011f\u0131z, siyasi ahlak yasas\u0131n\u0131 \u00e7\u0131karaca\u011f\u0131z, ta\u015feronlu\u011fu bitirece\u011fiz, \u00f6\u011frenci yurtlar\u0131yla ilgili TOK\u0130&#8217;ye g\u00f6rev verece\u011fiz. Hi\u00e7bir \u00e7ocu\u011fun yata\u011fa a\u00e7 girmeyece\u011fi, aile sigortas\u0131 kurumuyla beraber d\u00fc\u011fmeye basaca\u011f\u0131z.&#8221;<\/p>\n<p style=\"text-align: justify;\"><strong>&#8220;\u00c7\u0131k kar\u015f\u0131ma!&#8221;<\/strong><\/p>\n<p style=\"text-align: justify;\">Ba\u015fbakan Erdo\u011fan&#8217;\u0131n, Sosyal Sigortalar Kurumunda \u00e7al\u0131\u015ft\u0131\u011f\u0131 d\u00f6nemle alakal\u0131 a\u00e7\u0131klamalar\u0131 oldu\u011funu ifade eden K\u0131l\u0131\u00e7daro\u011flu, \u015funlar\u0131 kaydetti:<\/p>\n<p style=\"text-align: justify;\">&#8221;Say\u0131n Erdo\u011fan diyor ki: O Sosyal Sigortalar Kurumundayken \u015funu yapt\u0131, bunu yapt\u0131&#8230; Bir s\u00fcr\u00fc \u015fey s\u00f6yl\u00fcyor. Ne s\u00f6ylerse s\u00f6ylesin, ben ne yapt\u0131\u011f\u0131m\u0131z\u0131 biliyorum. Bo\u011faz\u0131mdan a\u015fa\u011f\u0131ya haram lokma inmedi, kendime de g\u00fcveniyorum ama ona yi\u011fitlerin harman oldu\u011fu Trabzon&#8217;dan \u00e7a\u011fr\u0131m var. Diyorum ki: Devletin b\u00fct\u00fcn imkanlar\u0131 senin elinde, istedi\u011fin belgeyi, dok\u00fcman\u0131 al gel kar\u015f\u0131ma. Senin istedi\u011fin televizyon kanal\u0131nda, senin istedi\u011fin gazetecilerle sen bana soru sor, Kemal karde\u015fin cevaplas\u0131n, ben sana soru soray\u0131m sen de cevapla. &#8216;Ben ustay\u0131m, o \u00e7\u0131rak&#8217; diyor. Ben de diyorum ki: Yi\u011fit adamsan \u00e7\u0131kars\u0131n kar\u015f\u0131ma, ben sana kim usta, kim \u00e7\u0131rak, adam gibi g\u00f6steririm. Recep Tayyip Erdo\u011fan kar\u015f\u0131ma \u00e7\u0131kabilir mi, niye \u00e7\u0131kamaz? Kemal karde\u015finizin kar\u015f\u0131s\u0131na \u00e7\u0131kmas\u0131 i\u00e7in bir, ge\u00e7mi\u015finin temiz olmas\u0131 laz\u0131m; iki, kul hakk\u0131 yememesi laz\u0131m; \u00fc\u00e7, mangal gibi y\u00fcrek laz\u0131m. Bir adam d\u00fc\u015f\u00fcn\u00fcn, korkudan kar\u015f\u0131ma \u00e7\u0131km\u0131yor bir de memleketi y\u00f6netecek. \u00d6yle sa\u011fda solda efelenmesin, gelsin kar\u015f\u0131ma efelensin bende ona g\u00f6stereyim.&#8221;<\/p>\n<p style=\"text-align: justify;\"><strong>&#8220;Sen \u00dcrd\u00fcn&#8217;e devletin u\u00e7a\u011f\u0131yla ni\u00e7in gittin&#8221;<\/strong><\/p>\n<p style=\"text-align: justify;\">K\u0131l\u0131\u00e7daro\u011flu, Ba\u015fbakan Erdo\u011fan&#8217;\u0131n Hazreti \u00d6mer&#8217;in adaletinden bahsetti\u011fini vurgulayarak, &#8221;Hazreti \u00d6mer, sadece \u0130slam aleminde de\u011fil, b\u00fct\u00fcn d\u00fcnyada adaletiyle bilinen, adaletiyle simgele\u015fmi\u015f g\u00fczel bir insand\u0131r. Hazreti \u00d6mer&#8217;in adaleti deyince akan sular durur. Hazreti \u00d6mer, kendi i\u015fini yaparken kendi mumunu, devletin i\u015fini yaparken devletin mumunu yakacak kadar adildi. Ben kendisine dedim ki: Hazreti \u00d6mer&#8217;in adaletinden s\u00f6z ediyorsan, \u00dcrd\u00fcn&#8217;e sen d\u00fc\u011f\u00fcn davetiyesi g\u00f6t\u00fcrd\u00fcn devletin u\u00e7a\u011f\u0131yla, fakir fukaran\u0131n vergisiyle g\u00f6t\u00fcrd\u00fcn. Etmedi\u011fi k\u00fcf\u00fcr kalmad\u0131. \u015eimdi Trabzon&#8217;dan bir daha soruyorum, sen \u00dcrd\u00fcn&#8217;e devletin u\u00e7a\u011f\u0131yla ni\u00e7in gittin?<\/p>\n<p style=\"text-align: justify;\">\u00c7\u0131kt\u0131n Teke Tek program\u0131nda dedin ki: O gezi resmi bir gezi de\u011fildir. T\u00fcrkiye Cumhuriyeti&#8217;nin Ba\u015fbakan\u0131, resmi gezi de\u011filse, devletin resmi u\u00e7a\u011f\u0131yla \u00dcrd\u00fcn&#8217;e niye gitti? E\u011fer tarihini unutmu\u015fsa tarihini de verece\u011fim. \u0130ki milletvekilimiz soru \u00f6nergesi verdiler 2004 y\u0131l\u0131nda. 2004, 2011 niye cevap vermedin? Temiz, ahlakl\u0131 adam sorulara cevap vermez mi? Meclisin \u0130\u00e7t\u00fcz\u00fc\u011f\u00fcne g\u00f6re 15 g\u00fcnde cevap verilmesi laz\u0131m. De\u011fil 15 g\u00fcn 15 y\u0131lda da veremez de\u011fil mi?&#8221; dedi.<\/p>\n<p style=\"text-align: justify;\">K\u0131l\u0131\u00e7daro\u011flu, h\u00fck\u00fcmetin d\u0131\u015f politikas\u0131n\u0131 da ele\u015ftirerek, &#8221;CHP&#8217;nin gelene\u011finde, dokular\u0131nda Kuvay\u0131milliye vard\u0131r. Talimat\u0131 bir yerden almaz, kimsenin \u00f6n\u00fcnde diz \u00e7\u00f6kmez, halka sayg\u0131 duyar ve talimat\u0131 sadece halktan al\u0131r&#8221; dedi.<\/p>\n<p style=\"text-align: justify;\"><strong>K\u0131l\u0131\u00e7daro\u011flu Erzurum&#8217;da<\/strong><\/p>\n<p style=\"text-align: justify;\">K\u0131l\u0131\u00e7daro\u011flu, Trabzon mitinginin ard\u0131ndan \u00f6zel u\u00e7ak ile Erzurum&#8217;a geldi. K\u0131l\u0131\u00e7daro\u011flu&#8217;nun havaliman\u0131 ini\u015finden \u00f6nce CHP Erzurum Milletvekili Aday\u0131 Ahmet Paland\u00f6ken ile havaliman\u0131 g\u00f6revlileri aras\u0131nda k\u0131sa s\u00fcreli bir tart\u0131\u015fma ya\u015fand\u0131. K\u0131l\u0131\u00e7daro\u011flu&#8217;nu kar\u015f\u0131lamak \u00fczere havaliman\u0131na gelen Erzurum &#8220;Bar Halk Oyunlar\u0131&#8221; ekibinin VIP salonuna al\u0131nmamas\u0131na tepki g\u00f6steren Ahmet Paland\u00f6ken, &#8220;Ben iktidar\u0131 da edepli olmaya davet ediyorum. Emniyeti de y\u0131pratt\u0131lar&#8221; diyerek VIP salonunu terk etti ve K\u0131l\u0131\u00e7daro\u011flu&#8217;nu salonun d\u0131\u015f\u0131nda kar\u015f\u0131lad\u0131. K\u0131l\u0131\u00e7daro\u011flu, havaliman\u0131nda partililerce kar\u015f\u0131lan\u0131rken, halk oyunlar\u0131 ekibi de Erzurum y\u00f6resine ait &#8220;Bar Halk Oyununu&#8221; sergiledi.<\/p>\n<p style=\"text-align: justify;\">K\u0131l\u0131\u00e7daro\u011flu havaliman\u0131ndan \u015fehir merkezine parti otob\u00fcs\u00fc ile giderken, Il\u0131ca Atl\u0131 Spor Kul\u00fcb\u00fc&#8217;nden bir cirit tak\u0131m\u0131, bir s\u00fcre atlar ile CHP otob\u00fcs\u00fcne e\u015flik etti. Mitingin yap\u0131ld\u0131\u011f\u0131 Erzurum \u0130stasyon Meydan\u0131&#8217;nda bulunan partililer de &#8220;AKP&#8217;nin Huyu Erzurum&#8217;un Suyu Bozuk&#8221;, &#8220;Dada\u015f Evsiz AKP Sessiz&#8221;, &#8220;Tayyip&#8217;in Zulm\u00fc Varsa Dada\u015f\u0131n Kemal&#8217;i Var&#8221;, &#8220;Sanal Sans\u00fcre Hay\u0131r&#8221;, &#8220;Buras\u0131 Erzurum Ad\u0131m\u0131z Dada\u015f, Yava\u015f Tayyip Yava\u015f&#8221; d\u00f6vizleriyle ve &#8220;Ba\u015fbakan Kemal&#8221; sloganlar\u0131yla kar\u015f\u0131lad\u0131. K\u0131l\u0131\u00e7daro\u011flu, bir saat gecikmeli olarak ger\u00e7ekle\u015ftirdi\u011fi konu\u015fmas\u0131n\u0131n b\u00fcy\u00fck bir b\u00f6l\u00fcm\u00fcn\u00fc Erzurum&#8217;un sorunlar\u0131na ay\u0131rd\u0131. K\u0131l\u0131\u00e7daro\u011flu, Erzurum&#8217;a ilk olarak 1960&#8217;l\u0131 y\u0131llarda geldi\u011fini, o y\u0131llarda b\u00f6lgenin cazibe merkezi olan Erzurum&#8217;un &#8220;Do\u011funun Paris&#8221;i olarak an\u0131ld\u0131\u011f\u0131n\u0131 kaydederek, &#8220;Gelenler hep Erzurum&#8217;un rant\u0131n\u0131 yediler, hep k\u00f6\u015feyi d\u00f6nd\u00fcler ama Erzurum hep kaybetti. Milletvekili say\u0131s\u0131 sekizdi alt\u0131ya d\u00fc\u015ft\u00fc&#8221; dedi. K\u0131l\u0131\u00e7daro\u011flu, Erzurum&#8217;un yeniden aya\u011fa kalkmas\u0131 i\u00e7in yeni, halktan bir iktidar anlay\u0131\u015f\u0131na ihtiyac\u0131 oldu\u011funu vurgulad\u0131. \u0130\u015fsizli\u011fin, Erzurum&#8217;un en b\u00fcy\u00fck sorunlar\u0131ndan biri oldu\u011funu dile getiren K\u0131l\u0131\u00e7daro\u011flu, &#8220;Bizim ilk derdimiz i\u015f ve a\u015f, i\u015fin ve a\u015f\u0131n oldu\u011fu yerde bar\u0131\u015f, huzur, karde\u015flik ve dostluk olur&#8221; diye konu\u015ftu. Miting alan\u0131nda bulunan &#8220;Atat\u00fcrk \u00dcniversitesi Kurulu\u015f 1957, Yanl\u0131\u015f Olmas\u0131n&#8221; d\u00f6vizine g\u00f6ndermede bulunan K\u0131l\u0131\u00e7daro\u011flu, &#8220;Sizin haberiniz var m\u0131 Recep Bey dedi ki ODT\u00dc&#8217;y\u00fc de ben kurdum. Erzurum&#8217;a gelince Atat\u00fcrk \u00dcniversitesi&#8217;ni de ben kurdum diyecek&#8221; \u015feklinde konu\u015ftu.<\/p>\n<p style=\"text-align: justify;\"><strong>&#8220;Milletvekilimiz yok ama Erzurumlunun hakk\u0131n\u0131 CHP koruyor&#8221;<\/strong><\/p>\n<p style=\"text-align: justify;\">K\u0131l\u0131\u00e7daro\u011flu, Erzurum&#8217;un dada\u015flar kenti oldu\u011funu ve Nene Hatunlar yeti\u015ftirdi\u011fini belirterek, &#8220;Aya\u011fa kalk Erzurum, aya\u011fa kalk ve hakk\u0131n\u0131 ara, niye benim milletvekili say\u0131m alt\u0131ya d\u00fc\u015ft\u00fc&#8221; dedi. Erzurum&#8217;daki \u015feker fabrikas\u0131n\u0131n \u00f6zelle\u015ftirilmesinin g\u00fcndemde oldu\u011funu belirten K\u0131l\u0131\u00e7daro\u011flu, &#8220;Do\u011fu ve G\u00fcneydo\u011fu&#8217;da bir tek \u00f6zelle\u015ftirme bile olmayacak, herkes \u00e7al\u0131\u015facak, herkesin kadrosu olacak&#8221; dedi.<\/p>\n<p style=\"text-align: justify;\">K\u0131l\u0131\u00e7daro\u011flu, meydandaki &#8220;AKP&#8217;nin Huyu, Erzurum&#8217;un Suyu Bozuk&#8221; d\u00f6vizine de g\u00f6ndermede bulunarak, &#8220;Erzurumlu bu suya lay\u0131k m\u0131? Bu suyu parlamentoda ilk kez dile getiren CHP&#8217;dir. Milletvekilimiz yok ama Erzurumlunun hakk\u0131n\u0131 CHP koruyor&#8221; ifadesinde bulundu.<\/p>\n<p style=\"text-align: justify;\">K\u0131l\u0131\u00e7daro\u011flu, mevcut Erzurum milletvekillerini kentin sorunlar\u0131n\u0131 Meclis&#8217;in g\u00fcndemine ta\u015f\u0131mad\u0131\u011f\u0131n\u0131 dile getirerek, &#8220;Erzurumlulardan \u015fikayetim var. AKP&#8217;ye oy vermeye devam ederseniz, \u00f6n\u00fcm\u00fczdeki se\u00e7imlerde milletvekili say\u0131n\u0131z d\u00f6rde d\u00fc\u015fer, ondan sonra ikiye d\u00fc\u015fer, ondan sonra da zaten belediyeyi kald\u0131r\u0131rlar. Sizden iste\u011fim var hakk\u0131n\u0131za sahip \u00e7\u0131k\u0131n. Erzurumlular\u0131n hakk\u0131n\u0131 savunmayanlar\u0131 siz de savunmay\u0131n, o partiyi 12 Haziran&#8217;da sand\u0131\u011fa g\u00f6m\u00fcn&#8221; \u015feklinde konu\u015ftu.<\/p>\n<p style=\"text-align: justify;\">K\u0131l\u0131\u00e7daro\u011flu, Cumhuriyet tarihinde ilk kez yurt d\u0131\u015f\u0131ndan ithal hayvan getirildi\u011fini an\u0131msatarak, \u015f\u00f6yle devam etti:<\/p>\n<p style=\"text-align: justify;\">&#8220;Erzurumlu g\u00fczel \u015feylere lay\u0131k. Erzurumlu hep kaybediyor ama hep kaybetti\u011fi partiye veriyor. O nedenle bu se\u00e7imlerde sand\u0131\u011fa giderken 1 milyon 700 bin \u00e7ocu\u011fumuzun hakk\u0131 i\u00e7in gidelim.&#8221;<\/p>\n<p style=\"text-align: justify;\">K\u0131l\u0131\u00e7daro\u011flu, \u00f6\u011frencilerin, i\u015f\u00e7ilerin, k\u00f6yl\u00fcn\u00fcn, esnaf\u0131n, besicilerin hakk\u0131n\u0131 koruyacaklar\u0131n\u0131 s\u00f6yledi.<\/p>\n<p style=\"text-align: justify;\"><strong>&#8220;Vaatte bulunup, sonra unutmay\u0131z&#8221;<\/strong><\/p>\n<p style=\"text-align: justify;\">K\u0131l\u0131\u00e7daro\u011flu, Erzurum&#8217;un yar\u0131s\u0131n\u0131n ye\u015fil kartl\u0131 oldu\u011funu, bir\u00e7ok insan\u0131n yoksulluk i\u00e7inde ya\u015fad\u0131\u011f\u0131n\u0131 ifade ederken, yoksullu\u011fu bitirmek i\u00e7in aile sigortas\u0131n\u0131 getireceklerini ve her ailenin ayda en az 600 lira gelirinin olaca\u011f\u0131n\u0131 anlatt\u0131. K\u0131l\u0131\u00e7daro\u011flu, &#8220;Dada\u015f\u0131n Umudu K\u0131l\u0131\u00e7daro\u011flu&#8221; slogan\u0131 \u00fczerine \u015f\u00f6yle konu\u015ftu:<\/p>\n<p style=\"text-align: justify;\">&#8220;Benim umdum da dada\u015flarda. Dada\u015flar\u0131n iyi d\u00fc\u015f\u00fcnmesi laz\u0131m. Ya Erzurum bitecek ya Erzurum aya\u011fa kalkacak. Biz Erzurum&#8217;u aya\u011fa kald\u0131raca\u011f\u0131z, s\u00f6z\u00fcm\u00fcz s\u00f6zd\u00fcr, s\u00f6z\u00fcm\u00fcz senettir. Biz onlar\u0131n s\u00f6yledi\u011fi gibi vaatte bulunup ondan sonra unutmay\u0131z.&#8221;<\/p>\n<p style=\"text-align: justify;\">K\u0131l\u0131\u00e7daro\u011flu, k\u0131\u015flar\u0131 so\u011fuk ge\u00e7en Erzurum&#8217;da evlerde do\u011fal gaz olmas\u0131na ra\u011fmen, maddi s\u0131k\u0131nt\u0131lar nedeniyle bedava da\u011f\u0131t\u0131lan k\u00f6m\u00fcr\u00fcn yak\u0131ld\u0131\u011f\u0131n\u0131, buna kar\u015f\u0131l\u0131k kullan\u0131lmayan do\u011falgaz\u0131n bedeli olarak \u0130ran&#8217;a 2.6 milyar dolar \u00f6dendi\u011fini vurgulayarak, &#8220;Erzurum&#8217;da do\u011fal gaz var, evlerde de var. Fakire de bedava ver. Hi\u00e7 de\u011filse bu millete \u00f6dersin o paray\u0131&#8221; diye konu\u015ftu.<\/p>\n<p style=\"text-align: justify;\"><strong>&#8220;Ben onun konu\u015ftu\u011fu dilden zaten konu\u015fmuyorum&#8221;<\/strong><\/p>\n<p style=\"text-align: justify;\">K\u0131l\u0131\u00e7daro\u011flu, Ba\u015fbakan&#8217;\u0131n kendisi ile ilgili \u00e7e\u015fitli a\u00e7\u0131klamalar yapt\u0131\u011f\u0131n\u0131 ifade ederek, \u015f\u00f6yle konu\u015ftu:<\/p>\n<p style=\"text-align: justify;\">&#8220;Ben onun konu\u015ftu\u011fu dilden zaten konu\u015fmuyorum. Dilimiz farkl\u0131 ne yapay\u0131m. Ben sadece uygar bir insan gibi onu tart\u0131\u015fmaya davet ediyorum. Diyorum ki kendine g\u00fcveniyorsan gel senin istedi\u011fin televizyon kanal\u0131nda, istedi\u011fin yerde, istedi\u011fin meydanda, istedi\u011fin parkta, sen nerede istersen \u00e7\u0131k kar\u015f\u0131ma tart\u0131\u015fal\u0131m diyorum.&#8221;<\/p>\n<p style=\"text-align: justify;\">Ba\u015fbakan Erdo\u011fan&#8217;\u0131n &#8220;Ben ustay\u0131m sen \u00e7\u0131raks\u0131n&#8221; s\u00f6zlerine de yan\u0131t veren K\u0131l\u0131\u00e7daro\u011flu, &#8220;Ben ona gene uygar bir insan gibi s\u00f6yl\u00fcyorum. Gel arkada\u015f sen usta ol ben \u00e7\u0131rak olay\u0131m. Hele bir tart\u0131\u015fal\u0131m millet karar versin kim usta kim \u00e7\u0131rak&#8221; dedi. Ba\u015fbakan Erdo\u011fan&#8217;\u0131n isterse yan\u0131na bakanlar kurulunu ve uzmanlar\u0131 alabilece\u011fini s\u00f6yleyen K\u0131l\u0131\u00e7daro\u011flu, &#8220;S\u00f6z veriyorum bir dada\u015f gibi y\u00fcrekli olarak \u00e7\u0131kaca\u011f\u0131m kar\u015f\u0131s\u0131na&#8221; dedi.<\/p>\n<p style=\"text-align: justify;\">K\u0131l\u0131\u00e7daro\u011flu, \u00f6nceden CHP olarak Erzurum&#8217;a fazla gelmediklerini, Ankara&#8217;da oturarak oy istediklerini kaydederken, &#8220;\u015eimdi tabloyu de\u011fi\u015ftirdik, Kemal karde\u015finiz aya\u011f\u0131n\u0131za geliyor, sizinle konu\u015fuyor, \u00e7ay\u0131n\u0131z\u0131 kahvenizi i\u00e7ecek, daha fazla gelece\u011fim, daha fazla konu\u015faca\u011f\u0131m, dertlerinizi daha fazla dinleyece\u011fim, sizin dertlerinizi her yerde s\u00f6yleyece\u011fim&#8221; \u015feklinde konu\u015ftu.<\/p>\n<p style=\"text-align: justify;\"><a href=\"http:\/\/www.radikal.com.tr\/Radikal.aspx?aType=RadikalDetayV3&amp;ArticleID=1049766&amp;Date=19.05.2011&amp;CategoryID=78\" target=\"_blank\">Kaynak : Radikal<\/a><\/p>\n","protected":false},"excerpt":{"rendered":"<p style=\"text-align: center;\">\n<p style=\"text-align: justify;\">CHP lideri Kemal K\u0131l\u0131\u00e7daro\u011flu, Trabzon&#8217;dan Ba\u015fbakan Erdo\u011fan&#8217;a sordu: &#8220;Ben kendisine dedim ki: Hazreti \u00d6mer&#8217;in adaletinden s\u00f6z ediyorsan, \u00dcrd\u00fcn&#8217;e sen d\u00fc\u011f\u00fcn davetiyesi g\u00f6t\u00fcrd\u00fcn devletin u\u00e7a\u011f\u0131yla,sen \u00dcrd\u00fcn&#8217;e devletin u\u00e7a\u011f\u0131yla ni\u00e7in gittin?&#8221;<\/p>\n<p style=\"text-align: justify;\">TRABZON-\/ERZURUM- Geceyi Giresun&#8217;da ge\u00e7iren K\u0131l\u0131\u00e7daro\u011flu, karayoluyla geldi\u011fi Giresun-Trabzon il s\u0131n\u0131r\u0131nda partililerce \u00e7i\u00e7eklerle kar\u015f\u0131land\u0131. Buradan Be\u015fikd\u00fcz\u00fc il\u00e7e merkezine giden K\u0131l\u0131\u00e7daro\u011flu, <\/p>\n","protected":false},"author":1,"featured_media":0,"comment_status":"open","ping_status":"closed","sticky":false,"template":"","format":"standard","meta":{"footnotes":""},"categories":[105],"tags":[],"class_list":["post-33014","post","type-post","status-publish","format-standard","hentry","category-gundem","odd"],"_links":{"self":[{"href":"http:\/\/www.korhanyilmaz.com\/index.php?rest_route=\/wp\/v2\/posts\/33014","targetHints":{"allow":["GET"]}}],"collection":[{"href":"http:\/\/www.korhanyilmaz.com\/index.php?rest_route=\/wp\/v2\/posts"}],"about":[{"href":"http:\/\/www.korhanyilmaz.com\/index.php?rest_route=\/wp\/v2\/types\/post"}],"author":[{"embeddable":true,"href":"http:\/\/www.korhanyilmaz.com\/index.php?rest_route=\/wp\/v2\/users\/1"}],"replies":[{"embeddable":true,"href":"http:\/\/www.korhanyilmaz.com\/index.php?rest_route=%2Fwp%2Fv2%2Fcomments&post=33014"}],"version-history":[{"count":0,"href":"http:\/\/www.korhanyilmaz.com\/index.php?rest_route=\/wp\/v2\/posts\/33014\/revisions"}],"wp:attachment":[{"href":"http:\/\/www.korhanyilmaz.com\/index.php?rest_route=%2Fwp%2Fv2%2Fmedia&parent=33014"}],"wp:term":[{"taxonomy":"category","embeddable":true,"href":"http:\/\/www.korhanyilmaz.com\/index.php?rest_route=%2Fwp%2Fv2%2Fcategories&post=33014"},{"taxonomy":"post_tag","embeddable":true,"href":"http:\/\/www.korhanyilmaz.com\/index.php?rest_route=%2Fwp%2Fv2%2Ftags&post=33014"}],"curies":[{"name":"wp","href":"https:\/\/api.w.org\/{rel}","templated":true}]}}