{"id":33010,"date":"2011-05-18T08:22:12","date_gmt":"2011-05-18T05:22:12","guid":{"rendered":"http:\/\/www.korhanyilmaz.com\/?p=33010"},"modified":"2011-05-18T08:22:12","modified_gmt":"2011-05-18T05:22:12","slug":"1-mart-hataydi","status":"publish","type":"post","link":"http:\/\/www.korhanyilmaz.com\/?p=33010","title":{"rendered":"1 Mart hatayd\u0131"},"content":{"rendered":"<p style=\"text-align: justify;\"><a href=\"http:\/\/www.korhanyilmaz.com\/wp-content\/uploads\/2011\/05\/237.jpg\"  class=\"lightview\"><img loading=\"lazy\" decoding=\"async\" class=\"aligncenter size-full wp-image-33011\" src=\"http:\/\/www.korhanyilmaz.com\/wp-content\/uploads\/2011\/05\/237.jpg\" alt=\"\" width=\"332\" height=\"210\" \/><\/a><\/p>\n<p style=\"text-align: justify;\">Eski Genelkurmay Ba\u015fkan\u0131 Ba\u015fbu\u011f, &#8216;Ter\u00f6r \u00d6rg\u00fctlerinin Sonu&#8217; adl\u0131 kitab\u0131nda, PKK\u2019n\u0131n kurulma amac\u0131n\u0131n &#8216;B\u00fcy\u00fck K\u00fcrdistan Devleti&#8217; kurmak oldu\u011funu belirtiyor. Ba\u015fbu\u011f, 1 Mart tezkeresinin kabul edilmemesini de &#8216;hata&#8217; olarak yorumluyor.<!--more--><\/p>\n<p style=\"text-align: justify;\">\u0130STANBUL &#8211; Eski Genelkurmay Ba\u015fkan\u0131 emekli Orgeneral \u0130lker Ba\u015fbu\u011f, Remzi Kitabevi\u2019nden \u00f6n\u00fcm\u00fczdeki hafta piyasaya \u00e7\u0131kacak olan \u201cTer\u00f6r \u00d6rg\u00fctlerinin Sonu\u201d adl\u0131 kitab\u0131nda, hem d\u00fcnyadaki ter\u00f6r \u00f6rg\u00fctlerinin \u00e7\u0131k\u0131\u015f\u0131, hem de PKK\u2019n\u0131n T\u00fcrkiye\u2019deki olu\u015fumu ve hedefleriyle ilgili ilgin\u00e7 saptamalarda bulunuyor.<\/p>\n<p style=\"text-align: justify;\">H\u00fcrriyet gazetesinin haberine g\u00f6re, T\u00fcrkiye\u2019deki K\u00fcrt sorununun d\u0131\u015f g\u00fc\u00e7lerce yarat\u0131lmas\u0131n\u0131 tarihi boyutuyla irdeleyen Ba\u015fbu\u011f, PKK\u2019n\u0131n kurulu\u015f amac\u0131n\u0131, \u201cT\u00fcrkiye\u2019nin Do\u011fu ve G\u00fcneydo\u011fu Anadolu b\u00f6lgelerini, Irak, \u0130ran ve Suriye\u2019nin de belirli b\u00f6lgelerini kapsayacak \u015fekilde \u2018B\u00fcy\u00fck K\u00fcrdistan Devleti\u2019 kurmak\u201d olarak tan\u0131ml\u0131yor. Ba\u015fbu\u011f, \u201cBirle\u015fik B\u00fcy\u00fck K\u00fcrdistan Devleti\u201d hedefine ula\u015f\u0131lmas\u0131n\u0131n d\u00f6rt a\u015famada hedeflendi\u011fini belirterek, bunlar\u0131 \u015f\u00f6yle s\u0131ral\u0131yor: \u201c1. a\u015famada bulunduklar\u0131 \u00fclkelerde K\u00fcrt kimli\u011finin kabul ettirilmesi, 2. a\u015famada \u00f6zerk idare kurulmas\u0131, 3. a\u015famada bulunan \u00fclkelerde ba\u011f\u0131ms\u0131z K\u00fcrt devleti kurulmas\u0131, 4. a\u015famada ise Ba\u011f\u0131ms\u0131z B\u00fcy\u00fck K\u00fcrdistan Devletinin kurulmas\u0131.\u201d PKK\u2019n\u0131n bu hedefe ula\u015famayaca\u011f\u0131n\u0131 anlay\u0131nca hedef de\u011fi\u015ftirdi\u011fi g\u00f6r\u00fc\u015f\u00fcn\u00fc savunan Ba\u015fbu\u011f, \u015funu kaydediyor: \u201cPKK ve lideri, silahl\u0131 m\u00fccadelede silahl\u0131 propagandadan ileri ge\u00e7emeyeceklerini g\u00f6r\u00fcnce, hedef olarak \u2018Demokratik Cumhuriyeti\u2019 \u00f6ne \u00e7\u0131karmaya ba\u015flad\u0131. \u00d6calan bu de\u011fi\u015fikli\u011fi ise, \u2018Demokratik \u00e7\u00f6z\u00fcm tek yol. Ayr\u0131lma, b\u00f6l\u00fcnme ne m\u00fcmk\u00fcn ne de gerekli\u2019 s\u00f6zleriyle ifade ediyordu. Bu bir geri ad\u0131md\u0131r. Silahl\u0131 m\u00fccadele ile istenilen ama\u00e7lara ula\u015fman\u0131n m\u00fcmk\u00fcn olmad\u0131\u011f\u0131n\u0131n ba\u015fka bir \u015fekilde ifade edilmesidir&#8230; Demokratik Cumhuriyet hedefine ula\u015fmak i\u00e7in de m\u00fccadelenin oda\u011f\u0131na etnik kimlik sorunu yerle\u015ftirildi.\u201d<\/p>\n<p style=\"text-align: justify;\"><strong>T\u00dcRK\u0130YE S\u00d6ZC\u00dc\u011e\u00dcNE KAR\u015eI \u00c7IKACAKLAR<\/strong><\/p>\n<p style=\"text-align: justify;\">Ba\u015fbu\u011f \u201cUlus devlet\u201d tart\u0131\u015fmalar\u0131na da de\u011findi\u011fi kitab\u0131nda, \u201cT\u00fcrk ulusu\u201d tan\u0131m\u0131na kar\u015f\u0131 \u00e7\u0131kanlar\u0131n, bir s\u00fcre sonra \u201cT\u00fcrkiye\u201d s\u00f6z\u00fcne de kar\u015f\u0131 \u00e7\u0131kacaklar\u0131n\u0131 iddia ediyor: \u201c&#8230;Atat\u00fcrk ve arkada\u015flar\u0131 kurduklar\u0131 T\u00fcrkiye Cumhuriyeti\u2019ni \u00fc\u00e7 temele dayand\u0131rmaya karar vermi\u015flerdir. Bu \u00fc\u00e7 temel \u015f\u00f6yledir: Ulus devlet, \u00fcniter devlet ve laik devlet. Bug\u00fcn, bu \u00fc\u00e7 temel \u00e7e\u015fitli \u00e7evreler taraf\u0131ndan de\u011fi\u015fik ama\u00e7lar nedeniyle tart\u0131\u015f\u0131lmaktad\u0131r. Ter\u00f6rle m\u00fccadele kapsam\u0131nda da en \u00e7ok hedef al\u0131nan temel, T\u00fcrkiye Cumhuriyeti\u2019nin ulus devlet olmas\u0131d\u0131r. \u2018T\u00fcrkiye Cumhuriyeti\u2019ni kuran, T\u00fcrkiye halk\u0131na T\u00fcrk milleti denir\u2019 \u015feklinde tan\u0131m\u0131 yap\u0131lan, \u0131rk\u00e7\u0131l\u0131\u011f\u0131 ve dini etkileri reddeden, bu tan\u0131mdaki \u2018T\u00fcrk\u2019 s\u00f6zc\u00fc\u011f\u00fcn\u00fc bir s\u0131fat olarak de\u011fil, herkese verilen ortak bir isim olarak kabul eden, T\u00fcrk ulusu tan\u0131m\u0131na neden kar\u015f\u0131 \u00e7\u0131k\u0131lmaktad\u0131r? Bug\u00fcn \u2018T\u00fcrk\u2019 s\u00f6zc\u00fc\u011f\u00fcne itiraz edenlerin, yar\u0131n \u2018T\u00fcrkiye\u2019 s\u00f6zc\u00fc\u011f\u00fcne de ayn\u0131 nedenlerle kar\u015f\u0131 \u00e7\u0131kacaklar\u0131 ni\u00e7in g\u00f6r\u00fclmemektedir? Ulus devletlerde, vatanda\u015flar\u0131n ortak de\u011ferlere ve ideallere sahip olmas\u0131 \u00f6nemlidir.\u201d<\/p>\n<p style=\"text-align: justify;\"><strong>PKK MARJ\u0130NAL\u0130ZE ED\u0130LEB\u0130L\u0130RD\u0130<\/strong><\/p>\n<p style=\"text-align: justify;\">Ba\u015fbu\u011f kitab\u0131nda PKK ter\u00f6r\u00fc ile m\u00fccadelede T\u00fcrkiye\u2019nin elde etti\u011fi ba\u015far\u0131lar\u0131 s\u0131ralarken, baz\u0131 eksiklikleri de dile getiriyor. Ba\u015fbu\u011f, 1 Mart tezkeresinin kabul edilmemesini bu eksikliklerden birisi olarak g\u00f6rd\u00fc\u011f\u00fcn\u00fc \u015f\u00f6yle ifade ediyor: \u201c&#8230;Devletlerinde kendi inisiyatifleri ile hi\u00e7bir bask\u0131 olmadan, baz\u0131 durumlarda karar alabilmesi de \u00f6nemlidir. TBMM\u2019ye sunulan tezkerenin 1 Mart 2003\u2019te TBMM\u2019de kabul edilmesi i\u00e7in gerekli olan oyun sa\u011flanamamas\u0131yla, T\u00fcrkiye PKK ter\u00f6r \u00f6rg\u00fct\u00fcn\u00fc marjinalize edebilece\u011fi bir di\u011fer f\u0131rsat\u0131, bir defa daha ka\u00e7\u0131rm\u0131\u015ft\u0131r. Tezkere e\u011fer kabul edilse idi, uzun s\u00fcre Irak\u2019\u0131n kuzeyinde bulunacak olan T\u00fcrk Silahl\u0131 Kuvvetleri ile PKK\u2019n\u0131n marjinalize edilebilmesi m\u00fcmk\u00fcn olabilecekti.\u201d<\/p>\n<p style=\"text-align: justify;\">Ba\u015fbu\u011f, Avrupa\u2019n\u0131n PKK\u2019ya verdi\u011fi deste\u011fi \u015f\u00f6yle de\u011ferlendiriyor: \u201cPKK, ba\u015fta Avrupa \u00fclkeleri olmak \u00fczere bir\u00e7ok \u00fclkeden moral ve malzeme deste\u011fi alm\u0131\u015ft\u0131r. Ba\u015flang\u0131\u00e7ta ba\u011f\u0131ms\u0131z K\u00fcrt devletinin kurulmas\u0131n\u0131 hedefleyen \u00f6rg\u00fcte, tam politik deste\u011fin verildi\u011fini s\u00f6ylemek ne kadar zor ise de, 1995\u2019e kadar PKK ter\u00f6r \u00f6rg\u00fct\u00fcn\u00fcn ba\u015far\u0131l\u0131 olaca\u011f\u0131n\u0131 d\u00fc\u015f\u00fcnen bir\u00e7ok Avrupal\u0131 devlet oldu\u011funu s\u00f6ylemek, o kadar zor de\u011fildir. Zaten, Abdullah \u00d6calan\u2019\u0131n yakalanmas\u0131n\u0131 sa\u011flayan s\u00fcrecin, \u00f6rg\u00fct\u00fcn tek ba\u015f\u0131na silahl\u0131 m\u00fccadeleyle ba\u015far\u0131ya ula\u015famayaca\u011f\u0131n\u0131n, baz\u0131 devletler taraf\u0131ndan anla\u015f\u0131lmas\u0131yla ba\u015flad\u0131\u011f\u0131 da ileri s\u00fcr\u00fclebilir.\u201d<\/p>\n<p style=\"text-align: justify;\"><strong>BARZAN\u0130&#8217;DE DE\u011e\u0130\u015e\u0130KL\u0130K YOK<\/strong><\/p>\n<p style=\"text-align: justify;\">Ba\u015fbu\u011f, PKK\u2019n\u0131n ihtiya\u00e7 duydu\u011fu d\u0131\u015f deste\u011fi sa\u011flamada \u015fansl\u0131 bir \u00f6rg\u00fct oldu\u011funu vurgularken, Kuzey Irak B\u00f6lgesel Ba\u015fkan\u0131 Mesud Barzani\u2019nin bug\u00fcn de \u00f6rg\u00fcte bak\u0131\u015f\u0131nda bir de\u011fi\u015fiklik olmad\u0131\u011f\u0131n\u0131 \u015f\u00f6yle ima ediyor:<\/p>\n<p style=\"text-align: justify;\">\u201c1982\u2019de Barzani\u2019nin m\u00fcsaadesi ile PKK, T\u00fcrkiye-Irak s\u0131n\u0131r b\u00f6lgesini g\u00fcvenli b\u00f6lge olarak kullanmaya ba\u015flad\u0131. Bu durum, bug\u00fcn de ayn\u0131 konumunu koruyor. 1987\u2019de ise PKK \u0130ran\u2019dan, \u0130ran\u2019\u0131n T\u00fcrkiye s\u0131n\u0131r\u0131ndaki baz\u0131 b\u00f6lgeleri kullanma iznini ald\u0131. T\u00fcrkiye\u2019nin Irak\u2019\u0131n kuzeyindeki g\u00fcvenlikli b\u00f6lgelerin PKK taraf\u0131ndan kullan\u0131lmas\u0131na engel olmas\u0131 y\u00fcr\u00fctt\u00fc\u011f\u00fc ter\u00f6rle m\u00fccadelenin ba\u015far\u0131l\u0131 olmas\u0131 i\u00e7in zorunludur.\u201d<\/p>\n<p style=\"text-align: justify;\"><a href=\"http:\/\/www.gazeteport.com.tr\/GUNCEL\/NEWS\/GP_906636\" target=\"_blank\">Kaynak : GAZETEPORT<\/a><\/p>\n","protected":false},"excerpt":{"rendered":"<p style=\"text-align: justify;\">\n<p style=\"text-align: justify;\">Eski Genelkurmay Ba\u015fkan\u0131 Ba\u015fbu\u011f, &#8216;Ter\u00f6r \u00d6rg\u00fctlerinin Sonu&#8217; adl\u0131 kitab\u0131nda, PKK\u2019n\u0131n kurulma amac\u0131n\u0131n &#8216;B\u00fcy\u00fck K\u00fcrdistan Devleti&#8217; kurmak oldu\u011funu belirtiyor. Ba\u015fbu\u011f, 1 Mart tezkeresinin kabul edilmemesini de &#8216;hata&#8217; olarak yorumluyor.<\/p>\n","protected":false},"author":1,"featured_media":0,"comment_status":"open","ping_status":"closed","sticky":false,"template":"","format":"standard","meta":{"footnotes":""},"categories":[105],"tags":[],"class_list":["post-33010","post","type-post","status-publish","format-standard","hentry","category-gundem","odd"],"_links":{"self":[{"href":"http:\/\/www.korhanyilmaz.com\/index.php?rest_route=\/wp\/v2\/posts\/33010","targetHints":{"allow":["GET"]}}],"collection":[{"href":"http:\/\/www.korhanyilmaz.com\/index.php?rest_route=\/wp\/v2\/posts"}],"about":[{"href":"http:\/\/www.korhanyilmaz.com\/index.php?rest_route=\/wp\/v2\/types\/post"}],"author":[{"embeddable":true,"href":"http:\/\/www.korhanyilmaz.com\/index.php?rest_route=\/wp\/v2\/users\/1"}],"replies":[{"embeddable":true,"href":"http:\/\/www.korhanyilmaz.com\/index.php?rest_route=%2Fwp%2Fv2%2Fcomments&post=33010"}],"version-history":[{"count":0,"href":"http:\/\/www.korhanyilmaz.com\/index.php?rest_route=\/wp\/v2\/posts\/33010\/revisions"}],"wp:attachment":[{"href":"http:\/\/www.korhanyilmaz.com\/index.php?rest_route=%2Fwp%2Fv2%2Fmedia&parent=33010"}],"wp:term":[{"taxonomy":"category","embeddable":true,"href":"http:\/\/www.korhanyilmaz.com\/index.php?rest_route=%2Fwp%2Fv2%2Fcategories&post=33010"},{"taxonomy":"post_tag","embeddable":true,"href":"http:\/\/www.korhanyilmaz.com\/index.php?rest_route=%2Fwp%2Fv2%2Ftags&post=33010"}],"curies":[{"name":"wp","href":"https:\/\/api.w.org\/{rel}","templated":true}]}}