{"id":3301,"date":"2009-02-17T20:07:24","date_gmt":"2009-02-17T18:07:24","guid":{"rendered":"http:\/\/www.korhanyilmaz.com\/?p=3301"},"modified":"2009-02-17T20:07:24","modified_gmt":"2009-02-17T18:07:24","slug":"erdogan-istedi-altinok-gitti","status":"publish","type":"post","link":"http:\/\/www.korhanyilmaz.com\/?p=3301","title":{"rendered":"Erdo\u011fan istedi Alt\u0131nok gitti"},"content":{"rendered":"<p style=\"text-align: center;\"><img loading=\"lazy\" decoding=\"async\" class=\"size-full wp-image-3302 aligncenter\" title=\"Erdo\u011fan istedi Alt\u0131nok gitti \" src=\"http:\/\/www.korhanyilmaz.com\/wp-content\/uploads\/2009\/02\/180220090402450868577.jpg\" alt=\"Erdo\u011fan istedi Alt\u0131nok gitti \" width=\"376\" height=\"240\" \/><\/p>\n<p style=\"text-align: center;\">\n<p style=\"text-align: justify;\"><strong>AK Parti&#8217;nin Ankara Ke\u00e7i\u00f6ren Belediye Ba\u015fkan\u0131 ve aday\u0131 Turgut Alt\u0131nok, AKP ad\u0131na adayl\u0131ktan \u00e7ekildi. Alt\u0131ok se\u00e7ime ba\u011f\u0131ms\u0131z aday olarak girme karar\u0131 ald\u0131&#8217;; ancak son anda bu karar\u0131ndan da vazge\u00e7ti. <\/strong><\/p>\n<p style=\"text-align: justify;\">AKP&#8217;nin Ankara Ke\u00e7i\u00f6ren Belediye Ba\u015fkan\u0131 ve aday\u0131 Turgut Alt\u0131nok&#8217;un adayl\u0131ktan \u00e7ekilmesine neden olan geceyar\u0131s\u0131 operasyonunun talimat\u0131n\u0131 internete d\u00fc\u015fen \u00f6zel hayat\u0131yla ilgili g\u00f6r\u00fcnt\u00fcler nedeniyle Ba\u015fbakan Erdo\u011fan taraf\u0131ndan verildi\u011fi ortaya \u00e7\u0131kt\u0131. <!--more--><\/p>\n<p style=\"text-align: justify;\"><strong>\u015eantaj iddias\u0131<\/strong><\/p>\n<p style=\"text-align: justify;\">Parti y\u00f6neticilerinin &#8220;Ankara Alt\u0131nok&#8217;un kasetiyle \u00e7alkalan\u0131yor&#8221; s\u00f6zlerinin ard\u0131ndan Ba\u015fbakan Erdo\u011fan &#8220;Gere\u011fini yap\u0131n&#8221; talimat\u0131 verdi. Alt\u0131nok&#8217;u \u00f6nceki ak\u015fam parti genel merkezine \u00e7a\u011f\u0131ran AKP Genel Ba\u015fkan Yard\u0131mc\u0131s\u0131 H\u00fcseyin Tanr\u0131verdi, Erdo\u011fan&#8217;\u0131n talimat\u0131n\u0131 ifade ederek, Alt\u0131nok&#8217;tan adayl\u0131ktan \u00e7ekilmesini istedi. Bunun \u00fczerine Alt\u0131nok da ilerleyen saatlerde gerek\u00e7esini &#8220;Belediye Meclis \u00fcye listelerinin belirlenmesinde ya\u015fanan s\u0131k\u0131nt\u0131&#8221; olarak a\u00e7\u0131klayarak, adayl\u0131ktan \u00e7ekildi\u011fini a\u00e7\u0131klad\u0131.<\/p>\n<p style=\"text-align: justify;\">Alt\u0131nok&#8217;un adayl\u0131ktan \u00e7ekilmesine neden olan yasak a\u015fk g\u00f6r\u00fcnt\u00fclerinin on y\u0131l \u00f6nce \u00e7ekildi\u011fi iddia edildi. 7 Kas\u0131m 1999&#8217;da kaydedilen g\u00f6r\u00fcnt\u00fclerde Alt\u0131nok&#8217;la birlikte olan kad\u0131n\u0131n o d\u00f6nemde belediyeye Alt\u0131nok taraf\u0131ndan al\u0131nd\u0131\u011f\u0131 \u00f6\u011frenildi. Bu g\u00f6r\u00fcnt\u00fclerle yap\u0131lan \u015fantaja Alt\u0131nok&#8217;un boyun e\u011fmemesi \u00fczerine kasedin 2002 y\u0131l\u0131nda baz\u0131 \u00e7evrelerin eline ge\u00e7ti\u011fi ileri s\u00fcr\u00fcld\u00fc.<\/p>\n<p style=\"text-align: justify;\">Alt\u0131nok&#8217;u d\u00fcn belediye binas\u0131na geli\u015finde vatanta\u015flar ve belediye \u00e7al\u0131\u015fanlar\u0131ndan olu\u015fan kalabal\u0131k bir topluluk kar\u015f\u0131lad\u0131. Alt\u0131nok&#8217;u alk\u0131\u015flayan gruptan baz\u0131lar\u0131n\u0131n g\u00f6zya\u015flar\u0131n\u0131 tutamad\u0131\u011f\u0131 g\u00f6r\u00fcld\u00fc.<\/p>\n<p style=\"text-align: justify;\"><strong>Kravatl\u0131 \u00e7eteler<\/strong><\/p>\n<p style=\"text-align: justify;\">\u00d6\u011fleden sonra bas\u0131n toplant\u0131s\u0131 d\u00fczenleyen Alt\u0131nok g\u00f6r\u00fcnt\u00fcler nedeniyle \u00e7ekilmedi\u011fini iddia etti: &#8220;Belediye meclis \u00fcyeli\u011fi adayl\u0131\u011f\u0131ndaki anla\u015fmazl\u0131klar nedeniyle \u00e7ekildim. Bunu etik ve ahlaki olmayan \u015fekilde de\u011ferlendirenleri Allah&#8217;a havale ediyorum.&#8221; G\u00fcne g\u00f6re hareket edenlerden, ikbal i\u00e7in diz \u00e7\u00f6kenlerden olmad\u0131\u011f\u0131n\u0131 s\u00f6yleyen Alt\u0131nok, &#8220;B\u00fct\u00fcn m\u00fccadelem, Ankara&#8217;y\u0131 saran kravatl\u0131 keneler ve \u00e7eteleredir&#8221; dedi. Alt\u0131nok&#8217;un ba\u011f\u0131ms\u0131z aday olaca\u011f\u0131 da g\u00fcndeme geldi. Ancak ba\u011f\u0131ms\u0131z adaylar\u0131n ba\u015fvuru s\u00fcresi d\u00fcn mesai saati bitiminde sona erdi ve Alt\u0131nok adayl\u0131k ba\u015fvurusunda bulunmad\u0131.<\/p>\n<p style=\"text-align: justify;\">Alt\u0131nok&#8217;un yak\u0131n \u00e7evresiyle yeni parti olu\u015fumu hakk\u0131nda konu\u015ftu\u011fu da iddia edildi.<\/p>\n<p style=\"text-align: justify;\"><strong>G\u00f6k\u00e7ek ile anla\u015fam\u0131yordu<\/strong><\/p>\n<p style=\"text-align: justify;\">ANKARA B\u00fcy\u00fck\u015fehir Belediye Ba\u015fkan\u0131 Melih G\u00f6k\u00e7ek ile uzun s\u00fcredir kavgal\u0131 olan Alt\u0131nok, B\u00fcy\u00fck\u015fehir Belediye Ba\u015fkanl\u0131\u011f\u0131&#8217;na aday olmu\u015f ancak parti y\u00f6netiminin tercihini G\u00f6k\u00e7ek&#8217;ten yana kullanm\u0131\u015ft\u0131. Alt\u0131nok&#8217;un ba\u015fkan\u0131 oldu\u011fu, Ba\u015fbakan Tayyip Erdo\u011fan&#8217;\u0131n konutunun da bulundu\u011fu Ke\u00e7i\u00f6ren, AKP&#8217;nin Ankara&#8217;daki en \u00f6nemli kalelerinden biriydi.<\/p>\n<p style=\"text-align: justify;\"><strong>BELED\u0130YE&#8217;DE G\u00d6K\u00c7EK ALEYH\u0130NE SLOGANLAR<\/strong><\/p>\n<p style=\"text-align: justify;\">Ke\u00e7i\u00f6ren Belediye Ba\u015fkan\u0131 Alt\u0131nok, belediyeye geli\u015finde gazetecilerin sorular\u0131n\u0131 yan\u0131tlad\u0131.<br \/>\nAlt\u0131nok, bundan sonraki siyasi ya\u015fam\u0131na nas\u0131l devam edece\u011finin sorulmas\u0131 \u00fczerine, &#8220;Bir m\u00fcddet dinlenece\u011fim, ondan sonra bakaca\u011f\u0131m&#8221; diye konu\u015ftu. AK Parti y\u00f6neticilerinin istifas\u0131na nas\u0131l tepki verdi\u011finin sorulmas\u0131na kar\u015f\u0131l\u0131k Alt\u0131nok, &#8220;Yorum yok&#8221; dedi.<\/p>\n<p style=\"text-align: justify;\">Alt\u0131nok&#8217;u belediye ba\u015fkanl\u0131\u011f\u0131 binas\u0131na geli\u015finde, vatanda\u015flar ve belediye \u00e7al\u0131\u015fanlar\u0131ndan olu\u015fan kalabal\u0131k bir topluluk kar\u015f\u0131lad\u0131. Alt\u0131nok&#8217;u alk\u0131\u015flayan<br \/>\ngruptan baz\u0131lar\u0131n\u0131n g\u00f6zya\u015flar\u0131n\u0131 tutamad\u0131\u011f\u0131 g\u00f6r\u00fcld\u00fc.\n<\/p>\n<p style=\"text-align: justify;\">Baz\u0131 vatanda\u015flar &#8220;H\u0131rs\u0131zlara f\u0131rsat verme&#8221;, &#8220;Bizim belediyemizde h\u0131rs\u0131z yok&#8221;, &#8220;Gururlu ba\u015fkan&#8221;, &#8220;Arkanday\u0131z&#8221;, &#8220;\u00d6l de \u00f6lelim&#8221; \u015feklinde sloganlar att\u0131.<\/p>\n<p style=\"text-align: justify;\">Vatanda\u015flar\u0131n sevgi g\u00f6sterisi kar\u015f\u0131s\u0131nda Alt\u0131nok, &#8220;Senelerdir burada g\u00f6rev yap\u0131yorum, b\u00f6ylesi bir sevgi g\u00f6sterisi \u00e7ok normal&#8221; dedi. Alt\u0131nok, evinden ayr\u0131l\u0131rken de baz\u0131 kom\u015fular\u0131 Ankara B\u00fcy\u00fck\u015fehir Belediye Ba\u015fkan\u0131 Melih G\u00f6k\u00e7ek aleyhinde sloganlar att\u0131.<\/p>\n<p style=\"text-align: justify;\">\n<p style=\"text-align: justify;\"><strong>Aday Ak<\/strong><\/p>\n<p style=\"text-align: justify;\">AKP&#8217;de Alt\u0131nok&#8217;un adayl\u0131ktan \u00e7ekilmesinden sonra yerine Mustafa Ak aday g\u00f6sterildi. Ak, yerel se\u00e7imler i\u00e7in Ankara \u0130l Ba\u015fkan Yard\u0131mc\u0131l\u0131\u011f\u0131&#8217;ndan istifa ederek, Ke\u00e7i\u00f6ren&#8217;den meclis \u00fcyesi aday\u0131 olmu\u015ftu.<\/p>\n<p style=\"text-align: justify;\"><strong>A\u011eLATAN \u0130ST\u0130FA<\/strong><\/p>\n<p style=\"text-align: justify;\">Alt\u0131nok&#8217;un bas\u0131n toplant\u0131s\u0131nda \u00e7ok say\u0131da belediye \u00e7al\u0131\u015fan\u0131n\u0131n g\u00f6zya\u015flar\u0131na hakim olamad\u0131\u011f\u0131 g\u00f6r\u00fcld\u00fc. Alt\u0131nok&#8217;un konu\u015fmas\u0131 s\u0131k s\u0131k alk\u0131\u015f ve sloganlarla kesildi. At\u0131lan sloganlar\u0131n hedeflerinden biri de G\u00f6k\u00e7ek&#8217;ti.<\/p>\n<p style=\"text-align: justify;\"><strong>G\u00f6k\u00e7ek: Belden a\u015fa\u011f\u0131 vurulmaz<\/strong><\/p>\n<p style=\"text-align: justify;\">Ankara B\u00fcy\u00fck\u015fehir Belediye Ba\u015fkan\u0131 Melih G\u00f6k\u00e7ek, Alt\u0131nok&#8217;un adayl\u0131ktan \u00e7ekilmesi konusunda, &#8220;Bana gelen bilgi Ke\u00e7i\u00f6ren Belediye Meclis listesini be\u011fenmedi\u011fi i\u00e7in istifa etti\u011fi y\u00f6n\u00fcndedir. Alt\u0131nok ile aram\u0131zda baz\u0131 problemler olsa bile, belediye ba\u015fkanl\u0131\u011f\u0131 adayl\u0131\u011f\u0131ndan \u00e7ekilmesi ayn\u0131 partiden olmam\u0131z dolay\u0131s\u0131yla s\u0131k\u0131nt\u0131 yarat\u0131r&#8221; dedi. G\u00f6k\u00e7ek, bas\u0131nda yer alan haberlerin hat\u0131rlat\u0131lmas\u0131 \u00fczerine, &#8220;B\u00f6yle bir y\u00f6ntemi tasvip etmek m\u00fcmk\u00fcn de\u011fildir. Siyasette belden a\u015fa\u011f\u0131 yapma i\u011fren\u00e7lik ve \u00e7irkinliktir&#8221; diye konu\u015ftu.<\/p>\n<p style=\"text-align: justify;\"><span style=\"color: #888888;\">Kaynak : Vatan Gazetesi<\/span><\/p>\n","protected":false},"excerpt":{"rendered":"<p style=\"text-align: center;\">\n<p style=\"text-align: center;\">\n<p style=\"text-align: justify;\">AK Parti&#8217;nin Ankara Ke\u00e7i\u00f6ren Belediye Ba\u015fkan\u0131 ve aday\u0131 Turgut Alt\u0131nok, AKP ad\u0131na adayl\u0131ktan \u00e7ekildi. Alt\u0131ok se\u00e7ime ba\u011f\u0131ms\u0131z aday olarak girme karar\u0131 ald\u0131&#8217;; ancak son anda bu karar\u0131ndan da vazge\u00e7ti. <\/p>\n<p style=\"text-align: justify;\">AKP&#8217;nin Ankara Ke\u00e7i\u00f6ren Belediye Ba\u015fkan\u0131 ve aday\u0131 Turgut Alt\u0131nok&#8217;un adayl\u0131ktan \u00e7ekilmesine neden olan geceyar\u0131s\u0131 operasyonunun <\/p>\n","protected":false},"author":1,"featured_media":0,"comment_status":"open","ping_status":"closed","sticky":false,"template":"","format":"standard","meta":{"footnotes":""},"categories":[105],"tags":[],"class_list":["post-3301","post","type-post","status-publish","format-standard","hentry","category-gundem","odd"],"_links":{"self":[{"href":"http:\/\/www.korhanyilmaz.com\/index.php?rest_route=\/wp\/v2\/posts\/3301","targetHints":{"allow":["GET"]}}],"collection":[{"href":"http:\/\/www.korhanyilmaz.com\/index.php?rest_route=\/wp\/v2\/posts"}],"about":[{"href":"http:\/\/www.korhanyilmaz.com\/index.php?rest_route=\/wp\/v2\/types\/post"}],"author":[{"embeddable":true,"href":"http:\/\/www.korhanyilmaz.com\/index.php?rest_route=\/wp\/v2\/users\/1"}],"replies":[{"embeddable":true,"href":"http:\/\/www.korhanyilmaz.com\/index.php?rest_route=%2Fwp%2Fv2%2Fcomments&post=3301"}],"version-history":[{"count":0,"href":"http:\/\/www.korhanyilmaz.com\/index.php?rest_route=\/wp\/v2\/posts\/3301\/revisions"}],"wp:attachment":[{"href":"http:\/\/www.korhanyilmaz.com\/index.php?rest_route=%2Fwp%2Fv2%2Fmedia&parent=3301"}],"wp:term":[{"taxonomy":"category","embeddable":true,"href":"http:\/\/www.korhanyilmaz.com\/index.php?rest_route=%2Fwp%2Fv2%2Fcategories&post=3301"},{"taxonomy":"post_tag","embeddable":true,"href":"http:\/\/www.korhanyilmaz.com\/index.php?rest_route=%2Fwp%2Fv2%2Ftags&post=3301"}],"curies":[{"name":"wp","href":"https:\/\/api.w.org\/{rel}","templated":true}]}}