{"id":33006,"date":"2011-05-18T18:54:02","date_gmt":"2011-05-18T15:54:02","guid":{"rendered":"http:\/\/www.korhanyilmaz.com\/?p=33006"},"modified":"2011-05-18T18:54:02","modified_gmt":"2011-05-18T15:54:02","slug":"sahte-hayati-yazici-yakalandi","status":"publish","type":"post","link":"http:\/\/www.korhanyilmaz.com\/?p=33006","title":{"rendered":"Sahte Hayati Yaz\u0131c\u0131 yakaland\u0131"},"content":{"rendered":"<p style=\"text-align: justify;\"><a href=\"http:\/\/www.korhanyilmaz.com\/wp-content\/uploads\/2011\/05\/236.jpg\"  class=\"lightview\"><img loading=\"lazy\" decoding=\"async\" class=\"aligncenter size-full wp-image-33007\" src=\"http:\/\/www.korhanyilmaz.com\/wp-content\/uploads\/2011\/05\/236.jpg\" alt=\"\" width=\"385\" height=\"198\" \/><\/a><\/p>\n<p style=\"text-align: justify;\">Bakan Hayati Yaz\u0131c\u0131 ad\u0131na \u00d6SYM&#8217;ye sahte e-posta atan zanl\u0131 \u0130stanbul&#8217;da yakaland\u0131.Devlet Bakan\u0131 Hayati Yaz\u0131c\u0131, konuya ili\u015fkin, &#8221;Bulunacakt\u0131, bulunur yani&#8230; T\u00fcrkiye&#8217;de teknik \u00e7ok ileri, polisimiz de bu t\u00fcr su\u00e7 i\u015fleyenleri takip etmekte ger\u00e7ekten uzmanla\u015fm\u0131\u015f&#8221; dedi.<!--more--><\/p>\n<p style=\"text-align: justify;\">\u0130STANBUL &#8211; Devlet Bakan\u0131 Hayati Yaz\u0131c\u0131 ad\u0131na \u00d6SYM&#8217;ye elektronik posta yolland\u0131\u011f\u0131 iddias\u0131na ili\u015fkin ba\u015flat\u0131lan soru\u015fturma kapsam\u0131nda \u0130stanbul&#8217;da g\u00f6zalt\u0131na al\u0131nan 1 ki\u015fi u\u00e7akla Ankara&#8217;ya g\u00f6nderildi.<\/p>\n<p style=\"text-align: justify;\">Al\u0131nan bilgiye g\u00f6re, Devlet Bakan\u0131 Hayati Yaz\u0131c\u0131 ad\u0131na \u00d6SYM&#8217;ye elektronik posta yolland\u0131\u011f\u0131 iddias\u0131na ili\u015fkin ba\u015flat\u0131lan soru\u015fturma kapsam\u0131nda \u0130stanbul Bili\u015fim Su\u00e7lar\u0131 ve Sistemleri \u015eube M\u00fcd\u00fcrl\u00fc\u011f\u00fc ekipleri, \u00dc.Y&#8217;yi g\u00f6zalt\u0131na ald\u0131.<\/p>\n<p style=\"text-align: justify;\">\u015e\u00fcpheli, u\u00e7akla Ankara&#8217;ya g\u00f6nderildi.<\/p>\n<p style=\"text-align: justify;\"><strong>HAYAT\u0130 YAZICI&#8217;DAN \u0130LK A\u00c7IKLAMA<\/strong><\/p>\n<p style=\"text-align: justify;\">\u015eanl\u0131urfa&#8217;da bulunan Bakan Yaz\u0131c\u0131, yerel bir televizyonda kat\u0131ld\u0131\u011f\u0131 program\u0131n ard\u0131ndan gazetecilerin sorular\u0131n\u0131 yan\u0131tlad\u0131.<\/p>\n<p style=\"text-align: justify;\">Bir gazetecinin, \u00d6SYM&#8217;ye elektronik posta yolland\u0131\u011f\u0131 iddias\u0131na ili\u015fkin ba\u015flat\u0131lan soru\u015fturma kapsam\u0131nda \u0130stanbul&#8217;da bir ki\u015finin g\u00f6zalt\u0131na al\u0131nmas\u0131yla ilgili sorusu \u00fczerine Bakan Yaz\u0131c\u0131, \u015f\u00f6yle konu\u015ftu:<\/p>\n<p style=\"text-align: justify;\">&#8221;Bulunacakt\u0131, bulunur yani&#8230; T\u00fcrkiye&#8217;de teknik \u00e7ok ileri, polisimiz de bu t\u00fcr su\u00e7 i\u015fleyenleri takip etmekte ger\u00e7ekten uzmanla\u015ft\u0131. Emniyetin Bili\u015fim Dairesi Ba\u015fkanl\u0131\u011f\u0131 var. Yine bu su\u00e7lar\u0131 soru\u015fturmakla g\u00f6revli yetkili Cumhuriyet savc\u0131l\u0131klar\u0131nda g\u00f6rev b\u00f6l\u00fcm\u00fc yap\u0131lm\u0131\u015f. Ben daha \u00f6nceki a\u00e7\u0131klamalar\u0131mda ifade etti\u011fim gibi, duydu\u011fum g\u00fcn, yani benimle ilgili benim ismim kullan\u0131larak b\u00f6yle bir sahtecili\u011fin yap\u0131ld\u0131\u011f\u0131n\u0131 duydu\u011fum ilk g\u00fcn, 10 May\u0131s. Ayn\u0131 g\u00fcn avukat\u0131ma talimat verdim. O g\u00fcn ben Rize&#8217;deyim. Avukat\u0131m Ankara&#8217;da hemen o maileri inceledi. Su\u00e7 duyurusunu yapt\u0131. &#8216;Bunlar bulunsun cezaland\u0131r\u0131ls\u0131n&#8217;, dilek\u00e7enin \u00f6z\u00fc bu.<\/p>\n<p style=\"text-align: justify;\">Savc\u0131l\u0131k bunu emniyete havale ediyor emniyet de ara\u015ft\u0131rmalar\u0131n\u0131 yapt\u0131. \u0130simleri tespit etti sonra da bug\u00fcn o isimlerde su\u00e7u i\u015fledi\u011fi kanaatine vard\u0131klar\u0131, mutlaka ellerinde veri var bu konuda, \u0130stanbul&#8217;da yakalam\u0131\u015flar. Sorgusu yap\u0131lmak \u00fczere Ankara&#8217;ya getiriliyor. Ben de az \u00f6nce bu konuda bilgilendirildim&#8221; dedi.<\/p>\n<p style=\"text-align: justify;\">Yaz\u0131c\u0131, &#8221;G\u00f6zalt\u0131 bir ki\u015fiyle s\u0131n\u0131rl\u0131 m\u0131 kalacak?&#8221; \u015feklindeki soruyu da, &#8221;Bilemiyorum. \u00c7\u00fcnk\u00fc o su\u00e7u kovu\u015fturmaya, soru\u015fturmaya yetkili yer savc\u0131l\u0131kt\u0131r. Savc\u0131l\u0131k ad\u0131na i\u015flem yapan Emniyet Bili\u015fim Dairesi Ba\u015fkanl\u0131\u011f\u0131d\u0131r. Onlar bunu y\u00fcr\u00fct\u00fcyorlar&#8221; \u015feklinde cevaplad\u0131.<\/p>\n<p style=\"text-align: justify;\">Bir gazetecinin MHP Genel Ba\u015fkan\u0131 Devlet Bah\u00e7eli&#8217;nin bug\u00fcn Kastamonu&#8217;da kaset iddialar\u0131yla ilgili yapt\u0131\u011f\u0131 a\u00e7\u0131klamalar\u0131n\u0131 sormas\u0131 \u00fczerine, bu konuda ezbere konu\u015fmay\u0131 \u00e7ok uygun bulmad\u0131\u011f\u0131n\u0131, bu y\u00f6ndeki haberleri hen\u00fcz izleme olana\u011f\u0131n\u0131n olmad\u0131\u011f\u0131n\u0131 ifade etti.<\/p>\n<p style=\"text-align: justify;\">&#8221;Bu konuda ezbere bir \u015fey s\u00f6ylemek yanl\u0131\u015f olur. Ki\u015filik haklar\u0131yla alakal\u0131 olur. \u00d6yle bir hassasiyetim var, beni mazur g\u00f6r\u00fcn, konu\u015fmayay\u0131m&#8221; diyen Yaz\u0131c\u0131, ancak genel itibariyle baz\u0131 konulara de\u011finebilece\u011fini belirtti.<\/p>\n<p style=\"text-align: justify;\">Kendisinin siyasetle ilgili \u00f6teden bu yana s\u00f6yledi\u011fi bir \u015fey oldu\u011funu vurgulayan Yaz\u0131c\u0131, \u015f\u00f6yle devam etti:<\/p>\n<p style=\"text-align: justify;\">&#8221;Bunu AK Parti gibi bir partide te\u015fkilat ba\u015fkanl\u0131\u011f\u0131 yapt\u0131\u011f\u0131m 5,5 y\u0131l i\u00e7erisinde her zaman s\u00f6yledim, bakanl\u0131k d\u00f6nemimde de s\u00f6yl\u00fcyorum, \u015fu anda da onu ifade ediyorum. Siyaset g\u00f6n\u00fcll\u00fc bir i\u015ftir, hi\u00e7 kimse kimseyi siyasete zorla sokmaz. Yani biz AK Parti&#8217;de siyaset yapt\u0131ysak g\u00f6n\u00fcll\u00fc olarak yap\u0131yoruz. Bu toplumsal duyarl\u0131l\u0131\u011f\u0131m\u0131z\u0131n g\u00f6stergesi.<\/p>\n<p style=\"text-align: justify;\">Bunun bir ba\u015fka taraf\u0131 da \u015fu. Siyasete giren insan kendi hak ve \u00f6zg\u00fcrl\u00fc\u011f\u00fcn\u00fc, bireysel haklar\u0131n\u0131 kendi r\u0131zas\u0131yla, g\u00f6n\u00fcll\u00fc olarak s\u0131n\u0131rlayan adam demektir. Yani ben siyasete girdim; AK Parti&#8217;de siyaset yap\u0131yorum, i\u015fte ben x partisinde, y partisinde siyaset yap\u0131yorum&#8230; Art\u0131k \u00f6zg\u00fcr de\u011filsiniz, siz \u00f6zelinizi belli \u00f6l\u00e7\u00fcde ba\u015fkalar\u0131na a\u00e7t\u0131n\u0131z art\u0131k, onlar denetleyebilir. \u0130\u015fte \u015fu ya\u015fant\u0131m itibariyle benim \u00f6zelim, bunu soramazs\u0131n\u0131z diyemezsiniz. \u00d6zen g\u00f6stereceksiniz, o t\u00fcr tercihlerinizden vazge\u00e7eceksiniz, \u015fayet o t\u00fcr bir ya\u015fam tarz\u0131n\u0131z varsa o zaman \u00e7ok sorgulay\u0131c\u0131 olan siyasi alana girmeyeceksiniz.<\/p>\n<p style=\"text-align: justify;\">O konular\u0131n yasalara ayk\u0131r\u0131 olarak elde edilmesi ayr\u0131 bir konudur. Elbette ki \u00f6yle bir durum varsa o da su\u00e7tur ve o da sorgulan\u0131r. Ama g\u00f6r\u00fcnt\u00fcde siz varsan\u0131z ve bu da do\u011fruysa elbette ki bunun da etik de\u011ferler a\u00e7\u0131s\u0131ndan bir yapt\u0131r\u0131m\u0131 siyasi anlamda bir sonucu olmas\u0131 laz\u0131m. \u015eu\u00e7 te\u015fkil etmesi ayr\u0131 bir konudur. Teknoloji geli\u015fti, bu bir ara\u00e7 olarak da kullan\u0131l\u0131yor. Bunlara da dikkat etmek gerekiyor diye d\u00fc\u015f\u00fcn\u00fcyorum.&#8221;<\/p>\n<p style=\"text-align: justify;\">Yaz\u0131c\u0131, daha sonra beraberinde Devlet Bakan\u0131 Faruk \u00c7elik ile Bal\u0131kl\u0131g\u00f6l Yerle\u015fkesindeki taziye evlerini ziyaret ettikten sonra g\u00f6ldeki bal\u0131klara yem att\u0131.<\/p>\n<p style=\"text-align: justify;\"><a href=\"http:\/\/www.gazeteport.com.tr\/GUNCEL\/NEWS\/GP_906940\" target=\"_blank\">Kaynak : GAZETEPORT<\/a><\/p>\n","protected":false},"excerpt":{"rendered":"<p style=\"text-align: justify;\">\n<p style=\"text-align: justify;\">Bakan Hayati Yaz\u0131c\u0131 ad\u0131na \u00d6SYM&#8217;ye sahte e-posta atan zanl\u0131 \u0130stanbul&#8217;da yakaland\u0131.Devlet Bakan\u0131 Hayati Yaz\u0131c\u0131, konuya ili\u015fkin, &#8221;Bulunacakt\u0131, bulunur yani&#8230; T\u00fcrkiye&#8217;de teknik \u00e7ok ileri, polisimiz de bu t\u00fcr su\u00e7 i\u015fleyenleri takip etmekte ger\u00e7ekten uzmanla\u015fm\u0131\u015f&#8221; dedi.<\/p>\n","protected":false},"author":1,"featured_media":0,"comment_status":"open","ping_status":"closed","sticky":false,"template":"","format":"standard","meta":{"footnotes":""},"categories":[105],"tags":[],"class_list":["post-33006","post","type-post","status-publish","format-standard","hentry","category-gundem","odd"],"_links":{"self":[{"href":"http:\/\/www.korhanyilmaz.com\/index.php?rest_route=\/wp\/v2\/posts\/33006","targetHints":{"allow":["GET"]}}],"collection":[{"href":"http:\/\/www.korhanyilmaz.com\/index.php?rest_route=\/wp\/v2\/posts"}],"about":[{"href":"http:\/\/www.korhanyilmaz.com\/index.php?rest_route=\/wp\/v2\/types\/post"}],"author":[{"embeddable":true,"href":"http:\/\/www.korhanyilmaz.com\/index.php?rest_route=\/wp\/v2\/users\/1"}],"replies":[{"embeddable":true,"href":"http:\/\/www.korhanyilmaz.com\/index.php?rest_route=%2Fwp%2Fv2%2Fcomments&post=33006"}],"version-history":[{"count":0,"href":"http:\/\/www.korhanyilmaz.com\/index.php?rest_route=\/wp\/v2\/posts\/33006\/revisions"}],"wp:attachment":[{"href":"http:\/\/www.korhanyilmaz.com\/index.php?rest_route=%2Fwp%2Fv2%2Fmedia&parent=33006"}],"wp:term":[{"taxonomy":"category","embeddable":true,"href":"http:\/\/www.korhanyilmaz.com\/index.php?rest_route=%2Fwp%2Fv2%2Fcategories&post=33006"},{"taxonomy":"post_tag","embeddable":true,"href":"http:\/\/www.korhanyilmaz.com\/index.php?rest_route=%2Fwp%2Fv2%2Ftags&post=33006"}],"curies":[{"name":"wp","href":"https:\/\/api.w.org\/{rel}","templated":true}]}}