{"id":32998,"date":"2011-05-17T15:18:15","date_gmt":"2011-05-17T12:18:15","guid":{"rendered":"http:\/\/www.korhanyilmaz.com\/?p=32998"},"modified":"2011-05-17T15:18:15","modified_gmt":"2011-05-17T12:18:15","slug":"mhpye-derin-operasyon-basbakanin-bilgisi-dahilinde","status":"publish","type":"post","link":"http:\/\/www.korhanyilmaz.com\/?p=32998","title":{"rendered":"&#8220;MHP&#8217;ye derin operasyon Ba\u015fbakan&#8217;\u0131n bilgisi dahilinde&#8221;"},"content":{"rendered":"<p style=\"text-align: justify;\"><a href=\"http:\/\/www.korhanyilmaz.com\/wp-content\/uploads\/2011\/05\/235.jpg\"  class=\"lightview\"><img loading=\"lazy\" decoding=\"async\" class=\"size-full wp-image-33002 aligncenter\" src=\"http:\/\/www.korhanyilmaz.com\/wp-content\/uploads\/2011\/05\/235.jpg\" alt=\"\" width=\"300\" height=\"226\" \/><\/a><\/p>\n<p style=\"text-align: justify;\">MHP&#8217;li Oktay Vural, kasetlerle ilgili olarak h\u00fck\u00fcmeti ele\u015ftirerek, &#8221;Geldi\u011fimiz noktada, MHP \u00fczerinde do\u011frudan do\u011fruya Ba\u015fbakan&#8217;\u0131n bilgisi oldu\u011fu derin bir operasyon yap\u0131lmaktad\u0131r&#8221; dedi.<\/p>\n<p style=\"text-align: justify;\">Vural, ayr\u0131ca h\u00fck\u00fcmetin se\u00e7im mitinglerine memurlar\u0131n ta\u015f\u0131nd\u0131\u011f\u0131n\u0131, kat\u0131lmayan\u0131n i\u015ften at\u0131ld\u0131\u011f\u0131n\u0131 ileri s\u00fcrd\u00fc.<!--more--><\/p>\n<p style=\"text-align: justify;\">\u0130ZM\u0130R- MHP Grup Ba\u015fkanvekili Oktay Vural, h\u00fck\u00fcmeti ele\u015ftirerek, &#8221;Geldi\u011fimiz noktada, MHP \u00fczerinde do\u011frudan do\u011fruya Ba\u015fbakan&#8217;\u0131n bilgisi oldu\u011fu derin bir operasyon yap\u0131lmaktad\u0131r&#8221; dedi.<\/p>\n<p style=\"text-align: justify;\">Vural, partisinin \u0130zmir \u0130l Ba\u015fkanl\u0131\u011f\u0131nda d\u00fczenledi\u011fi bas\u0131n toplant\u0131s\u0131nda, Ba\u015fbakan Recep Tayyip Erdo\u011fan&#8217;\u0131n g\u00f6revden ald\u0131\u011f\u0131 bakanlar ve tekrar aday g\u00f6stermedi\u011fi milletvekilleriyle ilgili &#8221;yolsuzluk&#8221; imas\u0131nda bulundu\u011funu s\u00f6yledi. Ba\u015fbakan Erdo\u011fan&#8217;a, yolsuzlu\u011fa kar\u0131\u015fan bakan ve milletvekillerinin ad\u0131n\u0131 a\u00e7\u0131klama \u00e7a\u011fr\u0131s\u0131nda bulunan Vural, \u015funlar\u0131 s\u00f6yledi:<\/p>\n<p style=\"text-align: justify;\">&#8221;Ey cumhuriyet savc\u0131lar\u0131 neredesiniz? Ba\u015fbakan, &#8216;baz\u0131 milletvekili ve bakanlar\u0131 yolsuzluklara bula\u015ft\u0131klar\u0131 i\u00e7in listeye koymad\u0131m&#8217; diyor ama kimse takibat\u0131n\u0131 yapm\u0131yor. Ba\u015fbakan, yolsuzluklara bula\u015fm\u0131\u015f olduklar\u0131n\u0131 ve bo\u011fazlar\u0131na kadar batt\u0131\u011f\u0131n\u0131 itiraf etmi\u015ftir. Bir \u00fclkede, bir bakan\u0131n veya kamu g\u00f6revlisinin yolsuzluk yapmas\u0131n\u0131, kendi i\u00e7 i\u015fi olarak de\u011ferlendiren bir siyasi anlay\u0131\u015f\u0131n\u0131n T\u00fcrkiye&#8217;ye ne hizmeti olur? T\u00fcy\u00fc bitmemi\u015f yetimin hakk\u0131n\u0131 yiyenler, milletin b\u0131rakt\u0131\u011f\u0131 emanetlere ihanet edenler, Ba\u015fbakan taraf\u0131ndan korunmak ve kollanmaktad\u0131r.&#8221;<\/p>\n<p style=\"text-align: justify;\"><strong>&#8220;O AKP&#8217;L\u0130 OBAMA&#8217;YA EN \u00c7OK YARDIM YAPAN K\u0130\u015e\u0130&#8221;<\/strong><\/p>\n<p style=\"text-align: justify;\">MHP&#8217;ye sanal oyunlar oynand\u0131\u011f\u0131n\u0131 ileri s\u00fcrerek, &#8221;\u0130brahim Faruk Bay\u0131nd\u0131r, AKP Meclis \u00fcyeli\u011fi yapm\u0131\u015f m\u0131d\u0131r, Binali Y\u0131ld\u0131r\u0131m g\u00f6r\u00fc\u015ft\u00fc m\u00fc, Ba\u015fbakan&#8217;\u0131n dan\u0131\u015fman\u0131n\u0131n yak\u0131n\u0131nda m\u0131d\u0131r? Bu adam\u0131n kurdu\u011fu \u015firketin orta\u011f\u0131 Yal\u00e7\u0131n Ayasl\u0131, Obama&#8217;ya en fazla se\u00e7im yard\u0131m\u0131 yapan ki\u015fi midir?&#8221; sorular\u0131n\u0131 y\u00f6nelten Vural, &#8221;MHP Genel Merkezi, sahte plakal\u0131 ara\u00e7larla izleniyor, muhalefet dinleniyor, izleniyor, takip ediliyor. \u00c7etelere teslim olmu\u015f h\u00fck\u00fcmet portf\u00f6y\u00fcnden ba\u015fka bir \u015fey de\u011fil. Geldi\u011fimiz noktada, MHP \u00fczerinde do\u011frudan do\u011fruya Ba\u015fbakan&#8217;\u0131n bilgisi oldu\u011fu bir derin operasyon yap\u0131lmaktad\u0131r. Maalesef bunlara kar\u015f\u0131 s\u00f6z s\u00f6yleyecek ya da bunlar\u0131 sorgulayacak bir ortam mevcut de\u011fildir. MHP olarak kararl\u0131l\u0131kla hedefimize ula\u015facak, bu oyunlar\u0131 bozaca\u011f\u0131z. Kimin zafiyeti varsa neyi varsa bunlarla ilgili hatalardan ar\u0131narak milletimizi parlak gelece\u011fe g\u00f6t\u00fcrmeye kararl\u0131y\u0131z&#8221; diye konu\u015ftu.<\/p>\n<p style=\"text-align: justify;\"><strong>&#8220;MEMURLARINI M\u0130T\u0130NGE TA\u015eIYORLAR, G\u0130TMEYEN\u0130 \u0130\u015eTEN ATIYORLAR&#8221;<\/strong><\/p>\n<p style=\"text-align: justify;\">Vural, kamu imkanlar\u0131n\u0131n AK Parti taraf\u0131ndan se\u00e7im \u00e7al\u0131\u015fmalar\u0131nda kullan\u0131ld\u0131\u011f\u0131n\u0131 iddia ederek, \u015f\u00f6yle devam etti:<\/p>\n<p style=\"text-align: justify;\">&#8221;Devletin t\u00fcm imkanlar\u0131, \u0130zmir&#8217;de aday g\u00f6sterilen mobil bakanlar taraf\u0131ndan bize kar\u015f\u0131 ac\u0131mas\u0131zca kullan\u0131lmaktad\u0131r. Kar\u015f\u0131yaka Vapur \u0130skelesi&#8217;ne pankart as\u0131l\u0131yor, \u015fov i\u00e7in PTT ara\u00e7lar\u0131 getiriliyor. Se\u00e7im b\u00fcrosu a\u00e7\u0131l\u0131\u015flar\u0131na, devletin memurlar\u0131n\u0131 kamu ara\u00e7lar\u0131yla getirip y\u0131\u011f\u0131yorlar. Kamu misafirhanelerini de kapatm\u0131\u015flar, devletin memurlar\u0131 \u00e7al\u0131\u015f\u0131yorlar. Biz, devlete kar\u015f\u0131 m\u0131 politika yapaca\u011f\u0131z, yoksa kar\u015f\u0131m\u0131zda parti mi var? Ula\u015ft\u0131rma Bakanl\u0131\u011f\u0131 ara\u00e7lar\u0131n\u0131, kendi siyasi ama\u00e7lar\u0131 i\u00e7in kullan\u0131yorlar. Atat\u00fcrk E\u011fitim ve Ara\u015ft\u0131rma Hastanesinde \u015firket elemanlar\u0131n\u0131 se\u00e7im \u00e7al\u0131\u015fmas\u0131nda mecburi kullan\u0131yorlar, gitmeyeni i\u015ften at\u0131yorlar. Andolsun, bunlar\u0131n hesab\u0131 sorulacak. Devlet imkanlar\u0131n\u0131, tehdit ve \u015fantajla kullan\u0131p zorla tercihleri de\u011fi\u015ftirmek isteyenlere ya da yapmad\u0131klar\u0131 hizmetleri yapacak gibi g\u00f6sterenlere kar\u015f\u0131 \u0130zmir&#8217;in nas\u0131l cumhuriyetin kalesi oldu\u011funu, sand\u0131klar g\u00f6sterecektir.&#8221;<\/p>\n<p style=\"text-align: justify;\"><strong>&#8221;PROMTERLER K\u0130ME A\u0130T?&#8221;<\/strong><\/p>\n<p style=\"text-align: justify;\">Vural, yan\u0131ndaki tablet bilgisayar arac\u0131l\u0131\u011f\u0131yla bas\u0131n mensuplar\u0131na Ba\u015fbakan Erdo\u011fan&#8217;\u0131n Antalya mitingindeki konu\u015fmas\u0131ndan bir b\u00f6l\u00fcm\u00fc izleterek, \u015f\u00f6yle konu\u015ftu:<\/p>\n<p style=\"text-align: justify;\">&#8221;G\u00f6rd\u00fc\u011f\u00fcn\u00fcz gibi \u00f6n\u00fcndeki prompterden, ula\u015ft\u0131rma alan\u0131ndaki yat\u0131r\u0131mlarla ilgili bilgileri okuyamad\u0131\u011f\u0131 i\u00e7in mitingde uzun s\u00fcre sessiz kal\u0131yor, konu\u015fam\u0131yor; prompter \u00e7al\u0131\u015f\u0131nca, Ba\u015fbakan yine \u00fcf\u00fcr\u00fcyor. Promterler kime ait? Bah\u00e7eli&#8217;ye, MHP&#8217;ye, vergilerimizle ald\u0131\u011f\u0131n ara\u00e7larla dil uzat\u0131yorsun. Ba\u015fbakan, \u00f6n\u00fcne konulan\u0131 ancak okuyabilir, o da okuyabilirse. Ba\u015fbakan, \u015fu k\u0131lavuzlar\u0131n\u0131 de\u011fi\u015ftir, yoksa b\u00f6yle adam\u0131n nutkunu tuttururlar. Cenab-\u0131 Hakk insan\u0131 b\u00f6yle imtihan eder, adam\u0131 orada dut yemi\u015f b\u00fclb\u00fcle d\u00f6nd\u00fcr\u00fcr. MHP&#8217;ye, Bah\u00e7eli&#8217;ye dil uzat\u0131rsan, daha b\u00f6yle \u00e7ok \u015fey ba\u015f\u0131na gelecek.&#8221;<\/p>\n<p style=\"text-align: justify;\">Kadrolar\u0131 Y\u00d6K&#8217;te olan ancak \u00d6SYM&#8217;de g\u00f6rev yapan 12 ki\u015finin, ihtiya\u00e7 kalmad\u0131\u011f\u0131 i\u00e7in Y\u00d6K&#8217;e g\u00f6nderildi\u011finin hat\u0131rlat\u0131lmas\u0131 \u00fczerine Vural, &#8221;Bu, \u00fcst\u00fc kapatma operasyonudur. Vatanda\u015f, &#8216;\u015fifreciler kim, bu \u015fifreyi da\u011f\u0131tan kim&#8217; sorular\u0131n\u0131n cevab\u0131n\u0131 ar\u0131yor&#8221; dedi.<\/p>\n<p style=\"text-align: justify;\"><a href=\"http:\/\/www.gazeteport.com.tr\/SIYASET\/NEWS\/GP_906371\" target=\"_blank\">Kaynak : GAZETEPORT<\/a><\/p>\n","protected":false},"excerpt":{"rendered":"<p style=\"text-align: justify;\">\n<p style=\"text-align: justify;\">MHP&#8217;li Oktay Vural, kasetlerle ilgili olarak h\u00fck\u00fcmeti ele\u015ftirerek, &#8221;Geldi\u011fimiz noktada, MHP \u00fczerinde do\u011frudan do\u011fruya Ba\u015fbakan&#8217;\u0131n bilgisi oldu\u011fu derin bir operasyon yap\u0131lmaktad\u0131r&#8221; dedi.<\/p>\n<p style=\"text-align: justify;\">Vural, ayr\u0131ca h\u00fck\u00fcmetin se\u00e7im mitinglerine memurlar\u0131n ta\u015f\u0131nd\u0131\u011f\u0131n\u0131, kat\u0131lmayan\u0131n i\u015ften at\u0131ld\u0131\u011f\u0131n\u0131 ileri s\u00fcrd\u00fc.<\/p>\n","protected":false},"author":1,"featured_media":0,"comment_status":"open","ping_status":"closed","sticky":false,"template":"","format":"standard","meta":{"footnotes":""},"categories":[105],"tags":[],"class_list":["post-32998","post","type-post","status-publish","format-standard","hentry","category-gundem","odd"],"_links":{"self":[{"href":"http:\/\/www.korhanyilmaz.com\/index.php?rest_route=\/wp\/v2\/posts\/32998","targetHints":{"allow":["GET"]}}],"collection":[{"href":"http:\/\/www.korhanyilmaz.com\/index.php?rest_route=\/wp\/v2\/posts"}],"about":[{"href":"http:\/\/www.korhanyilmaz.com\/index.php?rest_route=\/wp\/v2\/types\/post"}],"author":[{"embeddable":true,"href":"http:\/\/www.korhanyilmaz.com\/index.php?rest_route=\/wp\/v2\/users\/1"}],"replies":[{"embeddable":true,"href":"http:\/\/www.korhanyilmaz.com\/index.php?rest_route=%2Fwp%2Fv2%2Fcomments&post=32998"}],"version-history":[{"count":0,"href":"http:\/\/www.korhanyilmaz.com\/index.php?rest_route=\/wp\/v2\/posts\/32998\/revisions"}],"wp:attachment":[{"href":"http:\/\/www.korhanyilmaz.com\/index.php?rest_route=%2Fwp%2Fv2%2Fmedia&parent=32998"}],"wp:term":[{"taxonomy":"category","embeddable":true,"href":"http:\/\/www.korhanyilmaz.com\/index.php?rest_route=%2Fwp%2Fv2%2Fcategories&post=32998"},{"taxonomy":"post_tag","embeddable":true,"href":"http:\/\/www.korhanyilmaz.com\/index.php?rest_route=%2Fwp%2Fv2%2Ftags&post=32998"}],"curies":[{"name":"wp","href":"https:\/\/api.w.org\/{rel}","templated":true}]}}