{"id":32981,"date":"2011-05-18T15:21:29","date_gmt":"2011-05-18T12:21:29","guid":{"rendered":"http:\/\/www.korhanyilmaz.com\/?p=32981"},"modified":"2011-05-18T15:21:29","modified_gmt":"2011-05-18T12:21:29","slug":"4-parti-demirele-destek-icin-bir-oldu","status":"publish","type":"post","link":"http:\/\/www.korhanyilmaz.com\/?p=32981","title":{"rendered":"4 parti Demirel&#8217;e destek i\u00e7in bir oldu"},"content":{"rendered":"<p style=\"text-align: justify;\"><a href=\"http:\/\/www.korhanyilmaz.com\/wp-content\/uploads\/2011\/05\/234.jpg\"  class=\"lightview\"><img loading=\"lazy\" decoding=\"async\" class=\"aligncenter size-full wp-image-32982\" src=\"http:\/\/www.korhanyilmaz.com\/wp-content\/uploads\/2011\/05\/234.jpg\" alt=\"\" width=\"320\" height=\"214\" \/><\/a><\/p>\n<p style=\"text-align: justify;\">Isparta&#8217;da 4 parti, Ba\u015fbakan Erdo\u011fan&#8217;\u0131n 9. Cumhurba\u015fkan\u0131 S\u00fcleyman Demirel i\u00e7in sarf etti\u011fi s\u00f6zleri protesto i\u00e7in &#8220;Demirel&#8217;e sahip \u00e7\u0131kal\u0131m&#8221; mitingi d\u00fczenleme karar\u0131 ald\u0131.<\/p>\n<p style=\"text-align: justify;\">Demokrat Parti (DP) \u0130l Ba\u015fkan\u0131 H\u00fcseyin Dede, Demirel\u2019e y\u00f6nelik hakarete varan s\u00f6zlerden rahats\u0131z olduklar\u0131n\u0131 belirterek, \u2019Demirel\u2019e sahip \u00e7\u0131kma\u2019 \u00e7a\u011fr\u0131s\u0131nda bulundu. Bu \u00e7a\u011fr\u0131ya CHP, MHP ve BBP\u2019den olumlu kar\u015f\u0131l\u0131k geldi. DP\u2019nin organizasyonuyla 4 parti, sivil toplum ve halk\u0131n da deste\u011fini alarak 25 May\u0131s\u2019ta \u2019Isparta Demirel\u2019e sahip \u00e7\u0131k\u0131yor\u2019 mitingi d\u00fczenlemeye haz\u0131rlan\u0131yor. <!--more--><\/p>\n<p style=\"text-align: justify;\"><strong>\u2019BA\u015eBAKAN BUHRAN \u0130\u00c7\u0130NDE\u2019<\/strong><\/p>\n<p style=\"text-align: justify;\">DP \u0130l Ba\u015fkan\u0131 H\u00fcseyin Dede, S\u00fcleyman Demirel\u2019in siyasetle uzaktan yak\u0131ndan alakas\u0131 olmad\u0131\u011f\u0131n\u0131 s\u00f6yledi. Dede, &#8220;Say\u0131n Cumhurba\u015fkan\u0131m\u0131z, sadece su\u00e7u olmad\u0131\u011f\u0131na inand\u0131\u011f\u0131 Mehmet Haberal\u2019a destek oldu\u011funu beyan etmi\u015ftir. Bu CHP\u2019yi destekledi\u011fi anlam\u0131na gelmez&#8221; dedi.<\/p>\n<p style=\"text-align: justify;\">BBP \u0130l Ba\u015fkan\u0131 \u00d6zcan Battal, Demirel\u2019e s\u00f6zl\u00fc sald\u0131r\u0131ya sessiz kal\u0131namayaca\u011f\u0131n\u0131 a\u00e7\u0131klad\u0131. Battal, &#8220;Say\u0131n b\u00fcy\u00fc\u011f\u00fcm\u00fcze yap\u0131lan ele\u015ftiriler AK Parti\u2019nin bekledi\u011fi oy oran\u0131n\u0131 alamayaca\u011f\u0131n\u0131 ortaya koymaktad\u0131r. Anti Demirel politikas\u0131 yaparak se\u00e7menden oy alabilece\u011fi hesaplar\u0131 yapmas\u0131 herhalde dan\u0131\u015fmanlar\u0131 taraf\u0131ndan Ba\u015fbakan\u2019a s\u00f6ylendi. Say\u0131n Demirel bir\u00e7ok ba\u015fbakan, cumhurba\u015fkan\u0131 gibi \u00fclkemize b\u00fcy\u00fck hizmetler vermi\u015ftir. Hatalar\u0131 kusurlar\u0131 elbette vard\u0131r. Ama T\u00fcrkiye\u2019nin her yerinde izi vard\u0131r&#8221; diye konu\u015ftu.<\/p>\n<p style=\"text-align: justify;\"><strong>\u2019KEND\u0130S\u0130N\u0130 SON PAD\u0130\u015eAH G\u00d6R\u00dcYOR\u2019<\/strong><\/p>\n<p style=\"text-align: justify;\">MHP \u0130l Ba\u015fkan\u0131 \u0130sa Yal\u00e7\u0131n da, &#8220;Ba\u015fbakan kendisini son padi\u015fah olarak g\u00f6rmektedir. B\u00f6yle bir insan\u0131n bu \u00fclkede herkesin sevdi\u011fi, takdir etti\u011fi, siyaset \u00fcst\u00fcnde g\u00f6rd\u00fc\u011f\u00fc bir devlet adam\u0131na kar\u015f\u0131 rahats\u0131zl\u0131k duymas\u0131 gayet normaldir. Ama bu \u00fclkenin evlatlar\u0131 bunu ho\u015f g\u00f6rmeyecektir&#8221; dedi.<\/p>\n<p style=\"text-align: justify;\">CHP \u0130l Ba\u015fkan\u0131 Yusuf Erdo\u011fan ise AK Parti\u2019nin Demirel\u2019in Isparta\u2019ya verdi\u011fi hizmetlerle ge\u00e7inerek bug\u00fcnlere geldi\u011fini s\u00f6yledi. Ba\u015fbakan\u2019\u0131n ge\u00e7mi\u015fte hizmet edenleri k\u00f6t\u00fcleyerek bir yere varmaya \u00e7al\u0131\u015ft\u0131\u011f\u0131n\u0131 \u00f6ne s\u00fcren Erdo\u011fan, &#8220;T\u00fcrkiye\u2019ye \u00f6mr\u00fcn\u00fc vermi\u015f birine kar\u015f\u0131 yap\u0131lan sald\u0131r\u0131y\u0131 elbette k\u0131n\u0131yoruz. En az\u0131ndan ya\u015fl\u0131ya sayg\u0131n\u0131z olsun. AKP iktidar\u0131, bug\u00fcne kadar say\u0131n Demirel\u2019in Isparta\u2019ya verdi\u011fi hizmetlerle ge\u00e7indi\u011fini unutmas\u0131n. Laf sahibine yak\u0131\u015f\u0131r. \u0130n\u015fallah say\u0131n Ba\u015fbakan da say\u0131n Demirel\u2019in ya\u015f\u0131na gelir de onu da g\u00f6r\u00fcr\u00fcz&#8221; diye konu\u015ftu.<\/p>\n<p style=\"text-align: justify;\"><a href=\"http:\/\/www.radikal.com.tr\/Radikal.aspx?aType=RadikalDetayV3&amp;ArticleID=1049714&amp;CategoryID=78\" target=\"_blank\">Kaynak : Radikal<\/a><\/p>\n","protected":false},"excerpt":{"rendered":"<p style=\"text-align: justify;\">\n<p style=\"text-align: justify;\">Isparta&#8217;da 4 parti, Ba\u015fbakan Erdo\u011fan&#8217;\u0131n 9. Cumhurba\u015fkan\u0131 S\u00fcleyman Demirel i\u00e7in sarf etti\u011fi s\u00f6zleri protesto i\u00e7in &#8220;Demirel&#8217;e sahip \u00e7\u0131kal\u0131m&#8221; mitingi d\u00fczenleme karar\u0131 ald\u0131.<\/p>\n<p style=\"text-align: justify;\">Demokrat Parti (DP) \u0130l Ba\u015fkan\u0131 H\u00fcseyin Dede, Demirel\u2019e y\u00f6nelik hakarete varan s\u00f6zlerden rahats\u0131z olduklar\u0131n\u0131 belirterek, \u2019Demirel\u2019e sahip \u00e7\u0131kma\u2019 \u00e7a\u011fr\u0131s\u0131nda bulundu. Bu \u00e7a\u011fr\u0131ya CHP, MHP ve BBP\u2019den <\/p>\n","protected":false},"author":1,"featured_media":0,"comment_status":"open","ping_status":"closed","sticky":false,"template":"","format":"standard","meta":{"footnotes":""},"categories":[105],"tags":[],"class_list":["post-32981","post","type-post","status-publish","format-standard","hentry","category-gundem","odd"],"_links":{"self":[{"href":"http:\/\/www.korhanyilmaz.com\/index.php?rest_route=\/wp\/v2\/posts\/32981","targetHints":{"allow":["GET"]}}],"collection":[{"href":"http:\/\/www.korhanyilmaz.com\/index.php?rest_route=\/wp\/v2\/posts"}],"about":[{"href":"http:\/\/www.korhanyilmaz.com\/index.php?rest_route=\/wp\/v2\/types\/post"}],"author":[{"embeddable":true,"href":"http:\/\/www.korhanyilmaz.com\/index.php?rest_route=\/wp\/v2\/users\/1"}],"replies":[{"embeddable":true,"href":"http:\/\/www.korhanyilmaz.com\/index.php?rest_route=%2Fwp%2Fv2%2Fcomments&post=32981"}],"version-history":[{"count":0,"href":"http:\/\/www.korhanyilmaz.com\/index.php?rest_route=\/wp\/v2\/posts\/32981\/revisions"}],"wp:attachment":[{"href":"http:\/\/www.korhanyilmaz.com\/index.php?rest_route=%2Fwp%2Fv2%2Fmedia&parent=32981"}],"wp:term":[{"taxonomy":"category","embeddable":true,"href":"http:\/\/www.korhanyilmaz.com\/index.php?rest_route=%2Fwp%2Fv2%2Fcategories&post=32981"},{"taxonomy":"post_tag","embeddable":true,"href":"http:\/\/www.korhanyilmaz.com\/index.php?rest_route=%2Fwp%2Fv2%2Ftags&post=32981"}],"curies":[{"name":"wp","href":"https:\/\/api.w.org\/{rel}","templated":true}]}}