{"id":32977,"date":"2011-05-18T17:33:06","date_gmt":"2011-05-18T14:33:06","guid":{"rendered":"http:\/\/www.korhanyilmaz.com\/?p=32977"},"modified":"2011-05-18T17:33:06","modified_gmt":"2011-05-18T14:33:06","slug":"%e2%80%98golcuk-belgeleri%e2%80%99-icin-iddianame-hazir","status":"publish","type":"post","link":"http:\/\/www.korhanyilmaz.com\/?p=32977","title":{"rendered":"\u2018G\u00f6lc\u00fck belgeleri\u2019 i\u00e7in iddianame haz\u0131r"},"content":{"rendered":"<p style=\"text-align: justify;\"><a href=\"http:\/\/www.korhanyilmaz.com\/wp-content\/uploads\/2011\/05\/233.jpg\"  class=\"lightview\"><img loading=\"lazy\" decoding=\"async\" class=\"aligncenter size-full wp-image-32978\" title=\"\" src=\"http:\/\/www.korhanyilmaz.com\/wp-content\/uploads\/2011\/05\/233.jpg\" alt=\"\" width=\"272\" height=\"204\" \/><\/a><\/p>\n<p style=\"text-align: justify;\">G\u00f6lc\u00fck Donanma Komutanl\u0131\u011f\u0131\u2019nda ele ge\u00e7irilen belgelere ili\u015fkin y\u00fcr\u00fct\u00fclen soru\u015fturma tamamlanarak 10 \u015f\u00fcpheli hakk\u0131nda iddianame haz\u0131rland\u0131.<\/p>\n<p style=\"text-align: justify;\">\u0130STANBUL &#8211; \u00d6zel yetkili \u0130stanbul Cumhuriyet Savc\u0131s\u0131 H\u00fcseyin Aksoy, G\u00f6lc\u00fck Donanma Komutanl\u0131\u011f\u0131\u2019nda ele ge\u00e7irilen belgelere ili\u015fkin y\u00fcr\u00fctt\u00fc\u011f\u00fc soru\u015fturmay\u0131 tamamlad\u0131. <!--more--><\/p>\n<p style=\"text-align: justify;\">Savc\u0131 Aksoy, soru\u015fturma kapsam\u0131nda tutuklanan \u015f\u00fcpheliler Beh\u00e7et Alt\u0131nta\u015f, Kemalettin Yakar, Erdin\u00e7 Y\u0131ld\u0131z ve Mehmet Can \u00c7a\u011flar ile tutuksuz \u015f\u00fcpheliler G\u00fcney Deniz Saha Komutan\u0131 Koramiral Kadir Sa\u011fd\u0131\u00e7, Deniz Kurmay K\u0131demli Albay Ali T\u00fcrk\u015fen, Halil Cura, \u0130smail Bak, H\u00fcseyin Han\u00e7er ve Tanju Veli Ayd\u0131n hakk\u0131nda haz\u0131rlad\u0131\u011f\u0131 97 sayfal\u0131k iddianame, Ulusal Yarg\u0131 A\u011f\u0131 Projesi (UYAP) \u00fczerinden \u0130stanbul A\u011f\u0131r Ceza Mahkemesi\u2019ne g\u00f6nderildi.<\/p>\n<p style=\"text-align: justify;\">\u0130ddianamede, Sa\u011fd\u0131\u00e7, T\u00fcrk\u015fen, Cura, Han\u00e7er ve Bak&#8217;\u0131n &#8221;Cebir ve \u015fiddet kullanarak T\u00fcrkiye B\u00fcy\u00fck Millet Meclisi\u2019ni ortadan kald\u0131rmaya veya T\u00fcrkiye B\u00fcy\u00fck Millet Meclisi\u2019nin g\u00f6revlerini k\u0131smen veya tamamen yapmas\u0131n\u0131 engellemeye te\u015febb\u00fcs etmek&#8221; ile &#8221;Cebir ve \u015fiddet kullanarak T\u00fcrkiye Cumhuriyeti H\u00fck\u00fcmeti\u2019ni ortadan kald\u0131rmaya veya g\u00f6revlerini yapmas\u0131n\u0131 k\u0131smen veya tamamen engellemeye te\u015febb\u00fcs etmek&#8221; su\u00e7lar\u0131ndan 2 kez a\u011f\u0131rla\u015ft\u0131r\u0131lm\u0131\u015f m\u00fcebbet hapis cezas\u0131na \u00e7arpt\u0131r\u0131lmas\u0131 istendi.<\/p>\n<p style=\"text-align: justify;\">Han\u00e7er&#8217;in ayr\u0131ca &#8221;silahl\u0131 \u00f6rg\u00fcte \u00fcye olmak&#8221; su\u00e7undan 5 ila 10 y\u0131l aras\u0131nda hapis cezas\u0131na \u00e7arpt\u0131r\u0131lmas\u0131 \u00f6ng\u00f6r\u00fcld\u00fc.<\/p>\n<p style=\"text-align: justify;\">\u0130ddianamede, di\u011fer \u015f\u00fcphelilerin de &#8221;silahl\u0131 \u00f6rg\u00fct \u00fcyesi olmak&#8221; su\u00e7undan 5 ila 10&#8217;ar y\u0131l aras\u0131nda hapis cezas\u0131na \u00e7arpt\u0131r\u0131lmas\u0131 istendi.<\/p>\n<p style=\"text-align: justify;\">Haz\u0131rlanan iddianame mahkemece incelenerek kabul\u00fc ya da reddi konusunda bir karar verilecek.<\/p>\n<p style=\"text-align: justify;\"><a href=\"http:\/\/www.ntvmsnbc.com\/id\/25214468\/\" target=\"_blank\">Kaynak : NTVMSNBC<\/a><\/p>\n","protected":false},"excerpt":{"rendered":"<p style=\"text-align: justify;\">\n<p style=\"text-align: justify;\">G\u00f6lc\u00fck Donanma Komutanl\u0131\u011f\u0131\u2019nda ele ge\u00e7irilen belgelere ili\u015fkin y\u00fcr\u00fct\u00fclen soru\u015fturma tamamlanarak 10 \u015f\u00fcpheli hakk\u0131nda iddianame haz\u0131rland\u0131.<\/p>\n<p style=\"text-align: justify;\">\u0130STANBUL &#8211; \u00d6zel yetkili \u0130stanbul Cumhuriyet Savc\u0131s\u0131 H\u00fcseyin Aksoy, G\u00f6lc\u00fck Donanma Komutanl\u0131\u011f\u0131\u2019nda ele ge\u00e7irilen belgelere ili\u015fkin y\u00fcr\u00fctt\u00fc\u011f\u00fc soru\u015fturmay\u0131 tamamlad\u0131. <\/p>\n","protected":false},"author":1,"featured_media":0,"comment_status":"open","ping_status":"closed","sticky":false,"template":"","format":"standard","meta":{"footnotes":""},"categories":[105],"tags":[],"class_list":["post-32977","post","type-post","status-publish","format-standard","hentry","category-gundem","odd"],"_links":{"self":[{"href":"http:\/\/www.korhanyilmaz.com\/index.php?rest_route=\/wp\/v2\/posts\/32977","targetHints":{"allow":["GET"]}}],"collection":[{"href":"http:\/\/www.korhanyilmaz.com\/index.php?rest_route=\/wp\/v2\/posts"}],"about":[{"href":"http:\/\/www.korhanyilmaz.com\/index.php?rest_route=\/wp\/v2\/types\/post"}],"author":[{"embeddable":true,"href":"http:\/\/www.korhanyilmaz.com\/index.php?rest_route=\/wp\/v2\/users\/1"}],"replies":[{"embeddable":true,"href":"http:\/\/www.korhanyilmaz.com\/index.php?rest_route=%2Fwp%2Fv2%2Fcomments&post=32977"}],"version-history":[{"count":0,"href":"http:\/\/www.korhanyilmaz.com\/index.php?rest_route=\/wp\/v2\/posts\/32977\/revisions"}],"wp:attachment":[{"href":"http:\/\/www.korhanyilmaz.com\/index.php?rest_route=%2Fwp%2Fv2%2Fmedia&parent=32977"}],"wp:term":[{"taxonomy":"category","embeddable":true,"href":"http:\/\/www.korhanyilmaz.com\/index.php?rest_route=%2Fwp%2Fv2%2Fcategories&post=32977"},{"taxonomy":"post_tag","embeddable":true,"href":"http:\/\/www.korhanyilmaz.com\/index.php?rest_route=%2Fwp%2Fv2%2Ftags&post=32977"}],"curies":[{"name":"wp","href":"https:\/\/api.w.org\/{rel}","templated":true}]}}