{"id":32972,"date":"2011-05-18T17:50:20","date_gmt":"2011-05-18T14:50:20","guid":{"rendered":"http:\/\/www.korhanyilmaz.com\/?p=32972"},"modified":"2011-05-18T17:50:20","modified_gmt":"2011-05-18T14:50:20","slug":"guler%e2%80%99den-%e2%80%98gayri-mesru-cocuk%e2%80%99a-yalanlama","status":"publish","type":"post","link":"http:\/\/www.korhanyilmaz.com\/?p=32972","title":{"rendered":"G\u00fcler\u2019den \u2018gayri me\u015fru \u00e7ocuk\u2019a yalanlama"},"content":{"rendered":"<p style=\"text-align: justify;\"><a href=\"http:\/\/www.korhanyilmaz.com\/wp-content\/uploads\/2011\/05\/232.jpg\"  class=\"lightview\"><img loading=\"lazy\" decoding=\"async\" class=\"aligncenter size-full wp-image-32973\" title=\"\" src=\"http:\/\/www.korhanyilmaz.com\/wp-content\/uploads\/2011\/05\/232.jpg\" alt=\"\" width=\"325\" height=\"160\" \/><\/a><\/p>\n<p style=\"text-align: justify;\">AK Parti Milletvekili Hilmi G\u00fcler, bir gazetede yer alan evlilik d\u0131\u015f\u0131 ili\u015fkiden \u00e7ocu\u011fu oldu\u011funa dair iddialar\u0131n do\u011fru olmad\u0131\u011f\u0131n\u0131 s\u00f6yledi.<\/p>\n<p style=\"text-align: justify;\">ANKARA &#8211; Yeni\u00e7a\u011f gazetesi k\u00f6\u015fe yazar\u0131 Sabahattin \u00d6nkibar\u2019\u0131n gayri me\u015fru \u00e7ocu\u011fu oldu\u011funu iddia etti\u011fi AK Parti Ordu Milletvekili Hilmi G\u00fcler, yaz\u0131l\u0131 bir a\u00e7\u0131klama yaparak bunun do\u011fru olmad\u0131\u011f\u0131n\u0131 s\u00f6yledi. <!--more--><\/p>\n<p style=\"text-align: justify;\">Sabahattin \u00d6nkibar\u2019\u0131 bizzat arad\u0131\u011f\u0131n\u0131 belirten G\u00fcler, gazetecinin yan\u0131lt\u0131ld\u0131\u011f\u0131n\u0131 kabul etti\u011fini bildirdi.<\/p>\n<p style=\"text-align: justify;\">Eski Enerji Bakan\u0131 G\u00fcler, a\u00e7\u0131klamas\u0131nda \u015f\u00f6yle dedi:<\/p>\n<p style=\"text-align: justify;\">&#8221;Yeni\u00e7a\u011f Gazetesi 18.05.2011 g\u00fcnl\u00fc yay\u0131n\u0131nda k\u00f6\u015fe yazar\u0131 olarak yaz\u0131 yazan <span style=\"background-color: #ffffff;\"><span style=\"background-color: #ffffff;\">Sabahattin \u00d6nkibar&#8217;\u0131n g\u00fcnl\u00fck k\u00f6\u015fe yaz\u0131s\u0131nda<\/span><\/span>\u015fahs\u0131mla ilgili ger\u00e7ek olmayan bilgilere yer verilmi\u015f ve su\u00e7lay\u0131c\u0131 ifadeler kullan\u0131lm\u0131\u015ft\u0131r. Yaz\u0131n\u0131n yay\u0131n\u0131n\u0131 takiben k\u00f6\u015fe yazar\u0131 taraf\u0131mca aranm\u0131\u015f ve kendisine bu bilgilerin do\u011fru olmad\u0131\u011f\u0131 ifade edilmi\u015ftir. Kendisi de bu konuda yan\u0131lt\u0131lm\u0131\u015f oldu\u011funu kabul etmi\u015f ve acilen bu haberi d\u00fczeltece\u011fini bildirmi\u015ftir.<\/p>\n<p style=\"text-align: justify;\">Durumun hassasiyeti nedeni ile bu konuda kamuoyuna a\u00e7\u0131klama yapmak zorunlulu\u011fu olu\u015fmu\u015ftur. Ger\u00e7ek d\u0131\u015f\u0131 haberi yazan, g\u00f6rsel, bas\u0131l\u0131 ve internet ortam\u0131nda haberi al\u0131nt\u0131 yaparak yay\u0131nlayan ve yay\u0131nlayacaklara ayr\u0131ca siyasi ve ba\u015fkaca ama\u00e7lar i\u00e7in kullanacaklara kar\u015f\u0131 cezai, hukuki ve ki\u015fisel, yasal haklar\u0131m\u0131 sakl\u0131 tutarak, k\u00f6\u015fe yaz\u0131s\u0131 i\u00e7eri\u011finin ger\u00e7ekleri yans\u0131tmad\u0131\u011f\u0131n\u0131 kamuoyunun bilgisine sunar\u0131m.&#8221;<\/p>\n<p style=\"text-align: justify;\">Yeni\u00e7a\u011f gazetesi yazar\u0131 Sabahattin \u00d6nkibar, Hilmi G\u00fcler\u2019in evlilik d\u0131\u015f\u0131 ili\u015fkiden bir \u00e7ocu\u011fu oldu\u011fu bilgisini kendisinin birinci e\u015finin yak\u0131nlar\u0131ndan \u00f6\u011frendi\u011fini yazm\u0131\u015ft\u0131.<\/p>\n<p style=\"text-align: justify;\"><span style=\"text-decoration: underline;\">Konuyu ara\u015ft\u0131rd\u0131\u011f\u0131n\u0131 ifade eden \u00d6nkibar, bu durumu teyid etti\u011fini de ifade etmi\u015fti.<\/span> <a href=\"http:\/\/www.yg.yenicaggazetesi.com.tr\/yazargoster.php?haber=18308\" target=\"_blank\"><span style=\"font-size: large; background-color: #ffff00;\">\u00bb<\/span><\/a><\/p>\n<p style=\"text-align: justify;\"><a href=\"http:\/\/www.ntvmsnbc.com\/id\/25214470\/\" target=\"_blank\">Kaynak : ntvmsnbc<\/a><\/p>\n","protected":false},"excerpt":{"rendered":"<p style=\"text-align: justify;\">\n<p style=\"text-align: justify;\">AK Parti Milletvekili Hilmi G\u00fcler, bir gazetede yer alan evlilik d\u0131\u015f\u0131 ili\u015fkiden \u00e7ocu\u011fu oldu\u011funa dair iddialar\u0131n do\u011fru olmad\u0131\u011f\u0131n\u0131 s\u00f6yledi.<\/p>\n<p style=\"text-align: justify;\">ANKARA &#8211; Yeni\u00e7a\u011f gazetesi k\u00f6\u015fe yazar\u0131 Sabahattin \u00d6nkibar\u2019\u0131n gayri me\u015fru \u00e7ocu\u011fu oldu\u011funu iddia etti\u011fi AK Parti Ordu Milletvekili Hilmi G\u00fcler, yaz\u0131l\u0131 bir a\u00e7\u0131klama yaparak bunun do\u011fru olmad\u0131\u011f\u0131n\u0131 s\u00f6yledi. <\/p>\n","protected":false},"author":1,"featured_media":0,"comment_status":"open","ping_status":"closed","sticky":false,"template":"","format":"standard","meta":{"footnotes":""},"categories":[105],"tags":[],"class_list":["post-32972","post","type-post","status-publish","format-standard","hentry","category-gundem","odd"],"_links":{"self":[{"href":"http:\/\/www.korhanyilmaz.com\/index.php?rest_route=\/wp\/v2\/posts\/32972","targetHints":{"allow":["GET"]}}],"collection":[{"href":"http:\/\/www.korhanyilmaz.com\/index.php?rest_route=\/wp\/v2\/posts"}],"about":[{"href":"http:\/\/www.korhanyilmaz.com\/index.php?rest_route=\/wp\/v2\/types\/post"}],"author":[{"embeddable":true,"href":"http:\/\/www.korhanyilmaz.com\/index.php?rest_route=\/wp\/v2\/users\/1"}],"replies":[{"embeddable":true,"href":"http:\/\/www.korhanyilmaz.com\/index.php?rest_route=%2Fwp%2Fv2%2Fcomments&post=32972"}],"version-history":[{"count":0,"href":"http:\/\/www.korhanyilmaz.com\/index.php?rest_route=\/wp\/v2\/posts\/32972\/revisions"}],"wp:attachment":[{"href":"http:\/\/www.korhanyilmaz.com\/index.php?rest_route=%2Fwp%2Fv2%2Fmedia&parent=32972"}],"wp:term":[{"taxonomy":"category","embeddable":true,"href":"http:\/\/www.korhanyilmaz.com\/index.php?rest_route=%2Fwp%2Fv2%2Fcategories&post=32972"},{"taxonomy":"post_tag","embeddable":true,"href":"http:\/\/www.korhanyilmaz.com\/index.php?rest_route=%2Fwp%2Fv2%2Ftags&post=32972"}],"curies":[{"name":"wp","href":"https:\/\/api.w.org\/{rel}","templated":true}]}}